{"id":658,"date":"2016-06-08T13:09:59","date_gmt":"2016-06-08T12:09:59","guid":{"rendered":"http:\/\/agora.xtec.cat\/iescollblanc\/?p=658"},"modified":"2016-06-10T10:37:15","modified_gmt":"2016-06-10T09:37:15","slug":"intercanvi-amb-sittensen-alemanya","status":"publish","type":"post","link":"https:\/\/agora.xtec.cat\/iescollblanc\/eso\/intercanvi-amb-sittensen-alemanya\/","title":{"rendered":"Intercanvi amb Sittensen (Alemanya)"},"content":{"rendered":"<p style=\"text-align: justify;\"><a href=\"http:\/\/agora.xtec.cat\/iescollblanc\/wp-content\/uploads\/usu1217\/2016\/06\/Sittensen.jpg\" rel=\"attachment wp-att-659\"><img loading=\"lazy\" decoding=\"async\" class=\"wp-image-659 alignleft\" src=\"http:\/\/agora.xtec.cat\/iescollblanc\/wp-content\/uploads\/usu1217\/2016\/06\/Sittensen-1024x768.jpg\" alt=\"Sittensen\" width=\"314\" height=\"235\" srcset=\"https:\/\/agora.xtec.cat\/iescollblanc\/wp-content\/uploads\/usu1217\/2016\/06\/Sittensen-1024x768.jpg 1024w, https:\/\/agora.xtec.cat\/iescollblanc\/wp-content\/uploads\/usu1217\/2016\/06\/Sittensen-300x225.jpg 300w, https:\/\/agora.xtec.cat\/iescollblanc\/wp-content\/uploads\/usu1217\/2016\/06\/Sittensen-768x576.jpg 768w, https:\/\/agora.xtec.cat\/iescollblanc\/wp-content\/uploads\/usu1217\/2016\/06\/Sittensen-200x150.jpg 200w, https:\/\/agora.xtec.cat\/iescollblanc\/wp-content\/uploads\/usu1217\/2016\/06\/Sittensen.jpg 1600w\" sizes=\"auto, (max-width: 314px) 100vw, 314px\" \/><\/a><\/p>\n<p style=\"text-align: justify;\">Aquest curs hem iniciat un intercanvi amb alumnes alemanys, concretament amb nois i noies de la ciutat de Sittensen. All\u00ed es troben un grup de 19 alumnes de l\u2019institut Collblanc.<\/p>\n<p style=\"text-align: justify;\">A m\u00e9s a m\u00e9s de participar en l\u2019activitat lectiva i l\u2019aprenentatge de la llengua, els nois i noies catalans, tots ells de 3r ESO, podran gaudir de totes les activitats de la ciutat alemanya.<\/p>\n<p style=\"text-align: justify;\">Cal dir que tamb\u00e9 aprofitaran per visitar altres indrets d\u2019inter\u00e8s, com la ciutat de Bremen o el parc d\u2019atraccions de Heyden, el major d\u2019Alemanya.<\/p>\n<p style=\"text-align: justify;\">Per la seva part, al setembre, l\u2019alumnat alemany tindr\u00e0 la possibilitat de realitzar una estada a Tarragona i viure el dia a dia al nostre l\u2019institut, aix\u00ed com\u00a0 rebre classes de refor\u00e7 i ampliaci\u00f3 de castell\u00e0<\/p>\n","protected":false},"excerpt":{"rendered":"<p>Aquest curs hem iniciat un intercanvi amb alumnes alemanys, concretament amb nois i noies de la ciutat de Sittensen. All\u00ed [&hellip;]<\/p>\n","protected":false},"author":1,"featured_media":659,"comment_status":"open","ping_status":"open","sticky":false,"template":"","format":"standard","meta":{"_bbp_topic_count":0,"_bbp_reply_count":0,"_bbp_total_topic_count":0,"_bbp_total_reply_count":0,"_bbp_voice_count":0,"_bbp_anonymous_reply_count":0,"_bbp_topic_count_hidden":0,"_bbp_reply_count_hidden":0,"_bbp_forum_subforum_count":0,"site-sidebar-layout":"default","site-content-layout":"","ast-site-content-layout":"","site-content-style":"default","site-sidebar-style":"default","ast-global-header-display":"","ast-banner-title-visibility":"","ast-main-header-display":"","ast-hfb-above-header-display":"","ast-hfb-below-header-display":"","ast-hfb-mobile-header-display":"","site-post-title":"","ast-breadcrumbs-content":"","ast-featured-img":"","footer-sml-layout":"","theme-transparent-header-meta":"","adv-header-id-meta":"","stick-header-meta":"","header-above-stick-meta":"","header-main-stick-meta":"","header-below-stick-meta":"","astra-migrate-meta-layouts":"default","ast-page-background-enabled":"default","ast-page-background-meta":{"desktop":{"background-color":"var(--ast-global-color-4)","background-image":"","background-repeat":"repeat","background-position":"center center","background-size":"auto","background-attachment":"scroll","background-type":"","background-media":"","overlay-type":"","overlay-color":"","overlay-opacity":"","overlay-gradient":""},"tablet":{"background-color":"","background-image":"","background-repeat":"repeat","background-position":"center center","background-size":"auto","background-attachment":"scroll","background-type":"","background-media":"","overlay-type":"","overlay-color":"","overlay-opacity":"","overlay-gradient":""},"mobile":{"background-color":"","background-image":"","background-repeat":"repeat","background-position":"center center","background-size":"auto","background-attachment":"scroll","background-type":"","background-media":"","overlay-type":"","overlay-color":"","overlay-opacity":"","overlay-gradient":""}},"ast-content-background-meta":{"desktop":{"background-color":"var(--ast-global-color-5)","background-image":"","background-repeat":"repeat","background-position":"center center","background-size":"auto","background-attachment":"scroll","background-type":"","background-media":"","overlay-type":"","overlay-color":"","overlay-opacity":"","overlay-gradient":""},"tablet":{"background-color":"var(--ast-global-color-5)","background-image":"","background-repeat":"repeat","background-position":"center center","background-size":"auto","background-attachment":"scroll","background-type":"","background-media":"","overlay-type":"","overlay-color":"","overlay-opacity":"","overlay-gradient":""},"mobile":{"background-color":"var(--ast-global-color-5)","background-image":"","background-repeat":"repeat","background-position":"center center","background-size":"auto","background-attachment":"scroll","background-type":"","background-media":"","overlay-type":"","overlay-color":"","overlay-opacity":"","overlay-gradient":""}},"footnotes":""},"categories":[3,6,29],"tags":[],"class_list":["post-658","post","type-post","status-publish","format-standard","has-post-thumbnail","hentry","category-eso","category-eso-3","category-noticies-portada"],"post_mailing_queue_ids":[],"_links":{"self":[{"href":"https:\/\/agora.xtec.cat\/iescollblanc\/wp-json\/wp\/v2\/posts\/658","targetHints":{"allow":["GET"]}}],"collection":[{"href":"https:\/\/agora.xtec.cat\/iescollblanc\/wp-json\/wp\/v2\/posts"}],"about":[{"href":"https:\/\/agora.xtec.cat\/iescollblanc\/wp-json\/wp\/v2\/types\/post"}],"author":[{"embeddable":true,"href":"https:\/\/agora.xtec.cat\/iescollblanc\/wp-json\/wp\/v2\/users\/1"}],"replies":[{"embeddable":true,"href":"https:\/\/agora.xtec.cat\/iescollblanc\/wp-json\/wp\/v2\/comments?post=658"}],"version-history":[{"count":3,"href":"https:\/\/agora.xtec.cat\/iescollblanc\/wp-json\/wp\/v2\/posts\/658\/revisions"}],"predecessor-version":[{"id":677,"href":"https:\/\/agora.xtec.cat\/iescollblanc\/wp-json\/wp\/v2\/posts\/658\/revisions\/677"}],"wp:featuredmedia":[{"embeddable":true,"href":"https:\/\/agora.xtec.cat\/iescollblanc\/wp-json\/wp\/v2\/media\/659"}],"wp:attachment":[{"href":"https:\/\/agora.xtec.cat\/iescollblanc\/wp-json\/wp\/v2\/media?parent=658"}],"wp:term":[{"taxonomy":"category","embeddable":true,"href":"https:\/\/agora.xtec.cat\/iescollblanc\/wp-json\/wp\/v2\/categories?post=658"},{"taxonomy":"post_tag","embeddable":true,"href":"https:\/\/agora.xtec.cat\/iescollblanc\/wp-json\/wp\/v2\/tags?post=658"}],"curies":[{"name":"wp","href":"https:\/\/api.w.org\/{rel}","templated":true}]}}