{"id":975,"date":"2018-02-05T15:41:30","date_gmt":"2018-02-05T14:41:30","guid":{"rendered":"http:\/\/agora.xtec.cat\/iescastelldestela\/?p=975"},"modified":"2018-02-12T08:20:45","modified_gmt":"2018-02-12T07:20:45","slug":"exposicio-sobre-lart-classic-a-linstitut","status":"publish","type":"post","link":"https:\/\/agora.xtec.cat\/iescastelldestela\/general\/exposicio-sobre-lart-classic-a-linstitut\/","title":{"rendered":"Exposici\u00f3 sobre l&#8217;Art Cl\u00e0ssic a l&#8217;institut"},"content":{"rendered":"<p>&nbsp;<\/p>\n<p>Des de fa uns dies es pot veure pels passadissos del 1r i el 2n pis, una exposici\u00f3 sobre l&#8217;art cl\u00e0ssic muntada pels alumnes de 1r de Batxillerat de la mat\u00e8ria de Fonaments de les Arts. L&#8217;exposici\u00f3 est\u00e0 dividida en diferents seccions tem\u00e0tiques, cada una de les quals parla d&#8217;algun q\u00fcesti\u00f3 vinculada a l&#8217;art de l&#8217;antiga Gr\u00e8cia o de l&#8217;antiga Roma: la pres\u00e8ncia de les columnes en la seva arquitectura, les representacions dels emperadors romans, les imatges relacionades amb l&#8217;esport, l&#8217;urbanisme rom\u00e0, els temples i les teatres o les venus.<\/p>\n<p><a href=\"https:\/\/institutcastelldestela.wordpress.com\/2018\/02\/05\/exposicio-sobre-lart-classic-a-linstitut\/img_2734p\/\" rel=\"attachment wp-att-3187\"><img loading=\"lazy\" decoding=\"async\" class=\"alignnone size-full wp-image-3187\" src=\"https:\/\/institutcastelldestela.files.wordpress.com\/2018\/02\/img_2734p.jpg\" alt=\"\" width=\"600\" height=\"400\" \/><\/a> <a href=\"https:\/\/institutcastelldestela.wordpress.com\/2018\/02\/05\/exposicio-sobre-lart-classic-a-linstitut\/img_2742p\/\" rel=\"attachment wp-att-3188\"><img loading=\"lazy\" decoding=\"async\" class=\"alignnone size-full wp-image-3188\" src=\"https:\/\/agora.xtec.cat\/iescastelldestela\/wp-content\/uploads\/usu1648\/2018\/02\/img_2742p.jpg\" alt=\"\" width=\"333\" height=\"500\" srcset=\"https:\/\/agora.xtec.cat\/iescastelldestela\/wp-content\/uploads\/usu1648\/2018\/02\/img_2742p.jpg 333w, https:\/\/agora.xtec.cat\/iescastelldestela\/wp-content\/uploads\/usu1648\/2018\/02\/img_2742p-200x300.jpg 200w\" sizes=\"auto, (max-width: 333px) 100vw, 333px\" \/><\/a> <a href=\"https:\/\/institutcastelldestela.wordpress.com\/2018\/02\/05\/exposicio-sobre-lart-classic-a-linstitut\/img_2749p\/\" rel=\"attachment wp-att-3190\"><img loading=\"lazy\" decoding=\"async\" class=\"alignnone size-full wp-image-3190\" src=\"https:\/\/institutcastelldestela.files.wordpress.com\/2018\/02\/img_2749p.jpg\" alt=\"\" width=\"600\" height=\"400\" \/><\/a> <a href=\"https:\/\/institutcastelldestela.wordpress.com\/2018\/02\/05\/exposicio-sobre-lart-classic-a-linstitut\/img_2755p\/\" rel=\"attachment wp-att-3191\"><img loading=\"lazy\" decoding=\"async\" class=\"alignnone size-full wp-image-3191\" src=\"https:\/\/institutcastelldestela.files.wordpress.com\/2018\/02\/img_2755p.jpg\" alt=\"\" width=\"600\" height=\"400\" \/><\/a> <a href=\"https:\/\/institutcastelldestela.wordpress.com\/2018\/02\/05\/exposicio-sobre-lart-classic-a-linstitut\/img_2767p\/\" rel=\"attachment wp-att-3192\"><img loading=\"lazy\" decoding=\"async\" class=\"alignnone size-full wp-image-3192\" src=\"https:\/\/agora.xtec.cat\/iescastelldestela\/wp-content\/uploads\/usu1648\/2018\/02\/img_2767p.jpg\" alt=\"\" width=\"600\" height=\"400\" srcset=\"https:\/\/agora.xtec.cat\/iescastelldestela\/wp-content\/uploads\/usu1648\/2018\/02\/img_2767p.jpg 600w, https:\/\/agora.xtec.cat\/iescastelldestela\/wp-content\/uploads\/usu1648\/2018\/02\/img_2767p-300x200.jpg 300w\" sizes=\"auto, (max-width: 600px) 100vw, 600px\" \/><\/a> <a href=\"https:\/\/institutcastelldestela.wordpress.com\/2018\/02\/05\/exposicio-sobre-lart-classic-a-linstitut\/img_2777p\/\" rel=\"attachment wp-att-3193\"><img loading=\"lazy\" decoding=\"async\" class=\"alignnone size-full wp-image-3193\" src=\"https:\/\/institutcastelldestela.files.wordpress.com\/2018\/02\/img_2777p.jpg\" alt=\"\" width=\"600\" height=\"400\" \/><\/a><\/p>\n<p>.<\/p>\n<p>.<\/p>\n<p>.<\/p>\n<p>.<\/p>\n<p>&nbsp;<\/p>\n","protected":false},"excerpt":{"rendered":"<p>&nbsp;<br \/>\nDes de fa uns dies es pot veure pels passadissos del 1r i el 2n pis, una exposici\u00f3 sobre l&#8217;art cl\u00e0ssic muntada pels alumnes de 1r de Batxillerat de la mat\u00e8ria de Fonaments de les Arts. L&#8217;exposici\u00f3 est\u00e0 dividida en diferents seccions tem\u00e0tiques, cada una&hellip;  <a href=\"https:\/\/agora.xtec.cat\/iescastelldestela\/general\/exposicio-sobre-lart-classic-a-linstitut\/\" title=\"Read Exposici\u00f3 sobre l&#8217;Art Cl\u00e0ssic a l&#8217;institut\">Llegeix m\u00e9s\u00bb<\/a><\/p>\n","protected":false},"author":1,"featured_media":976,"comment_status":"closed","ping_status":"open","sticky":false,"template":"","format":"standard","meta":{"_bbp_topic_count":0,"_bbp_reply_count":0,"_bbp_total_topic_count":0,"_bbp_total_reply_count":0,"_bbp_voice_count":0,"_bbp_anonymous_reply_count":0,"_bbp_topic_count_hidden":0,"_bbp_reply_count_hidden":0,"_bbp_forum_subforum_count":0,"footnotes":""},"categories":[1,29],"tags":[],"class_list":["post-975","post","type-post","status-publish","format-standard","has-post-thumbnail","hentry","category-general","category-portada"],"post_mailing_queue_ids":[],"_links":{"self":[{"href":"https:\/\/agora.xtec.cat\/iescastelldestela\/wp-json\/wp\/v2\/posts\/975","targetHints":{"allow":["GET"]}}],"collection":[{"href":"https:\/\/agora.xtec.cat\/iescastelldestela\/wp-json\/wp\/v2\/posts"}],"about":[{"href":"https:\/\/agora.xtec.cat\/iescastelldestela\/wp-json\/wp\/v2\/types\/post"}],"author":[{"embeddable":true,"href":"https:\/\/agora.xtec.cat\/iescastelldestela\/wp-json\/wp\/v2\/users\/1"}],"replies":[{"embeddable":true,"href":"https:\/\/agora.xtec.cat\/iescastelldestela\/wp-json\/wp\/v2\/comments?post=975"}],"version-history":[{"count":1,"href":"https:\/\/agora.xtec.cat\/iescastelldestela\/wp-json\/wp\/v2\/posts\/975\/revisions"}],"predecessor-version":[{"id":977,"href":"https:\/\/agora.xtec.cat\/iescastelldestela\/wp-json\/wp\/v2\/posts\/975\/revisions\/977"}],"wp:featuredmedia":[{"embeddable":true,"href":"https:\/\/agora.xtec.cat\/iescastelldestela\/wp-json\/wp\/v2\/media\/976"}],"wp:attachment":[{"href":"https:\/\/agora.xtec.cat\/iescastelldestela\/wp-json\/wp\/v2\/media?parent=975"}],"wp:term":[{"taxonomy":"category","embeddable":true,"href":"https:\/\/agora.xtec.cat\/iescastelldestela\/wp-json\/wp\/v2\/categories?post=975"},{"taxonomy":"post_tag","embeddable":true,"href":"https:\/\/agora.xtec.cat\/iescastelldestela\/wp-json\/wp\/v2\/tags?post=975"}],"curies":[{"name":"wp","href":"https:\/\/api.w.org\/{rel}","templated":true}]}}