{"id":9637,"date":"2023-06-28T11:03:17","date_gmt":"2023-06-28T09:03:17","guid":{"rendered":"https:\/\/agora.xtec.cat\/iescastelldestela\/?p=9637"},"modified":"2023-06-28T11:17:47","modified_gmt":"2023-06-28T09:17:47","slug":"projecte-banc-de-llibres-de-lectura","status":"publish","type":"post","link":"https:\/\/agora.xtec.cat\/iescastelldestela\/portada\/projecte-banc-de-llibres-de-lectura\/","title":{"rendered":"Projecte BANC DE LLIBRES DE LECTURA"},"content":{"rendered":"<div>\n<p dir=\"ltr\">Bones fam\u00edlies,<\/p>\n<p dir=\"ltr\">Ens fa molta il\u00b7lusi\u00f3 engegar el projecte del\u00a0<b>banc de llibres de lectura<\/b>, que potser alg\u00fa de vosaltres ja n&#8217;est\u00e0 assabentat perqu\u00e8 vam escriure un article a la revista de l&#8217;institut d&#8217;aquest \u00faltim trimestre.<\/p>\n<p dir=\"ltr\">A grans trets, el projecte persegueix 2 objectius molt clars: un estalvi econ\u00f2mic per les fam\u00edlies (perqu\u00e8 enlloc de comprar-los seran reutilitzats) i per altra banda la vessant de posar el nostre granet de sorra per la conservaci\u00f3 del nostre entorn.<\/p>\n<\/div>\n<div><span style=\"font-family: arial, sans-serif;\">\u00a0<\/span><\/div>\n<div><span style=\"font-family: arial, sans-serif;\">Les fam\u00edlies que vau fer el retorn de llibres el passat dimecres dia 21 de juny: els llibres de lectura ja entraran a formar part del banc pel proper curs 2023-2024.<\/span><\/div>\n<div><span style=\"font-family: arial, sans-serif;\">\u00a0<\/span><\/div>\n<div>\n<p dir=\"ltr\">Aquesta\u00a0donaci\u00f3 volunt\u00e0ria\u00a0de llibres de lectura, NO s\u2019adre\u00e7a nom\u00e9s a fam\u00edlies que actualment estan a l\u2019institut, sin\u00f3 tamb\u00e9 a ex-fam\u00edlies i a la<b>\u00a0poblaci\u00f3 en general\u00a0<\/b>que pugui tenir algun dels llibres que us passem. Per tant, us animem a compartir la informaci\u00f3 amb els avis, tiets, amics&#8230;<\/p>\n<div><\/div>\n<p>Com veureu en el cartell adjunt, hi ha els t\u00edtols dels llibres i tamb\u00e9 els 3 punts de recollida,\u00a0que s\u00f3n les biblioteques dels pobles d&#8217;Amer, Les Planes d&#8217;Hostoles i Sant Feliu de Pallerols.<\/p>\n<p dir=\"ltr\">Us hem conven\u00e7ut? Som-hi! Totes les grans fites comencen amb un petit gest.<img decoding=\"async\" class=\"an1\" src=\"https:\/\/fonts.gstatic.com\/s\/e\/notoemoji\/15.0\/1f917\/72.png\" alt=\"\ud83e\udd17\" data-emoji=\"\ud83e\udd17\" aria-label=\"\ud83e\udd17\" \/><\/p>\n<p dir=\"ltr\">Per qualsevol dubte contacteu amb nosaltres\u00a0<a href=\"mailto:ampacastelldestela@gmail.com\" target=\"_blank\" rel=\"noopener\">ampacastelldestela@gmail.com<\/a><\/p>\n<p dir=\"ltr\">Molt\u00edssimes gr\u00e0cies!<\/p>\n<\/div>\n<div>\n<div class=\"gmail_signature\" dir=\"ltr\" data-smartmail=\"gmail_signature\">\n<div dir=\"ltr\">\n<div dir=\"ltr\">\n<div dir=\"ltr\">\n<div dir=\"ltr\">\n<div dir=\"ltr\">\n<p><span style=\"font-family: verdana, sans-serif;\">La Junta Ampa Castell d&#8217;Estela<\/span><\/p>\n<div><a href=\"mailto:ampacastelldestela@gmail.com\" target=\"_blank\" rel=\"noopener\"><span style=\"font-family: verdana, sans-serif;\">ampacastelldestela<span class=\"\"><span class=\"\">@gmail.com<\/span><\/span><\/span><\/a><\/div>\n<\/div>\n<div><\/div>\n<\/div>\n<div><a href=\"https:\/\/agora.xtec.cat\/iescastelldestela\/wp-content\/uploads\/usu1648\/2023\/06\/BANC-DE-LLIBRES.png\"><img loading=\"lazy\" decoding=\"async\" class=\"alignnone size-medium wp-image-9638\" src=\"https:\/\/agora.xtec.cat\/iescastelldestela\/wp-content\/uploads\/usu1648\/2023\/06\/BANC-DE-LLIBRES-212x300.png\" alt=\"\" width=\"212\" height=\"300\" srcset=\"https:\/\/agora.xtec.cat\/iescastelldestela\/wp-content\/uploads\/usu1648\/2023\/06\/BANC-DE-LLIBRES-212x300.png 212w, https:\/\/agora.xtec.cat\/iescastelldestela\/wp-content\/uploads\/usu1648\/2023\/06\/BANC-DE-LLIBRES-724x1024.png 724w, https:\/\/agora.xtec.cat\/iescastelldestela\/wp-content\/uploads\/usu1648\/2023\/06\/BANC-DE-LLIBRES-768x1086.png 768w, https:\/\/agora.xtec.cat\/iescastelldestela\/wp-content\/uploads\/usu1648\/2023\/06\/BANC-DE-LLIBRES-1086x1536.png 1086w, https:\/\/agora.xtec.cat\/iescastelldestela\/wp-content\/uploads\/usu1648\/2023\/06\/BANC-DE-LLIBRES-1448x2048.png 1448w, https:\/\/agora.xtec.cat\/iescastelldestela\/wp-content\/uploads\/usu1648\/2023\/06\/BANC-DE-LLIBRES.png 1587w\" sizes=\"auto, (max-width: 212px) 100vw, 212px\" \/><\/a><\/div>\n<div dir=\"ltr\">\n<div dir=\"ltr\">\n<div><\/div>\n<\/div>\n<\/div>\n<\/div>\n<\/div>\n<\/div>\n<\/div>\n<\/div>\n","protected":false},"excerpt":{"rendered":"<p>Bones fam\u00edlies,<br \/>\nEns fa molta il\u00b7lusi\u00f3 engegar el projecte del\u00a0banc de llibres de lectura, que potser alg\u00fa de vosaltres ja n&#8217;est\u00e0 assabentat perqu\u00e8 vam escriure un article a la revista de l&#8217;institut d&#8217;aquest \u00faltim trimestre.<br \/>\nA grans trets, el projecte persegueix 2 objectius molt clars: un estalvi&hellip;  <a href=\"https:\/\/agora.xtec.cat\/iescastelldestela\/portada\/projecte-banc-de-llibres-de-lectura\/\" title=\"Read Projecte BANC DE LLIBRES DE LECTURA\">Llegeix m\u00e9s\u00bb<\/a><\/p>\n","protected":false},"author":1,"featured_media":9638,"comment_status":"open","ping_status":"closed","sticky":true,"template":"","format":"standard","meta":{"_bbp_topic_count":0,"_bbp_reply_count":0,"_bbp_total_topic_count":0,"_bbp_total_reply_count":0,"_bbp_voice_count":0,"_bbp_anonymous_reply_count":0,"_bbp_topic_count_hidden":0,"_bbp_reply_count_hidden":0,"_bbp_forum_subforum_count":0,"footnotes":""},"categories":[31,29],"tags":[],"class_list":["post-9637","post","type-post","status-publish","format-standard","has-post-thumbnail","hentry","category-associaciofamiliesalumnat","category-portada"],"post_mailing_queue_ids":[],"_links":{"self":[{"href":"https:\/\/agora.xtec.cat\/iescastelldestela\/wp-json\/wp\/v2\/posts\/9637","targetHints":{"allow":["GET"]}}],"collection":[{"href":"https:\/\/agora.xtec.cat\/iescastelldestela\/wp-json\/wp\/v2\/posts"}],"about":[{"href":"https:\/\/agora.xtec.cat\/iescastelldestela\/wp-json\/wp\/v2\/types\/post"}],"author":[{"embeddable":true,"href":"https:\/\/agora.xtec.cat\/iescastelldestela\/wp-json\/wp\/v2\/users\/1"}],"replies":[{"embeddable":true,"href":"https:\/\/agora.xtec.cat\/iescastelldestela\/wp-json\/wp\/v2\/comments?post=9637"}],"version-history":[{"count":3,"href":"https:\/\/agora.xtec.cat\/iescastelldestela\/wp-json\/wp\/v2\/posts\/9637\/revisions"}],"predecessor-version":[{"id":9641,"href":"https:\/\/agora.xtec.cat\/iescastelldestela\/wp-json\/wp\/v2\/posts\/9637\/revisions\/9641"}],"wp:featuredmedia":[{"embeddable":true,"href":"https:\/\/agora.xtec.cat\/iescastelldestela\/wp-json\/wp\/v2\/media\/9638"}],"wp:attachment":[{"href":"https:\/\/agora.xtec.cat\/iescastelldestela\/wp-json\/wp\/v2\/media?parent=9637"}],"wp:term":[{"taxonomy":"category","embeddable":true,"href":"https:\/\/agora.xtec.cat\/iescastelldestela\/wp-json\/wp\/v2\/categories?post=9637"},{"taxonomy":"post_tag","embeddable":true,"href":"https:\/\/agora.xtec.cat\/iescastelldestela\/wp-json\/wp\/v2\/tags?post=9637"}],"curies":[{"name":"wp","href":"https:\/\/api.w.org\/{rel}","templated":true}]}}