{"id":830,"date":"2017-10-02T18:23:22","date_gmt":"2017-10-02T16:23:22","guid":{"rendered":"http:\/\/agora.xtec.cat\/iescastelldestela\/?p=830"},"modified":"2018-01-08T09:44:56","modified_gmt":"2018-01-08T08:44:56","slug":"aturada-general-de-pais-3-doctubre","status":"publish","type":"post","link":"https:\/\/agora.xtec.cat\/iescastelldestela\/general\/aturada-general-de-pais-3-doctubre\/","title":{"rendered":"ATURADA GENERAL DE PA\u00cdS, 3 d&#8217;octubre"},"content":{"rendered":"<p>Davant els fets ocorreguts durant la jornada d\u2019ahir, \u00a0 la nostra comunitat educativa no pot quedar-se indiferent .<\/p>\n<p>Dem\u00e0, dia 3 d&#8217;octubre, hi ha convocada una aturada general de pa\u00eds. Aix\u00ed doncs,\u00a0 no podem garantir els serveis m\u00ednims a causa de l&#8217;aturada general, de manera que dem\u00e0, l&#8217;institut restar\u00e0 tancat.<\/p>\n<p>La nostra obligaci\u00f3 \u00e9s informar que no es poden garantir els serveis que el centre desenvolupa regularment: atenci\u00f3 telef\u00f2nica, transport escolar, administraci\u00f3 acad\u00e8mica, consergeria,\u00a0 neteja, etc.<\/p>\n<p>Atentament,<\/p>\n<p>Equip Directiu<\/p>\n<p>&nbsp;<\/p>\n<p>&nbsp;<\/p>\n","protected":false},"excerpt":{"rendered":"<p>Davant els fets ocorreguts durant la jornada d\u2019ahir, \u00a0 la nostra comunitat educativa no pot quedar-se indiferent .<br \/>\nDem\u00e0, dia 3 d&#8217;octubre, hi ha convocada una aturada general de pa\u00eds. Aix\u00ed doncs,\u00a0 no podem garantir els serveis m\u00ednims a causa de l&#8217;aturada general, de manera que&hellip;  <a href=\"https:\/\/agora.xtec.cat\/iescastelldestela\/general\/aturada-general-de-pais-3-doctubre\/\" title=\"Read ATURADA GENERAL DE PA\u00cdS, 3 d&#8217;octubre\">Llegeix m\u00e9s\u00bb<\/a><\/p>\n","protected":false},"author":1,"featured_media":831,"comment_status":"closed","ping_status":"open","sticky":false,"template":"","format":"standard","meta":{"_bbp_topic_count":0,"_bbp_reply_count":0,"_bbp_total_topic_count":0,"_bbp_total_reply_count":0,"_bbp_voice_count":0,"_bbp_anonymous_reply_count":0,"_bbp_topic_count_hidden":0,"_bbp_reply_count_hidden":0,"_bbp_forum_subforum_count":0,"footnotes":""},"categories":[1,29],"tags":[],"class_list":["post-830","post","type-post","status-publish","format-standard","has-post-thumbnail","hentry","category-general","category-portada"],"post_mailing_queue_ids":[],"_links":{"self":[{"href":"https:\/\/agora.xtec.cat\/iescastelldestela\/wp-json\/wp\/v2\/posts\/830","targetHints":{"allow":["GET"]}}],"collection":[{"href":"https:\/\/agora.xtec.cat\/iescastelldestela\/wp-json\/wp\/v2\/posts"}],"about":[{"href":"https:\/\/agora.xtec.cat\/iescastelldestela\/wp-json\/wp\/v2\/types\/post"}],"author":[{"embeddable":true,"href":"https:\/\/agora.xtec.cat\/iescastelldestela\/wp-json\/wp\/v2\/users\/1"}],"replies":[{"embeddable":true,"href":"https:\/\/agora.xtec.cat\/iescastelldestela\/wp-json\/wp\/v2\/comments?post=830"}],"version-history":[{"count":1,"href":"https:\/\/agora.xtec.cat\/iescastelldestela\/wp-json\/wp\/v2\/posts\/830\/revisions"}],"predecessor-version":[{"id":832,"href":"https:\/\/agora.xtec.cat\/iescastelldestela\/wp-json\/wp\/v2\/posts\/830\/revisions\/832"}],"wp:featuredmedia":[{"embeddable":true,"href":"https:\/\/agora.xtec.cat\/iescastelldestela\/wp-json\/wp\/v2\/media\/831"}],"wp:attachment":[{"href":"https:\/\/agora.xtec.cat\/iescastelldestela\/wp-json\/wp\/v2\/media?parent=830"}],"wp:term":[{"taxonomy":"category","embeddable":true,"href":"https:\/\/agora.xtec.cat\/iescastelldestela\/wp-json\/wp\/v2\/categories?post=830"},{"taxonomy":"post_tag","embeddable":true,"href":"https:\/\/agora.xtec.cat\/iescastelldestela\/wp-json\/wp\/v2\/tags?post=830"}],"curies":[{"name":"wp","href":"https:\/\/api.w.org\/{rel}","templated":true}]}}