{"id":8251,"date":"2022-06-19T19:00:00","date_gmt":"2022-06-19T19:00:00","guid":{"rendered":"https:\/\/institutcastelldestela.wordpress.com\/?p=8231"},"modified":"2022-09-01T22:48:33","modified_gmt":"2022-09-01T20:48:33","slug":"ha-acabat-la-selectivitat-juny-2022","status":"publish","type":"post","link":"https:\/\/agora.xtec.cat\/iescastelldestela\/portada\/ha-acabat-la-selectivitat-juny-2022\/","title":{"rendered":"Ha acabat la Selectivitat juny 2022!"},"content":{"rendered":"\n<p>Acaben unes proves que han fet m\u00e9s de 40.000 estudiants i que han recuperat el format prepand\u00e8mia.<\/p>\n\n\n\n<p>Ha acabat&nbsp;la selectivitat 2022.&nbsp;<strong>Els alumnes del nostre Centre han fet aquesta setmana&nbsp;a Girona<\/strong>, uns ex\u00e0mens que molt probablement recordaran tota la vida.<\/p>\n\n\n\n<p>Aquest curs&nbsp;<strong>s&#8217;ha recuperat el format de tres dies<\/strong>. La selectivitat es divideix en dues fases.<\/p>\n\n\n\n<p>A la general, que \u00e9s obligat\u00f2ria, els alumnes han de passar les&nbsp;<strong>proves de quatre mat\u00e8ries comunes<\/strong>&nbsp;(llengua catalana i literatura, llengua castellana i literatura, llengua estrangera i hist\u00f2ria) i d&#8217;una assignatura a escollir entre les mat\u00e8ries comunes d&#8217;opci\u00f3 del batxillerat (fonaments de les arts, llat\u00ed, matem\u00e0tiques i matem\u00e0tiques aplicades a les ci\u00e8ncies socials).<\/p>\n\n\n\n<p>Pel que fa a&nbsp;<strong>l&#8217;espec\u00edfica<\/strong>, \u00e9s volunt\u00e0ria i serveix per apujar nota.<\/p>\n\n\n\n<p><strong>Esperem que tinguin molta sort en els resultats!!<\/strong><\/p>\n\n\n\n<figure class=\"wp-block-image size-large\"><a href=\"https:\/\/agora.xtec.cat\/iescastelldestela\/wp-content\/uploads\/usu1648\/2022\/06\/img-20220614-wa0018-1.jpg\"><img decoding=\"async\" src=\"https:\/\/agora.xtec.cat\/iescastelldestela\/wp-content\/uploads\/usu1648\/2022\/06\/img-20220614-wa0018-1.jpg?w=1024\" alt=\"\" class=\"wp-image-8233\" \/><\/a><\/figure>\n","protected":false},"excerpt":{"rendered":"<p>Acaben unes proves que han fet m\u00e9s de 40.000 estudiants i que han recuperat el format prepand\u00e8mia.<\/p>\n<p>Ha acabat&nbsp;la selectivitat 2022.&nbsp;Els alumnes del nostre Centre han fet aquesta setmana&nbsp;a Girona, uns ex\u00e0mens que molt probablement recordaran tota la vida.<\/p>\n<p>Aquest curs&nbsp;s&#8217;ha recuperat el format de tres dies.&hellip;  <a href=\"https:\/\/agora.xtec.cat\/iescastelldestela\/portada\/ha-acabat-la-selectivitat-juny-2022\/\" title=\"Read Ha acabat la Selectivitat juny 2022!\">Llegeix m\u00e9s\u00bb<\/a><\/p>\n","protected":false},"author":1,"featured_media":0,"comment_status":"closed","ping_status":"open","sticky":false,"template":"","format":"standard","meta":{"_bbp_topic_count":0,"_bbp_reply_count":0,"_bbp_total_topic_count":0,"_bbp_total_reply_count":0,"_bbp_voice_count":0,"_bbp_anonymous_reply_count":0,"_bbp_topic_count_hidden":0,"_bbp_reply_count_hidden":0,"_bbp_forum_subforum_count":0,"footnotes":""},"categories":[29,109],"tags":[],"class_list":["post-8251","post","type-post","status-publish","format-standard","hentry","category-portada","category-sin-categoria"],"post_mailing_queue_ids":[],"_links":{"self":[{"href":"https:\/\/agora.xtec.cat\/iescastelldestela\/wp-json\/wp\/v2\/posts\/8251","targetHints":{"allow":["GET"]}}],"collection":[{"href":"https:\/\/agora.xtec.cat\/iescastelldestela\/wp-json\/wp\/v2\/posts"}],"about":[{"href":"https:\/\/agora.xtec.cat\/iescastelldestela\/wp-json\/wp\/v2\/types\/post"}],"author":[{"embeddable":true,"href":"https:\/\/agora.xtec.cat\/iescastelldestela\/wp-json\/wp\/v2\/users\/1"}],"replies":[{"embeddable":true,"href":"https:\/\/agora.xtec.cat\/iescastelldestela\/wp-json\/wp\/v2\/comments?post=8251"}],"version-history":[{"count":1,"href":"https:\/\/agora.xtec.cat\/iescastelldestela\/wp-json\/wp\/v2\/posts\/8251\/revisions"}],"predecessor-version":[{"id":8963,"href":"https:\/\/agora.xtec.cat\/iescastelldestela\/wp-json\/wp\/v2\/posts\/8251\/revisions\/8963"}],"wp:attachment":[{"href":"https:\/\/agora.xtec.cat\/iescastelldestela\/wp-json\/wp\/v2\/media?parent=8251"}],"wp:term":[{"taxonomy":"category","embeddable":true,"href":"https:\/\/agora.xtec.cat\/iescastelldestela\/wp-json\/wp\/v2\/categories?post=8251"},{"taxonomy":"post_tag","embeddable":true,"href":"https:\/\/agora.xtec.cat\/iescastelldestela\/wp-json\/wp\/v2\/tags?post=8251"}],"curies":[{"name":"wp","href":"https:\/\/api.w.org\/{rel}","templated":true}]}}