{"id":8198,"date":"2022-05-30T10:32:26","date_gmt":"2022-05-30T10:32:26","guid":{"rendered":"https:\/\/institutcastelldestela.wordpress.com\/?p=8198"},"modified":"2022-09-01T22:48:34","modified_gmt":"2022-09-01T20:48:34","slug":"exposicio-descultures-de-4t-eso-deducacio-visual-i-plastica","status":"publish","type":"post","link":"https:\/\/agora.xtec.cat\/iescastelldestela\/portada\/exposicio-descultures-de-4t-eso-deducacio-visual-i-plastica\/","title":{"rendered":"Exposici\u00f3 d&#8217;escultures de 4t ESO d&#8217;Educaci\u00f3 Visual i Pl\u00e0stica"},"content":{"rendered":"\n<p>Els alumnes de la mat\u00e8ria d\u2019Educaci\u00f3 Visual i Pl\u00e0stica de 4t d\u2019ESO han fet un treball sobre el laboratori escult\u00f2ric.<\/p>\n\n\n\n<p>El treball s&#8217;ha desenvolupat a partir del pas del pla al volum i d\u2019un element (el guix) amb pautes per experimentar com el buit, l\u2019equilibri, el caos, el silenci, el pes, la seq\u00fc\u00e8ncia&#8230;<\/p>\n\n\n\n<p><a href=\"https:\/\/drive.google.com\/drive\/folders\/1KOjeabNAoQ8qo_PdbY8fD9-TZOtzq9jo?usp=sharing\">RECULL DE FOTOS<\/a><\/p>\n\n\n\n<p><\/p>\n","protected":false},"excerpt":{"rendered":"<p>Els alumnes de la mat\u00e8ria d\u2019Educaci\u00f3 Visual i Pl\u00e0stica de 4t d\u2019ESO han fet un treball sobre el laboratori escult\u00f2ric.<\/p>\n<p>El treball s&#8217;ha desenvolupat a partir del pas del pla al volum i d\u2019un element (el guix) amb pautes per experimentar com el buit, l\u2019equilibri, el&hellip;  <a href=\"https:\/\/agora.xtec.cat\/iescastelldestela\/portada\/exposicio-descultures-de-4t-eso-deducacio-visual-i-plastica\/\" title=\"Read Exposici\u00f3 d&#8217;escultures de 4t ESO d&#8217;Educaci\u00f3 Visual i Pl\u00e0stica\">Llegeix m\u00e9s\u00bb<\/a><\/p>\n","protected":false},"author":1,"featured_media":8919,"comment_status":"closed","ping_status":"open","sticky":false,"template":"","format":"standard","meta":{"_bbp_topic_count":0,"_bbp_reply_count":0,"_bbp_total_topic_count":0,"_bbp_total_reply_count":0,"_bbp_voice_count":0,"_bbp_anonymous_reply_count":0,"_bbp_topic_count_hidden":0,"_bbp_reply_count_hidden":0,"_bbp_forum_subforum_count":0,"footnotes":""},"categories":[29,109],"tags":[],"class_list":["post-8198","post","type-post","status-publish","format-standard","has-post-thumbnail","hentry","category-portada","category-sin-categoria"],"post_mailing_queue_ids":[],"_links":{"self":[{"href":"https:\/\/agora.xtec.cat\/iescastelldestela\/wp-json\/wp\/v2\/posts\/8198","targetHints":{"allow":["GET"]}}],"collection":[{"href":"https:\/\/agora.xtec.cat\/iescastelldestela\/wp-json\/wp\/v2\/posts"}],"about":[{"href":"https:\/\/agora.xtec.cat\/iescastelldestela\/wp-json\/wp\/v2\/types\/post"}],"author":[{"embeddable":true,"href":"https:\/\/agora.xtec.cat\/iescastelldestela\/wp-json\/wp\/v2\/users\/1"}],"replies":[{"embeddable":true,"href":"https:\/\/agora.xtec.cat\/iescastelldestela\/wp-json\/wp\/v2\/comments?post=8198"}],"version-history":[{"count":1,"href":"https:\/\/agora.xtec.cat\/iescastelldestela\/wp-json\/wp\/v2\/posts\/8198\/revisions"}],"predecessor-version":[{"id":8968,"href":"https:\/\/agora.xtec.cat\/iescastelldestela\/wp-json\/wp\/v2\/posts\/8198\/revisions\/8968"}],"wp:featuredmedia":[{"embeddable":true,"href":"https:\/\/agora.xtec.cat\/iescastelldestela\/wp-json\/wp\/v2\/media\/8919"}],"wp:attachment":[{"href":"https:\/\/agora.xtec.cat\/iescastelldestela\/wp-json\/wp\/v2\/media?parent=8198"}],"wp:term":[{"taxonomy":"category","embeddable":true,"href":"https:\/\/agora.xtec.cat\/iescastelldestela\/wp-json\/wp\/v2\/categories?post=8198"},{"taxonomy":"post_tag","embeddable":true,"href":"https:\/\/agora.xtec.cat\/iescastelldestela\/wp-json\/wp\/v2\/tags?post=8198"}],"curies":[{"name":"wp","href":"https:\/\/api.w.org\/{rel}","templated":true}]}}