{"id":797,"date":"2017-06-12T09:03:03","date_gmt":"2017-06-12T07:03:03","guid":{"rendered":"http:\/\/agora.xtec.cat\/iescastelldestela\/?p=797"},"modified":"2018-01-08T09:45:18","modified_gmt":"2018-01-08T08:45:18","slug":"matricula-1r-eso-curs-2017-18","status":"publish","type":"post","link":"https:\/\/agora.xtec.cat\/iescastelldestela\/general\/matricula-1r-eso-curs-2017-18\/","title":{"rendered":"MATR\u00cdCULA 1r ESO curs 2017-18"},"content":{"rendered":"<p><strong>MATRICULACI\u00d3\u00a0 ALUMNES\u00a0 1r\u00a0 ESO. CURS 2017-2018<\/strong><\/p>\n<p>DATES PER PRESENTAR LA DOCUMENTACI\u00d3: <strong>del 12 al 16 de juny de 2017.<\/strong><\/p>\n<p>LLOC:<strong> Secretaria \u00a0\u00a0\u00a0\u00a0\u00a0\u00a0\u00a0\u00a0\u00a0\u00a0\u00a0\u00a0\u00a0\u00a0\u00a0\u00a0\u00a0\u00a0\u00a0\u00a0\u00a0\u00a0\u00a0\u00a0\u00a0\u00a0\u00a0\u00a0\u00a0\u00a0\u00a0\u00a0\u00a0<\/strong>HORARI: <strong>de les 8:30 a les 14:30 hores.<\/strong><\/p>\n<p><strong>\u00a0<\/strong><\/p>\n<p><strong><u>LLEGIU ATENTAMENT AQUESTES INSTRUCCIONS:<\/u><\/strong><\/p>\n<p>JUNT AMB AQUEST FULL US ADJUNTEM ELS SEG\u00dcENTS DOCUMENTS QUE HAUREU DE RETORNAR OMPLERTS I SIGNATS (MARE, PARE O TUTOR LEGAL).<\/p>\n<p><u>\u00a0<\/u><\/p>\n<ul>\n<li>FULL DE DADES DE L\u2019ALUMNE\/A:<\/li>\n<\/ul>\n<p>Ompliu els diferents apartats (dades alumne\/a, tutor 1 i tutor 2, si s\u2019escau). C<strong>onsigneu el lloc la data i signeu el document.<\/strong><\/p>\n<ul>\n<li>AUTORITZACI\u00d3 D\u2019\u00daS D\u2019IMATGES, DADES I MATERIAL DE L\u2019ALUMNE:<\/li>\n<\/ul>\n<p>Cal escriure les dades de l\u2019alumne\/a i del pare, mare o tutor\/a legal i marcar l\u2019opci\u00f3 escollida sobre l\u2019\u00fas d\u2019imatges, dades i materials en els requadres corresponents del document (Autoritzo, NO autoritzo). <strong>No oblideu signar-lo.<\/strong><\/p>\n<ul>\n<li>FULL DE PAGAMENT DE LA Q\u00dcOTA DE FOTOC\u00d2PIES:<\/li>\n<\/ul>\n<p>Cal escriure les dades de l\u2019alumne\/a i del nivell que far\u00e0 el curs 2017-2018 i marcar l\u2019opci\u00f3 escollida de pagament de la quota de fotoc\u00f2pies. Si heu fet transfer\u00e8ncia o ingr\u00e9s bancari <strong>adjunteu el resguard del banc.<\/strong><\/p>\n<ul>\n<li>FULL DE L\u2019AMPA:<\/li>\n<\/ul>\n<p>Cal omplir el full de l\u2019AMPA i <strong>entregar-lo signat<\/strong> a la secretaria amb la resta de documents. El full informatiu que l\u2019acompanya no cal retornar-lo.<\/p>\n<ul>\n<li>FULL D\u2019INSCRIPCI\u00d3 AL SERVEI DE TRANSPORT ESCOLAR. CURS 2017\/18:<\/li>\n<\/ul>\n<p>Els alumnes de Les Planes d\u2019Hostoles i Sant Feliu de Pallerols han d\u2019omplir aquest full, amb les dades de l\u2019alumne\/a i dels tutors, per poder utilitzar el transport escolar. El servei \u00e9s gratu\u00eft a l\u2019etapa d\u2019ESO, per tant <strong>no cal que hi consigneu les dades banc\u00e0ries<\/strong>. El n\u00famero o codi i el nom de la parada el trobareu a la part posterior del full. <strong>Anoteu la data i el lloc i signeu el document.<\/strong><\/p>\n<p><a href=\"https:\/\/drive.google.com\/file\/d\/0B7uIe0A9sa6WaUVPZXhFQjNSUW8\/view?usp=sharing\">AUTORITZACI\u00d3 D&#8217;IMATGE<\/a><\/p>\n<p><a href=\"https:\/\/drive.google.com\/file\/d\/0B7uIe0A9sa6WaTRWVmVPcE9KV2c\/view?usp=sharing\">AMPA<\/a><\/p>\n<p><a href=\"https:\/\/drive.google.com\/file\/d\/0B7uIe0A9sa6WZ3kxcmttMWZIZDQ\/view?usp=sharing\">DADES ALUMNA\/E<\/a><\/p>\n<p><a href=\"https:\/\/drive.google.com\/file\/d\/0B7uIe0A9sa6WNUdPY1dkaWtEcVk\/view?usp=sharing\">INSCRIPCI\u00d3 TRANSPORT ESCOLAR<\/a><\/p>\n<p><a href=\"https:\/\/drive.google.com\/file\/d\/0B7uIe0A9sa6WdUNRTXdNODZKczg\/view?usp=sharing\">QUOTA FOTOC\u00d2PIES<\/a><\/p>\n","protected":false},"excerpt":{"rendered":"<p>MATRICULACI\u00d3\u00a0 ALUMNES\u00a0 1r\u00a0 ESO. CURS 2017-2018<br \/>\nDATES PER PRESENTAR LA DOCUMENTACI\u00d3: del 12 al 16 de juny de 2017.<br \/>\nLLOC: Secretaria \u00a0\u00a0\u00a0\u00a0\u00a0\u00a0\u00a0\u00a0\u00a0\u00a0\u00a0\u00a0\u00a0\u00a0\u00a0\u00a0\u00a0\u00a0\u00a0\u00a0\u00a0\u00a0\u00a0\u00a0\u00a0\u00a0\u00a0\u00a0\u00a0\u00a0\u00a0\u00a0\u00a0HORARI: de les 8:30 a les 14:30 hores.<br \/>\n\u00a0<br \/>\nLLEGIU ATENTAMENT AQUESTES INSTRUCCIONS:<br \/>\nJUNT AMB AQUEST FULL US ADJUNTEM ELS SEG\u00dcENTS DOCUMENTS QUE HAUREU DE RETORNAR OMPLERTS I SIGNATS&hellip;  <a href=\"https:\/\/agora.xtec.cat\/iescastelldestela\/general\/matricula-1r-eso-curs-2017-18\/\" title=\"Read MATR\u00cdCULA 1r ESO curs 2017-18\">Llegeix m\u00e9s\u00bb<\/a><\/p>\n","protected":false},"author":1,"featured_media":798,"comment_status":"closed","ping_status":"open","sticky":false,"template":"","format":"standard","meta":{"_bbp_topic_count":0,"_bbp_reply_count":0,"_bbp_total_topic_count":0,"_bbp_total_reply_count":0,"_bbp_voice_count":0,"_bbp_anonymous_reply_count":0,"_bbp_topic_count_hidden":0,"_bbp_reply_count_hidden":0,"_bbp_forum_subforum_count":0,"footnotes":""},"categories":[1,29],"tags":[],"class_list":["post-797","post","type-post","status-publish","format-standard","has-post-thumbnail","hentry","category-general","category-portada"],"post_mailing_queue_ids":[],"_links":{"self":[{"href":"https:\/\/agora.xtec.cat\/iescastelldestela\/wp-json\/wp\/v2\/posts\/797","targetHints":{"allow":["GET"]}}],"collection":[{"href":"https:\/\/agora.xtec.cat\/iescastelldestela\/wp-json\/wp\/v2\/posts"}],"about":[{"href":"https:\/\/agora.xtec.cat\/iescastelldestela\/wp-json\/wp\/v2\/types\/post"}],"author":[{"embeddable":true,"href":"https:\/\/agora.xtec.cat\/iescastelldestela\/wp-json\/wp\/v2\/users\/1"}],"replies":[{"embeddable":true,"href":"https:\/\/agora.xtec.cat\/iescastelldestela\/wp-json\/wp\/v2\/comments?post=797"}],"version-history":[{"count":1,"href":"https:\/\/agora.xtec.cat\/iescastelldestela\/wp-json\/wp\/v2\/posts\/797\/revisions"}],"predecessor-version":[{"id":799,"href":"https:\/\/agora.xtec.cat\/iescastelldestela\/wp-json\/wp\/v2\/posts\/797\/revisions\/799"}],"wp:featuredmedia":[{"embeddable":true,"href":"https:\/\/agora.xtec.cat\/iescastelldestela\/wp-json\/wp\/v2\/media\/798"}],"wp:attachment":[{"href":"https:\/\/agora.xtec.cat\/iescastelldestela\/wp-json\/wp\/v2\/media?parent=797"}],"wp:term":[{"taxonomy":"category","embeddable":true,"href":"https:\/\/agora.xtec.cat\/iescastelldestela\/wp-json\/wp\/v2\/categories?post=797"},{"taxonomy":"post_tag","embeddable":true,"href":"https:\/\/agora.xtec.cat\/iescastelldestela\/wp-json\/wp\/v2\/tags?post=797"}],"curies":[{"name":"wp","href":"https:\/\/api.w.org\/{rel}","templated":true}]}}