{"id":7947,"date":"2022-03-15T19:24:36","date_gmt":"2022-03-15T19:24:36","guid":{"rendered":"https:\/\/institutcastelldestela.wordpress.com\/?p=7947"},"modified":"2022-03-15T19:24:36","modified_gmt":"2022-03-15T19:24:36","slug":"linstitut-avui-es-vermell","status":"publish","type":"post","link":"https:\/\/agora.xtec.cat\/iescastelldestela\/sin-categoria\/linstitut-avui-es-vermell\/","title":{"rendered":"L&#8217;institut avui \u00e9s vermell!"},"content":{"rendered":"\n<p>Els alumnes de 3r d\u2019ESO del Servei Comunitari del Banc de Sang us volem\u00a0 agrair a tots els que heu vingut avui dia 15 de mar\u00e7 a donar sang a l\u2019Institut Castell d\u2019Estela. \u00a0<\/p>\n\n\n\n<p>Tamb\u00e9 volem felicitar els bombers que heu vingut a exposar els camions i heu fet una petita simulaci\u00f3 que inclo\u00efa una casa plena de fum. &nbsp;Gr\u00e0cies a vosaltres, els infants, han pogut acompanyar els seus pares i de pas anar a veure aquesta petita exposici\u00f3. Tots ells i elles han gaudit molt.<\/p>\n\n\n\n<p>Ha estat una gran experi\u00e8ncia, ja que hem vist que donar sang \u00e9s molt important. Gr\u00e0cies tamb\u00e9 a la Saray que ens ha fet una petita explicaci\u00f3 del circuit que realitza una persona que vol donar sang, des de que entra al proc\u00e9s fins que en surt.<\/p>\n\n\n\n<figure class=\"wp-block-gallery has-nested-images columns-default is-cropped wp-block-gallery-1 is-layout-flex wp-block-gallery-is-layout-flex\">\n<figure class=\"wp-block-image size-large\"><a href=\"https:\/\/agora.xtec.cat\/iescastelldestela\/wp-content\/uploads\/usu1648\/2022\/03\/img_20220315_165337.jpg\"><img loading=\"lazy\" decoding=\"async\" width=\"2388\" height=\"2068\" data-id=\"7950\" src=\"https:\/\/agora.xtec.cat\/iescastelldestela\/wp-content\/uploads\/usu1648\/2022\/03\/img_20220315_165337.jpg\" alt=\"\" class=\"wp-image-7950\" srcset=\"https:\/\/agora.xtec.cat\/iescastelldestela\/wp-content\/uploads\/usu1648\/2022\/03\/img_20220315_165337.jpg 2388w, https:\/\/agora.xtec.cat\/iescastelldestela\/wp-content\/uploads\/usu1648\/2022\/03\/img_20220315_165337-300x260.jpg 300w, https:\/\/agora.xtec.cat\/iescastelldestela\/wp-content\/uploads\/usu1648\/2022\/03\/img_20220315_165337-1024x887.jpg 1024w, https:\/\/agora.xtec.cat\/iescastelldestela\/wp-content\/uploads\/usu1648\/2022\/03\/img_20220315_165337-768x665.jpg 768w, https:\/\/agora.xtec.cat\/iescastelldestela\/wp-content\/uploads\/usu1648\/2022\/03\/img_20220315_165337-1536x1330.jpg 1536w, https:\/\/agora.xtec.cat\/iescastelldestela\/wp-content\/uploads\/usu1648\/2022\/03\/img_20220315_165337-2048x1774.jpg 2048w\" sizes=\"auto, (max-width: 2388px) 100vw, 2388px\" \/><\/a><\/figure>\n\n\n\n<figure class=\"wp-block-image size-large\"><a href=\"https:\/\/agora.xtec.cat\/iescastelldestela\/wp-content\/uploads\/usu1648\/2022\/03\/img_20220315_164508-2.jpg\"><img decoding=\"async\" data-id=\"7951\" src=\"https:\/\/agora.xtec.cat\/iescastelldestela\/wp-content\/uploads\/usu1648\/2022\/03\/img_20220315_164508-2.jpg\" alt=\"\" class=\"wp-image-7951\" \/><\/a><\/figure>\n<\/figure>\n\n\n\n<p><a href=\"https:\/\/drive.google.com\/drive\/folders\/1xxEFynyq7iFPO1VwrdXA0Sz05Zf-HTSS?usp=sharing\">RECULL DE FOTOS<\/a><\/p>\n\n\n\n<p><\/p>\n","protected":false},"excerpt":{"rendered":"<p>Els alumnes de 3r d\u2019ESO del Servei Comunitari del Banc de Sang us volem\u00a0 agrair a tots els que heu vingut avui dia 15 de mar\u00e7 a donar sang a l\u2019Institut Castell d\u2019Estela. \u00a0<\/p>\n<p>Tamb\u00e9 volem felicitar els bombers que heu vingut a exposar els camions&hellip;  <a href=\"https:\/\/agora.xtec.cat\/iescastelldestela\/sin-categoria\/linstitut-avui-es-vermell\/\" title=\"Read L&#8217;institut avui \u00e9s vermell!\">Llegeix m\u00e9s\u00bb<\/a><\/p>\n","protected":false},"author":1,"featured_media":8900,"comment_status":"closed","ping_status":"open","sticky":false,"template":"","format":"standard","meta":{"_bbp_topic_count":0,"_bbp_reply_count":0,"_bbp_total_topic_count":0,"_bbp_total_reply_count":0,"_bbp_voice_count":0,"_bbp_anonymous_reply_count":0,"_bbp_topic_count_hidden":0,"_bbp_reply_count_hidden":0,"_bbp_forum_subforum_count":0,"footnotes":""},"categories":[109],"tags":[],"class_list":["post-7947","post","type-post","status-publish","format-standard","has-post-thumbnail","hentry","category-sin-categoria"],"post_mailing_queue_ids":[],"_links":{"self":[{"href":"https:\/\/agora.xtec.cat\/iescastelldestela\/wp-json\/wp\/v2\/posts\/7947","targetHints":{"allow":["GET"]}}],"collection":[{"href":"https:\/\/agora.xtec.cat\/iescastelldestela\/wp-json\/wp\/v2\/posts"}],"about":[{"href":"https:\/\/agora.xtec.cat\/iescastelldestela\/wp-json\/wp\/v2\/types\/post"}],"author":[{"embeddable":true,"href":"https:\/\/agora.xtec.cat\/iescastelldestela\/wp-json\/wp\/v2\/users\/1"}],"replies":[{"embeddable":true,"href":"https:\/\/agora.xtec.cat\/iescastelldestela\/wp-json\/wp\/v2\/comments?post=7947"}],"version-history":[{"count":0,"href":"https:\/\/agora.xtec.cat\/iescastelldestela\/wp-json\/wp\/v2\/posts\/7947\/revisions"}],"wp:featuredmedia":[{"embeddable":true,"href":"https:\/\/agora.xtec.cat\/iescastelldestela\/wp-json\/wp\/v2\/media\/8900"}],"wp:attachment":[{"href":"https:\/\/agora.xtec.cat\/iescastelldestela\/wp-json\/wp\/v2\/media?parent=7947"}],"wp:term":[{"taxonomy":"category","embeddable":true,"href":"https:\/\/agora.xtec.cat\/iescastelldestela\/wp-json\/wp\/v2\/categories?post=7947"},{"taxonomy":"post_tag","embeddable":true,"href":"https:\/\/agora.xtec.cat\/iescastelldestela\/wp-json\/wp\/v2\/tags?post=7947"}],"curies":[{"name":"wp","href":"https:\/\/api.w.org\/{rel}","templated":true}]}}