{"id":7751,"date":"2021-12-19T19:09:07","date_gmt":"2021-12-19T19:09:07","guid":{"rendered":"https:\/\/institutcastelldestela.wordpress.com\/?p=7751"},"modified":"2022-09-01T22:53:54","modified_gmt":"2022-09-01T20:53:54","slug":"representacio-del-pessebre-vivent-per-la-marato","status":"publish","type":"post","link":"https:\/\/agora.xtec.cat\/iescastelldestela\/portada\/representacio-del-pessebre-vivent-per-la-marato\/","title":{"rendered":"REPRESENTACI\u00d3 DEL PESSEBRE VIVENT PER LA MARAT\u00d3"},"content":{"rendered":"\n<p>Els alumnes de l\u2019Institut Castell d\u2019Estela van organitzar un Pessebre Vivent per tal de recollir <strong>donatius per La Marat\u00f3<\/strong>. Van dissenyar i elaborar les decoracions, aix\u00ed com les diverses escenes que configuraven el pessebre per tal que les fam\u00edlies gaudissin d\u2019una vesprada excepcional.<\/p>\n\n\n\n<p><strong>Vam <\/strong>r<strong>ecaptar 453&#8217;47\u20ac , moltes gr\u00e0cies a tots!<\/strong><\/p>\n\n\n\n<p><a href=\"https:\/\/drive.google.com\/drive\/folders\/1kuFYotVgCpOBnxOyiZZ85ENRJyTBXSCw?usp=sharing\">RECULL DE FOTOS DES DE LA PREPARACI\u00d3 FINS LA REPRESENTACI\u00d3<\/a><\/p>\n\n\n\n<div class=\"wp-block-jetpack-tiled-gallery aligncenter is-style-rectangular\"><div class=\"tiled-gallery__gallery\"><div class=\"tiled-gallery__row\"><div class=\"tiled-gallery__col\" style=\"flex-basis:66.77402%;\"><figure class=\"tiled-gallery__item\"><img decoding=\"async\" alt=\"\" data-height=\"1368\" data-id=\"7753\" data-link=\"https:\/\/institutcastelldestela.wordpress.com\/?attachment_id=7753\" data-url=\"https:\/\/agora.xtec.cat\/iescastelldestela\/wp-content\/uploads\/usu1648\/2021\/12\/img_20211217_174931_resized_20211219_052117050-2.jpg?w=1024\" data-width=\"1824\" src=\"https:\/\/agora.xtec.cat\/iescastelldestela\/wp-content\/uploads\/usu1648\/2021\/12\/img_20211217_174931_resized_20211219_052117050-2.jpg\" data-amp-layout=\"responsive\" \/><\/figure><\/div><div class=\"tiled-gallery__col\" style=\"flex-basis:33.22598%;\"><figure class=\"tiled-gallery__item\"><img decoding=\"async\" alt=\"\" data-height=\"1368\" data-id=\"7754\" data-link=\"https:\/\/institutcastelldestela.wordpress.com\/?attachment_id=7754\" data-url=\"https:\/\/agora.xtec.cat\/iescastelldestela\/wp-content\/uploads\/usu1648\/2021\/12\/img_20211217_200617_resized_20211219_052041012-1.jpg?w=1024\" data-width=\"1824\" src=\"https:\/\/agora.xtec.cat\/iescastelldestela\/wp-content\/uploads\/usu1648\/2021\/12\/img_20211217_200617_resized_20211219_052041012-1.jpg\" data-amp-layout=\"responsive\" \/><\/figure><figure class=\"tiled-gallery__item\"><img decoding=\"async\" alt=\"\" data-height=\"1368\" data-id=\"7755\" data-link=\"https:\/\/institutcastelldestela.wordpress.com\/?attachment_id=7755\" data-url=\"https:\/\/agora.xtec.cat\/iescastelldestela\/wp-content\/uploads\/usu1648\/2021\/12\/img_20211217_200924_resized_20211219_052040127.jpg?w=1024\" data-width=\"1824\" src=\"https:\/\/agora.xtec.cat\/iescastelldestela\/wp-content\/uploads\/usu1648\/2021\/12\/img_20211217_200924_resized_20211219_052040127.jpg\" data-amp-layout=\"responsive\" \/><\/figure><\/div><\/div><\/div><\/div>\n","protected":false},"excerpt":{"rendered":"<p>Els alumnes de l\u2019Institut Castell d\u2019Estela van organitzar un Pessebre Vivent per tal de recollir donatius per La Marat\u00f3. Van dissenyar i elaborar les decoracions, aix\u00ed com les diverses escenes que configuraven el pessebre per tal que les fam\u00edlies gaudissin d\u2019una vesprada excepcional.<\/p>\n<p>Vam recaptar 453&#8217;47\u20ac&hellip;  <a href=\"https:\/\/agora.xtec.cat\/iescastelldestela\/portada\/representacio-del-pessebre-vivent-per-la-marato\/\" title=\"Read REPRESENTACI\u00d3 DEL PESSEBRE VIVENT PER LA MARAT\u00d3\">Llegeix m\u00e9s\u00bb<\/a><\/p>\n","protected":false},"author":1,"featured_media":7755,"comment_status":"closed","ping_status":"open","sticky":false,"template":"","format":"standard","meta":{"_bbp_topic_count":0,"_bbp_reply_count":0,"_bbp_total_topic_count":0,"_bbp_total_reply_count":0,"_bbp_voice_count":0,"_bbp_anonymous_reply_count":0,"_bbp_topic_count_hidden":0,"_bbp_reply_count_hidden":0,"_bbp_forum_subforum_count":0,"footnotes":""},"categories":[29,109],"tags":[],"class_list":["post-7751","post","type-post","status-publish","format-standard","has-post-thumbnail","hentry","category-portada","category-sin-categoria"],"post_mailing_queue_ids":[],"_links":{"self":[{"href":"https:\/\/agora.xtec.cat\/iescastelldestela\/wp-json\/wp\/v2\/posts\/7751","targetHints":{"allow":["GET"]}}],"collection":[{"href":"https:\/\/agora.xtec.cat\/iescastelldestela\/wp-json\/wp\/v2\/posts"}],"about":[{"href":"https:\/\/agora.xtec.cat\/iescastelldestela\/wp-json\/wp\/v2\/types\/post"}],"author":[{"embeddable":true,"href":"https:\/\/agora.xtec.cat\/iescastelldestela\/wp-json\/wp\/v2\/users\/1"}],"replies":[{"embeddable":true,"href":"https:\/\/agora.xtec.cat\/iescastelldestela\/wp-json\/wp\/v2\/comments?post=7751"}],"version-history":[{"count":1,"href":"https:\/\/agora.xtec.cat\/iescastelldestela\/wp-json\/wp\/v2\/posts\/7751\/revisions"}],"predecessor-version":[{"id":9007,"href":"https:\/\/agora.xtec.cat\/iescastelldestela\/wp-json\/wp\/v2\/posts\/7751\/revisions\/9007"}],"wp:featuredmedia":[{"embeddable":true,"href":"https:\/\/agora.xtec.cat\/iescastelldestela\/wp-json\/wp\/v2\/media\/7755"}],"wp:attachment":[{"href":"https:\/\/agora.xtec.cat\/iescastelldestela\/wp-json\/wp\/v2\/media?parent=7751"}],"wp:term":[{"taxonomy":"category","embeddable":true,"href":"https:\/\/agora.xtec.cat\/iescastelldestela\/wp-json\/wp\/v2\/categories?post=7751"},{"taxonomy":"post_tag","embeddable":true,"href":"https:\/\/agora.xtec.cat\/iescastelldestela\/wp-json\/wp\/v2\/tags?post=7751"}],"curies":[{"name":"wp","href":"https:\/\/api.w.org\/{rel}","templated":true}]}}