{"id":738,"date":"2017-03-22T05:55:13","date_gmt":"2017-03-22T04:55:13","guid":{"rendered":"http:\/\/agora.xtec.cat\/iescastelldestela\/?p=738"},"modified":"2018-01-08T09:45:49","modified_gmt":"2018-01-08T08:45:49","slug":"sortida-a-la-tarraco-romana","status":"publish","type":"post","link":"https:\/\/agora.xtec.cat\/iescastelldestela\/general\/sortida-a-la-tarraco-romana\/","title":{"rendered":"Sortida a la T\u00e0rraco Romana"},"content":{"rendered":"<p style=\"text-align:justify;\">El dia 21 de mar\u00e7, els alumnes de 4t ESO, 1r i 2n de Batxillerat de Llat\u00ed i Hist\u00f2ria de l&#8217;Art hem anat a la T\u00e0rraco romana.<br \/>\nAbans d&#8217;arribar a la ciutat hem pogut admirar l&#8217;aq\u00fceducte de les Ferreres o Pont del Diable. Tot seguit hem anat a la ciutat i hem contemplat les muralles, la Torre del Pretori, el Circ, l&#8217;Amfiteatre&#8230; i de tornada la Torre dels Escipions i l&#8217;Arc de Ber\u00e0.<\/p>\n<p style=\"text-align:justify;\">Carme Par\u00e9s i Puri Merino<\/p>\n<p><img loading=\"lazy\" decoding=\"async\" class=\"alignnone  wp-image-2245\" src=\"https:\/\/agora.xtec.cat\/iescastelldestela\/wp-content\/uploads\/usu1648\/2017\/03\/dsc07904.jpg\" alt=\"SONY DSC\" width=\"680\" height=\"453\" \/><\/p>\n<p><img loading=\"lazy\" decoding=\"async\" class=\"alignnone size-full wp-image-2247\" src=\"https:\/\/agora.xtec.cat\/iescastelldestela\/wp-content\/uploads\/usu1648\/2017\/03\/dsc07976.jpg\" alt=\"SONY DSC\" width=\"4272\" height=\"2848\" \/><\/p>\n<p><img loading=\"lazy\" decoding=\"async\" class=\"alignnone size-full wp-image-2248\" src=\"https:\/\/institutcastelldestela.files.wordpress.com\/2017\/03\/dsc07979.jpg\" alt=\"SONY DSC\" width=\"4272\" height=\"2848\" \/><\/p>\n","protected":false},"excerpt":{"rendered":"<p>El dia 21 de mar\u00e7, els alumnes de 4t ESO, 1r i 2n de Batxillerat de Llat\u00ed i Hist\u00f2ria de l&#8217;Art hem anat a la T\u00e0rraco romana.<br \/>\nAbans d&#8217;arribar a la ciutat hem pogut admirar l&#8217;aq\u00fceducte de les Ferreres o Pont del Diable. Tot seguit hem&hellip;  <a href=\"https:\/\/agora.xtec.cat\/iescastelldestela\/general\/sortida-a-la-tarraco-romana\/\" title=\"Read Sortida a la T\u00e0rraco Romana\">Llegeix m\u00e9s\u00bb<\/a><\/p>\n","protected":false},"author":1,"featured_media":739,"comment_status":"closed","ping_status":"open","sticky":false,"template":"","format":"standard","meta":{"_bbp_topic_count":0,"_bbp_reply_count":0,"_bbp_total_topic_count":0,"_bbp_total_reply_count":0,"_bbp_voice_count":0,"_bbp_anonymous_reply_count":0,"_bbp_topic_count_hidden":0,"_bbp_reply_count_hidden":0,"_bbp_forum_subforum_count":0,"footnotes":""},"categories":[1,29],"tags":[],"class_list":["post-738","post","type-post","status-publish","format-standard","has-post-thumbnail","hentry","category-general","category-portada"],"post_mailing_queue_ids":[],"_links":{"self":[{"href":"https:\/\/agora.xtec.cat\/iescastelldestela\/wp-json\/wp\/v2\/posts\/738","targetHints":{"allow":["GET"]}}],"collection":[{"href":"https:\/\/agora.xtec.cat\/iescastelldestela\/wp-json\/wp\/v2\/posts"}],"about":[{"href":"https:\/\/agora.xtec.cat\/iescastelldestela\/wp-json\/wp\/v2\/types\/post"}],"author":[{"embeddable":true,"href":"https:\/\/agora.xtec.cat\/iescastelldestela\/wp-json\/wp\/v2\/users\/1"}],"replies":[{"embeddable":true,"href":"https:\/\/agora.xtec.cat\/iescastelldestela\/wp-json\/wp\/v2\/comments?post=738"}],"version-history":[{"count":1,"href":"https:\/\/agora.xtec.cat\/iescastelldestela\/wp-json\/wp\/v2\/posts\/738\/revisions"}],"predecessor-version":[{"id":740,"href":"https:\/\/agora.xtec.cat\/iescastelldestela\/wp-json\/wp\/v2\/posts\/738\/revisions\/740"}],"wp:featuredmedia":[{"embeddable":true,"href":"https:\/\/agora.xtec.cat\/iescastelldestela\/wp-json\/wp\/v2\/media\/739"}],"wp:attachment":[{"href":"https:\/\/agora.xtec.cat\/iescastelldestela\/wp-json\/wp\/v2\/media?parent=738"}],"wp:term":[{"taxonomy":"category","embeddable":true,"href":"https:\/\/agora.xtec.cat\/iescastelldestela\/wp-json\/wp\/v2\/categories?post=738"},{"taxonomy":"post_tag","embeddable":true,"href":"https:\/\/agora.xtec.cat\/iescastelldestela\/wp-json\/wp\/v2\/tags?post=738"}],"curies":[{"name":"wp","href":"https:\/\/api.w.org\/{rel}","templated":true}]}}