{"id":7214,"date":"2021-07-07T07:23:00","date_gmt":"2021-07-07T07:23:00","guid":{"rendered":"https:\/\/institutcastelldestela.wordpress.com\/?p=7214"},"modified":"2022-09-01T22:56:01","modified_gmt":"2022-09-01T20:56:01","slug":"decoracio-del-mur-del-pati","status":"publish","type":"post","link":"https:\/\/agora.xtec.cat\/iescastelldestela\/portada\/decoracio-del-mur-del-pati\/","title":{"rendered":"Decoraci\u00f3 i v\u00eddeo del mur del pati"},"content":{"rendered":"\n<p>Els alumnes de 2n de Batxillerat Art\u00edstic ens han deixat com a record de la seva estada al Centre la decoraci\u00f3 d&#8217;un dels murs de formig\u00f3 del pati. Dirigits per en Carles Salud, professor de Disseny del centre, han decorat el mur amb personatges i imatges emblem\u00e0tiques de la hist\u00f2ria del Disseny.<\/p>\n\n\n\n<p><a href=\"https:\/\/drive.google.com\/file\/d\/1vKrz25qoy-Wn5JUFj2pRg3lbEuWDw-Hp\/view?usp=sharing\">V\u00cdDEO DE LA CREACI\u00d3  DEL MURAL <\/a><\/p>\n\n\n\n<div class=\"wp-block-jetpack-tiled-gallery aligncenter is-style-rectangular\"><div class=\"tiled-gallery__gallery\"><div class=\"tiled-gallery__row\"><div class=\"tiled-gallery__col\" style=\"flex-basis:50%;\"><figure class=\"tiled-gallery__item\"><img decoding=\"async\" alt=\"\" data-height=\"1368\" data-id=\"7226\" data-link=\"https:\/\/institutcastelldestela.wordpress.com\/img_20210528_111505_resized_20210623_090022385\/\" data-url=\"https:\/\/institutcastelldestela.files.wordpress.com\/2021\/06\/img_20210528_111505_resized_20210623_090022385.jpg\" data-width=\"1824\" src=\"https:\/\/institutcastelldestela.files.wordpress.com\/2021\/06\/img_20210528_111505_resized_20210623_090022385.jpg\" data-amp-layout=\"responsive\" \/><\/figure><\/div><div class=\"tiled-gallery__col\" style=\"flex-basis:50%;\"><figure class=\"tiled-gallery__item\"><img decoding=\"async\" alt=\"\" data-height=\"1368\" data-id=\"7227\" data-link=\"https:\/\/institutcastelldestela.wordpress.com\/img_20210528_111622_resized_20210623_090020992\/\" data-url=\"https:\/\/institutcastelldestela.files.wordpress.com\/2021\/06\/img_20210528_111622_resized_20210623_090020992.jpg\" data-width=\"1824\" src=\"https:\/\/institutcastelldestela.files.wordpress.com\/2021\/06\/img_20210528_111622_resized_20210623_090020992.jpg\" data-amp-layout=\"responsive\" \/><\/figure><\/div><\/div><\/div><\/div>\n","protected":false},"excerpt":{"rendered":"<p>Els alumnes de 2n de Batxillerat Art\u00edstic ens han deixat com a record de la seva estada al Centre la decoraci\u00f3 d&#8217;un dels murs de formig\u00f3 del pati. Dirigits per en Carles Salud, professor de Disseny del centre, han decorat el mur amb personatges i&hellip;  <a href=\"https:\/\/agora.xtec.cat\/iescastelldestela\/portada\/decoracio-del-mur-del-pati\/\" title=\"Read Decoraci\u00f3 i v\u00eddeo del mur del pati\">Llegeix m\u00e9s\u00bb<\/a><\/p>\n","protected":false},"author":1,"featured_media":7230,"comment_status":"closed","ping_status":"open","sticky":false,"template":"","format":"standard","meta":{"_bbp_topic_count":0,"_bbp_reply_count":0,"_bbp_total_topic_count":0,"_bbp_total_reply_count":0,"_bbp_voice_count":0,"_bbp_anonymous_reply_count":0,"_bbp_topic_count_hidden":0,"_bbp_reply_count_hidden":0,"_bbp_forum_subforum_count":0,"footnotes":""},"categories":[29,109],"tags":[],"class_list":["post-7214","post","type-post","status-publish","format-standard","has-post-thumbnail","hentry","category-portada","category-sin-categoria"],"post_mailing_queue_ids":[],"_links":{"self":[{"href":"https:\/\/agora.xtec.cat\/iescastelldestela\/wp-json\/wp\/v2\/posts\/7214","targetHints":{"allow":["GET"]}}],"collection":[{"href":"https:\/\/agora.xtec.cat\/iescastelldestela\/wp-json\/wp\/v2\/posts"}],"about":[{"href":"https:\/\/agora.xtec.cat\/iescastelldestela\/wp-json\/wp\/v2\/types\/post"}],"author":[{"embeddable":true,"href":"https:\/\/agora.xtec.cat\/iescastelldestela\/wp-json\/wp\/v2\/users\/1"}],"replies":[{"embeddable":true,"href":"https:\/\/agora.xtec.cat\/iescastelldestela\/wp-json\/wp\/v2\/comments?post=7214"}],"version-history":[{"count":1,"href":"https:\/\/agora.xtec.cat\/iescastelldestela\/wp-json\/wp\/v2\/posts\/7214\/revisions"}],"predecessor-version":[{"id":9033,"href":"https:\/\/agora.xtec.cat\/iescastelldestela\/wp-json\/wp\/v2\/posts\/7214\/revisions\/9033"}],"wp:featuredmedia":[{"embeddable":true,"href":"https:\/\/agora.xtec.cat\/iescastelldestela\/wp-json\/wp\/v2\/media\/7230"}],"wp:attachment":[{"href":"https:\/\/agora.xtec.cat\/iescastelldestela\/wp-json\/wp\/v2\/media?parent=7214"}],"wp:term":[{"taxonomy":"category","embeddable":true,"href":"https:\/\/agora.xtec.cat\/iescastelldestela\/wp-json\/wp\/v2\/categories?post=7214"},{"taxonomy":"post_tag","embeddable":true,"href":"https:\/\/agora.xtec.cat\/iescastelldestela\/wp-json\/wp\/v2\/tags?post=7214"}],"curies":[{"name":"wp","href":"https:\/\/api.w.org\/{rel}","templated":true}]}}