{"id":717,"date":"2017-03-01T17:22:48","date_gmt":"2017-03-01T16:22:48","guid":{"rendered":"http:\/\/agora.xtec.cat\/iescastelldestela\/?p=717"},"modified":"2018-01-08T09:45:50","modified_gmt":"2018-01-08T08:45:50","slug":"espectacle-de-magia-del-mag-nani","status":"publish","type":"post","link":"https:\/\/agora.xtec.cat\/iescastelldestela\/general\/espectacle-de-magia-del-mag-nani\/","title":{"rendered":"ESPECTACLE DE M\u00c0GIA DEL MAG NANI"},"content":{"rendered":"<p>El passat dimecres 1 de mar\u00e7 el <strong>MAG NANI,<\/strong> pare de Roc Armengou de 3A, va obsequiar els alumnes de tercer amb un espl\u00e8ndid espectacle de m\u00e0gia. Tots els assistents ens ho vam passar molt b\u00e9, vam riure molt.<\/p>\n<p>Des d\u2019aqu\u00ed un gran agra\u00efment al Mag Nani i tamb\u00e9 a en Roc, que va col\u00b7laborar en l\u2019organitzaci\u00f3 i com a t\u00e8cnic de so.<\/p>\n<p><img loading=\"lazy\" decoding=\"async\" class=\"alignnone size-full wp-image-2158\" src=\"https:\/\/agora.xtec.cat\/iescastelldestela\/wp-content\/uploads\/usu1648\/2017\/03\/img-20170304-wa0001.jpg\" alt=\"img-20170304-wa0001\" width=\"1600\" height=\"900\" srcset=\"https:\/\/agora.xtec.cat\/iescastelldestela\/wp-content\/uploads\/usu1648\/2017\/03\/img-20170304-wa0001.jpg 1600w, https:\/\/agora.xtec.cat\/iescastelldestela\/wp-content\/uploads\/usu1648\/2017\/03\/img-20170304-wa0001-300x169.jpg 300w, https:\/\/agora.xtec.cat\/iescastelldestela\/wp-content\/uploads\/usu1648\/2017\/03\/img-20170304-wa0001-1024x576.jpg 1024w, https:\/\/agora.xtec.cat\/iescastelldestela\/wp-content\/uploads\/usu1648\/2017\/03\/img-20170304-wa0001-768x432.jpg 768w, https:\/\/agora.xtec.cat\/iescastelldestela\/wp-content\/uploads\/usu1648\/2017\/03\/img-20170304-wa0001-1536x864.jpg 1536w\" sizes=\"auto, (max-width: 1600px) 100vw, 1600px\" \/><\/p>\n<p>&nbsp;<\/p>\n","protected":false},"excerpt":{"rendered":"<p>El passat dimecres 1 de mar\u00e7 el MAG NANI, pare de Roc Armengou de 3A, va obsequiar els alumnes de tercer amb un espl\u00e8ndid espectacle de m\u00e0gia. Tots els assistents ens ho vam passar molt b\u00e9, vam riure molt.<br \/>\nDes d\u2019aqu\u00ed un gran agra\u00efment al Mag&hellip;  <a href=\"https:\/\/agora.xtec.cat\/iescastelldestela\/general\/espectacle-de-magia-del-mag-nani\/\" title=\"Read ESPECTACLE DE M\u00c0GIA DEL MAG NANI\">Llegeix m\u00e9s\u00bb<\/a><\/p>\n","protected":false},"author":1,"featured_media":718,"comment_status":"closed","ping_status":"open","sticky":false,"template":"","format":"standard","meta":{"_bbp_topic_count":0,"_bbp_reply_count":0,"_bbp_total_topic_count":0,"_bbp_total_reply_count":0,"_bbp_voice_count":0,"_bbp_anonymous_reply_count":0,"_bbp_topic_count_hidden":0,"_bbp_reply_count_hidden":0,"_bbp_forum_subforum_count":0,"footnotes":""},"categories":[1,29],"tags":[],"class_list":["post-717","post","type-post","status-publish","format-standard","has-post-thumbnail","hentry","category-general","category-portada"],"post_mailing_queue_ids":[],"_links":{"self":[{"href":"https:\/\/agora.xtec.cat\/iescastelldestela\/wp-json\/wp\/v2\/posts\/717","targetHints":{"allow":["GET"]}}],"collection":[{"href":"https:\/\/agora.xtec.cat\/iescastelldestela\/wp-json\/wp\/v2\/posts"}],"about":[{"href":"https:\/\/agora.xtec.cat\/iescastelldestela\/wp-json\/wp\/v2\/types\/post"}],"author":[{"embeddable":true,"href":"https:\/\/agora.xtec.cat\/iescastelldestela\/wp-json\/wp\/v2\/users\/1"}],"replies":[{"embeddable":true,"href":"https:\/\/agora.xtec.cat\/iescastelldestela\/wp-json\/wp\/v2\/comments?post=717"}],"version-history":[{"count":1,"href":"https:\/\/agora.xtec.cat\/iescastelldestela\/wp-json\/wp\/v2\/posts\/717\/revisions"}],"predecessor-version":[{"id":719,"href":"https:\/\/agora.xtec.cat\/iescastelldestela\/wp-json\/wp\/v2\/posts\/717\/revisions\/719"}],"wp:featuredmedia":[{"embeddable":true,"href":"https:\/\/agora.xtec.cat\/iescastelldestela\/wp-json\/wp\/v2\/media\/718"}],"wp:attachment":[{"href":"https:\/\/agora.xtec.cat\/iescastelldestela\/wp-json\/wp\/v2\/media?parent=717"}],"wp:term":[{"taxonomy":"category","embeddable":true,"href":"https:\/\/agora.xtec.cat\/iescastelldestela\/wp-json\/wp\/v2\/categories?post=717"},{"taxonomy":"post_tag","embeddable":true,"href":"https:\/\/agora.xtec.cat\/iescastelldestela\/wp-json\/wp\/v2\/tags?post=717"}],"curies":[{"name":"wp","href":"https:\/\/api.w.org\/{rel}","templated":true}]}}