{"id":714,"date":"2017-02-26T20:00:56","date_gmt":"2017-02-26T19:00:56","guid":{"rendered":"http:\/\/agora.xtec.cat\/iescastelldestela\/?p=714"},"modified":"2018-01-08T09:45:50","modified_gmt":"2018-01-08T08:45:50","slug":"jornada-de-portes-obertes-4-de-marc","status":"publish","type":"post","link":"https:\/\/agora.xtec.cat\/iescastelldestela\/general\/jornada-de-portes-obertes-4-de-marc\/","title":{"rendered":"JORNADA DE PORTES OBERTES 4 de mar\u00e7"},"content":{"rendered":"<p><span style=\"color:#ffffff;\">_<\/span><\/p>\n<p><span style=\"color:#2b2b5c;\"><strong>L&#8217;institut romandr\u00e0 obert de les 11h a les 13h. A les 12 es realitzar\u00e0 una xerrada general de presentaci\u00f3 i en paral\u00b7lel una xerrada sobre el Batxillerat d&#8217;Arts. Hi esteu tots convidats!<\/strong><\/span><\/p>\n<p><a href=\"https:\/\/institutcastelldestela.wordpress.com\/2017\/01\/26\/jornada-de-portes-obertes-4-de-marc\/cartell-jornada2017pp\/\" rel=\"attachment wp-att-1886\"><img loading=\"lazy\" decoding=\"async\" class=\"alignnone size-full wp-image-1886\" src=\"https:\/\/institutcastelldestela.files.wordpress.com\/2017\/01\/cartell-jornada2017pp.jpg\" alt=\"cartell-jornada2017pp\" width=\"723\" height=\"1027\" \/><\/a><\/p>\n","protected":false},"excerpt":{"rendered":"<p>_<br \/>\nL&#8217;institut romandr\u00e0 obert de les 11h a les 13h. A les 12 es realitzar\u00e0 una xerrada general de presentaci\u00f3 i en paral\u00b7lel una xerrada sobre el Batxillerat d&#8217;Arts. Hi esteu tots convidats!<br \/>\n<a href=\"https:\/\/institutcastelldestela.wordpress.com\/2017\/01\/26\/jornada-de-portes-obertes-4-de-marc\/cartell-jornada2017pp\/\" rel=\"attachment wp-att-1886\"><\/a><\/p>\n","protected":false},"author":1,"featured_media":715,"comment_status":"closed","ping_status":"open","sticky":false,"template":"","format":"standard","meta":{"_bbp_topic_count":0,"_bbp_reply_count":0,"_bbp_total_topic_count":0,"_bbp_total_reply_count":0,"_bbp_voice_count":0,"_bbp_anonymous_reply_count":0,"_bbp_topic_count_hidden":0,"_bbp_reply_count_hidden":0,"_bbp_forum_subforum_count":0,"footnotes":""},"categories":[1,29],"tags":[],"class_list":["post-714","post","type-post","status-publish","format-standard","has-post-thumbnail","hentry","category-general","category-portada"],"post_mailing_queue_ids":[],"_links":{"self":[{"href":"https:\/\/agora.xtec.cat\/iescastelldestela\/wp-json\/wp\/v2\/posts\/714","targetHints":{"allow":["GET"]}}],"collection":[{"href":"https:\/\/agora.xtec.cat\/iescastelldestela\/wp-json\/wp\/v2\/posts"}],"about":[{"href":"https:\/\/agora.xtec.cat\/iescastelldestela\/wp-json\/wp\/v2\/types\/post"}],"author":[{"embeddable":true,"href":"https:\/\/agora.xtec.cat\/iescastelldestela\/wp-json\/wp\/v2\/users\/1"}],"replies":[{"embeddable":true,"href":"https:\/\/agora.xtec.cat\/iescastelldestela\/wp-json\/wp\/v2\/comments?post=714"}],"version-history":[{"count":1,"href":"https:\/\/agora.xtec.cat\/iescastelldestela\/wp-json\/wp\/v2\/posts\/714\/revisions"}],"predecessor-version":[{"id":716,"href":"https:\/\/agora.xtec.cat\/iescastelldestela\/wp-json\/wp\/v2\/posts\/714\/revisions\/716"}],"wp:featuredmedia":[{"embeddable":true,"href":"https:\/\/agora.xtec.cat\/iescastelldestela\/wp-json\/wp\/v2\/media\/715"}],"wp:attachment":[{"href":"https:\/\/agora.xtec.cat\/iescastelldestela\/wp-json\/wp\/v2\/media?parent=714"}],"wp:term":[{"taxonomy":"category","embeddable":true,"href":"https:\/\/agora.xtec.cat\/iescastelldestela\/wp-json\/wp\/v2\/categories?post=714"},{"taxonomy":"post_tag","embeddable":true,"href":"https:\/\/agora.xtec.cat\/iescastelldestela\/wp-json\/wp\/v2\/tags?post=714"}],"curies":[{"name":"wp","href":"https:\/\/api.w.org\/{rel}","templated":true}]}}