{"id":702,"date":"2017-02-18T19:56:13","date_gmt":"2017-02-18T18:56:13","guid":{"rendered":"http:\/\/agora.xtec.cat\/iescastelldestela\/?p=702"},"modified":"2018-01-08T09:45:50","modified_gmt":"2018-01-08T08:45:50","slug":"larrel-del-bruc-emes-a-barcelonatv","status":"publish","type":"post","link":"https:\/\/agora.xtec.cat\/iescastelldestela\/general\/larrel-del-bruc-emes-a-barcelonatv\/","title":{"rendered":"L&#8217;ARREL DEL BRUC em\u00e8s a BarcelonaTV"},"content":{"rendered":"<p style=\"text-align:justify;\">Avui dissabte 18 de febrer a les 19:35 el documental &#8216;L&#8217;arrel del bruc&#8217; que els alumnes de 4t d&#8217;ESO van realitzar el curs passat, ha estat em\u00e8s per la televisi\u00f3 de Barcelona, la Betev\u00e9, dins del programa Doc&#8217;s. Aquesta setmana el doc&#8217;s ha estat dedicat als oficis i s&#8217;hi ha pogut veure aquest film fet\u00a0en el marc de Cinema en curs, sobre la f\u00e0brica d&#8217;escalaborns de bruc i de las tasca de mestre pipaire d&#8217;en Joan Soler.<\/p>\n<p><a href=\"https:\/\/institutcastelldestela.wordpress.com\/2016\/06\/21\/estrenem-documental-larrel-del-bruc-4t-deso\/arrel_del_bruc_cartell400\/\" rel=\"attachment wp-att-1446\"><img loading=\"lazy\" decoding=\"async\" class=\"alignnone wp-image-1446 size-full\" src=\"https:\/\/institutcastelldestela.files.wordpress.com\/2016\/06\/arrel_del_bruc_cartell400.jpg\" alt=\"arrel_del_Bruc_cartell400\" width=\"400\" height=\"317\" \/><\/a><\/p>\n<p><span style=\"color:#ffffff;\">&#8211;<\/span><\/p>\n<p><span style=\"color:#ffffff;\">&#8211;<\/span><\/p>\n<p><span style=\"color:#ffffff;\">&#8211;<\/span><\/p>\n","protected":false},"excerpt":{"rendered":"<p>Avui dissabte 18 de febrer a les 19:35 el documental &#8216;L&#8217;arrel del bruc&#8217; que els alumnes de 4t d&#8217;ESO van realitzar el curs passat, ha estat em\u00e8s per la televisi\u00f3 de Barcelona, la Betev\u00e9, dins del programa Doc&#8217;s. Aquesta setmana el doc&#8217;s ha estat dedicat&hellip;  <a href=\"https:\/\/agora.xtec.cat\/iescastelldestela\/general\/larrel-del-bruc-emes-a-barcelonatv\/\" title=\"Read L&#8217;ARREL DEL BRUC em\u00e8s a BarcelonaTV\">Llegeix m\u00e9s\u00bb<\/a><\/p>\n","protected":false},"author":1,"featured_media":703,"comment_status":"closed","ping_status":"open","sticky":false,"template":"","format":"standard","meta":{"_bbp_topic_count":0,"_bbp_reply_count":0,"_bbp_total_topic_count":0,"_bbp_total_reply_count":0,"_bbp_voice_count":0,"_bbp_anonymous_reply_count":0,"_bbp_topic_count_hidden":0,"_bbp_reply_count_hidden":0,"_bbp_forum_subforum_count":0,"footnotes":""},"categories":[1,29],"tags":[],"class_list":["post-702","post","type-post","status-publish","format-standard","has-post-thumbnail","hentry","category-general","category-portada"],"post_mailing_queue_ids":[],"_links":{"self":[{"href":"https:\/\/agora.xtec.cat\/iescastelldestela\/wp-json\/wp\/v2\/posts\/702","targetHints":{"allow":["GET"]}}],"collection":[{"href":"https:\/\/agora.xtec.cat\/iescastelldestela\/wp-json\/wp\/v2\/posts"}],"about":[{"href":"https:\/\/agora.xtec.cat\/iescastelldestela\/wp-json\/wp\/v2\/types\/post"}],"author":[{"embeddable":true,"href":"https:\/\/agora.xtec.cat\/iescastelldestela\/wp-json\/wp\/v2\/users\/1"}],"replies":[{"embeddable":true,"href":"https:\/\/agora.xtec.cat\/iescastelldestela\/wp-json\/wp\/v2\/comments?post=702"}],"version-history":[{"count":1,"href":"https:\/\/agora.xtec.cat\/iescastelldestela\/wp-json\/wp\/v2\/posts\/702\/revisions"}],"predecessor-version":[{"id":704,"href":"https:\/\/agora.xtec.cat\/iescastelldestela\/wp-json\/wp\/v2\/posts\/702\/revisions\/704"}],"wp:featuredmedia":[{"embeddable":true,"href":"https:\/\/agora.xtec.cat\/iescastelldestela\/wp-json\/wp\/v2\/media\/703"}],"wp:attachment":[{"href":"https:\/\/agora.xtec.cat\/iescastelldestela\/wp-json\/wp\/v2\/media?parent=702"}],"wp:term":[{"taxonomy":"category","embeddable":true,"href":"https:\/\/agora.xtec.cat\/iescastelldestela\/wp-json\/wp\/v2\/categories?post=702"},{"taxonomy":"post_tag","embeddable":true,"href":"https:\/\/agora.xtec.cat\/iescastelldestela\/wp-json\/wp\/v2\/tags?post=702"}],"curies":[{"name":"wp","href":"https:\/\/api.w.org\/{rel}","templated":true}]}}