{"id":7006,"date":"2021-05-05T09:26:19","date_gmt":"2021-05-05T09:26:19","guid":{"rendered":"https:\/\/institutcastelldestela.wordpress.com\/?p=7006"},"modified":"2021-05-05T09:26:19","modified_gmt":"2021-05-05T09:26:19","slug":"informacio-de-la-preinscripcio-de-batxillerat","status":"publish","type":"post","link":"https:\/\/agora.xtec.cat\/iescastelldestela\/sin-categoria\/informacio-de-la-preinscripcio-de-batxillerat\/","title":{"rendered":"INFORMACI\u00d3 DE LA PREINSCRIPCI\u00d3 DE BATXILLERAT"},"content":{"rendered":"\n<p>CONEIXES EL NOSTRE CENTRE? &nbsp;<a href=\"https:\/\/drive.google.com\/file\/d\/1D0lcnfyzrDUltTKOcGGhM9OOqi43i1na\/view?usp=sharing\">V\u00eddeo per con\u00e8ixer el nostre centre<\/a><\/p>\n\n\n\n<p><strong>PREINSCRIPCI\u00d3 BATXILLERAT :<\/strong><\/p>\n\n\n\n<ul class=\"wp-block-list\"><li><strong>Per\u00edode : <\/strong>del 11 al 17 de maig.<\/li><li><strong>Modalitats :<\/strong> preinscripci\u00f3 telem\u00e0tica.<\/li><li><strong>INFORMACI\u00d3 PER LES FAM\u00cdLIES<\/strong><\/li><\/ul>\n\n\n\n<p><strong><a href=\"https:\/\/drive.google.com\/file\/d\/1VXE0c9sqyZhbSnBvstrd1ibrX2Ur5m8N\/view?usp=sharing\">COM REALITZAR LA PREINSCRIPCI\u00d3<\/a><\/strong><\/p>\n\n\n\n<p>Els alumnes del nostre centre que vulguin fer Batxillerat Cient\u00edfic-Tecnol\u00f2gic o Human\u00edstic-Social, no han de realitzar la preinscripci\u00f3. Al mes de juny us farem arribar tota la informaci\u00f3 per fer la matr\u00edcula.<\/p>\n\n\n\n<p><strong>Els alumnes que vulguin fer Batxillerat Art\u00edstic encara que siguin del nostre centre han de realitzar la preinscripci\u00f3.<\/strong><\/p>\n\n\n\n<p>Els alumnes que canvien de centre, han de fer preinscripci\u00f3 per totes les modalitats de Batxillerat.<\/p>\n\n\n\n<p><strong>TEL\u00c8FON de CONTACTE : 667343225 (de 8:00 a 19:00h.)<\/strong><\/p>\n\n\n\n<p>e-mail : <strong>b7004578@xtec.cat<\/strong><\/p>\n","protected":false},"excerpt":{"rendered":"<p>CONEIXES EL NOSTRE CENTRE? &nbsp;<a href=\"https:\/\/drive.google.com\/file\/d\/1D0lcnfyzrDUltTKOcGGhM9OOqi43i1na\/view?usp=sharing\">V\u00eddeo per con\u00e8ixer el nostre centre<\/a><\/p>\n<p>PREINSCRIPCI\u00d3 BATXILLERAT :<\/p>\n<ul class=\"wp-block-list\">\n<li>Per\u00edode : del 11 al 17 de maig.<\/li>\n<li>Modalitats : preinscripci\u00f3 telem\u00e0tica.<\/li>\n<li>INFORMACI\u00d3 PER LES FAM\u00cdLIES<\/li>\n<\/ul>\n<p><a href=\"https:\/\/drive.google.com\/file\/d\/1VXE0c9sqyZhbSnBvstrd1ibrX2Ur5m8N\/view?usp=sharing\">COM REALITZAR LA PREINSCRIPCI\u00d3<\/a><\/p>\n<p>Els alumnes del nostre centre que vulguin fer Batxillerat Cient\u00edfic-Tecnol\u00f2gic o Human\u00edstic-Social, no han de&hellip;  <a href=\"https:\/\/agora.xtec.cat\/iescastelldestela\/sin-categoria\/informacio-de-la-preinscripcio-de-batxillerat\/\" title=\"Read INFORMACI\u00d3 DE LA PREINSCRIPCI\u00d3 DE BATXILLERAT\">Llegeix m\u00e9s\u00bb<\/a><\/p>\n","protected":false},"author":1,"featured_media":8783,"comment_status":"closed","ping_status":"open","sticky":false,"template":"","format":"standard","meta":{"_bbp_topic_count":0,"_bbp_reply_count":0,"_bbp_total_topic_count":0,"_bbp_total_reply_count":0,"_bbp_voice_count":0,"_bbp_anonymous_reply_count":0,"_bbp_topic_count_hidden":0,"_bbp_reply_count_hidden":0,"_bbp_forum_subforum_count":0,"footnotes":""},"categories":[109],"tags":[],"class_list":["post-7006","post","type-post","status-publish","format-standard","has-post-thumbnail","hentry","category-sin-categoria"],"post_mailing_queue_ids":[],"_links":{"self":[{"href":"https:\/\/agora.xtec.cat\/iescastelldestela\/wp-json\/wp\/v2\/posts\/7006","targetHints":{"allow":["GET"]}}],"collection":[{"href":"https:\/\/agora.xtec.cat\/iescastelldestela\/wp-json\/wp\/v2\/posts"}],"about":[{"href":"https:\/\/agora.xtec.cat\/iescastelldestela\/wp-json\/wp\/v2\/types\/post"}],"author":[{"embeddable":true,"href":"https:\/\/agora.xtec.cat\/iescastelldestela\/wp-json\/wp\/v2\/users\/1"}],"replies":[{"embeddable":true,"href":"https:\/\/agora.xtec.cat\/iescastelldestela\/wp-json\/wp\/v2\/comments?post=7006"}],"version-history":[{"count":0,"href":"https:\/\/agora.xtec.cat\/iescastelldestela\/wp-json\/wp\/v2\/posts\/7006\/revisions"}],"wp:featuredmedia":[{"embeddable":true,"href":"https:\/\/agora.xtec.cat\/iescastelldestela\/wp-json\/wp\/v2\/media\/8783"}],"wp:attachment":[{"href":"https:\/\/agora.xtec.cat\/iescastelldestela\/wp-json\/wp\/v2\/media?parent=7006"}],"wp:term":[{"taxonomy":"category","embeddable":true,"href":"https:\/\/agora.xtec.cat\/iescastelldestela\/wp-json\/wp\/v2\/categories?post=7006"},{"taxonomy":"post_tag","embeddable":true,"href":"https:\/\/agora.xtec.cat\/iescastelldestela\/wp-json\/wp\/v2\/tags?post=7006"}],"curies":[{"name":"wp","href":"https:\/\/api.w.org\/{rel}","templated":true}]}}