{"id":693,"date":"2017-02-09T07:21:39","date_gmt":"2017-02-09T06:21:39","guid":{"rendered":"http:\/\/agora.xtec.cat\/iescastelldestela\/?p=693"},"modified":"2018-01-08T09:45:51","modified_gmt":"2018-01-08T08:45:51","slug":"olimpiades-de-geologia","status":"publish","type":"post","link":"https:\/\/agora.xtec.cat\/iescastelldestela\/general\/olimpiades-de-geologia\/","title":{"rendered":"OLIMP\u00cdADES DE GEOLOGIA"},"content":{"rendered":"<p>El passat dissabte 3 de febrer <strong>els alumnes de Ci\u00e8ncies de la terra de medi ambient de 2n de Batxillerat, Andrea M\u00e9ndez i Pau G\u00fcell van participar a les Olimp\u00edades de Geologia<\/strong> que es feien a la Universitat de Girona.<\/p>\n<p>Havien de resoldre una part te\u00f2rica individual i una segona prova que era en grup.\u00a0 El grup de l\u2019Andrea i en Pau van quedar en primer lloc empatats amb un altre grup de Figueres.<\/p>\n<h3><strong>Moltes felicitats a tots dos tant pels resultats obtinguts com a grup i\u00a0 felicitar-los individualment ja que van quedar en 15ena i 21ena dels 118 participants.<\/strong><\/h3>\n<p><a href=\"http:\/\/www.udg.edu\/Not%C3%ADciesiagenda\/Reculldenot%C3%ADcies\/tabid\/2575\/p\/54726\/language\/ca-ES\/Default.aspx\">Olimp\u00edades de Geologia<\/a><\/p>\n<p>&nbsp;<\/p>\n<p><img loading=\"lazy\" decoding=\"async\" class=\"  wp-image-2023 aligncenter\" src=\"https:\/\/agora.xtec.cat\/iescastelldestela\/wp-content\/uploads\/usu1648\/2017\/02\/dsc060001.jpg\" alt=\"dsc06000\" width=\"324\" height=\"243\" \/>\u00a0\u00a0\u00a0 <img loading=\"lazy\" decoding=\"async\" class=\"alignnone size-full wp-image-1999\" src=\"https:\/\/agora.xtec.cat\/iescastelldestela\/wp-content\/uploads\/usu1648\/2017\/02\/img_20170206_123043.jpg\" alt=\"img_20170206_123043\" width=\"4032\" height=\"3024\" \/><\/p>\n","protected":false},"excerpt":{"rendered":"<p>El passat dissabte 3 de febrer els alumnes de Ci\u00e8ncies de la terra de medi ambient de 2n de Batxillerat, Andrea M\u00e9ndez i Pau G\u00fcell van participar a les Olimp\u00edades de Geologia que es feien a la Universitat de Girona.<br \/>\nHavien de resoldre una part te\u00f2rica&hellip;  <a href=\"https:\/\/agora.xtec.cat\/iescastelldestela\/general\/olimpiades-de-geologia\/\" title=\"Read OLIMP\u00cdADES DE GEOLOGIA\">Llegeix m\u00e9s\u00bb<\/a><\/p>\n","protected":false},"author":1,"featured_media":694,"comment_status":"closed","ping_status":"open","sticky":false,"template":"","format":"standard","meta":{"_bbp_topic_count":0,"_bbp_reply_count":0,"_bbp_total_topic_count":0,"_bbp_total_reply_count":0,"_bbp_voice_count":0,"_bbp_anonymous_reply_count":0,"_bbp_topic_count_hidden":0,"_bbp_reply_count_hidden":0,"_bbp_forum_subforum_count":0,"footnotes":""},"categories":[1,29],"tags":[],"class_list":["post-693","post","type-post","status-publish","format-standard","has-post-thumbnail","hentry","category-general","category-portada"],"post_mailing_queue_ids":[],"_links":{"self":[{"href":"https:\/\/agora.xtec.cat\/iescastelldestela\/wp-json\/wp\/v2\/posts\/693","targetHints":{"allow":["GET"]}}],"collection":[{"href":"https:\/\/agora.xtec.cat\/iescastelldestela\/wp-json\/wp\/v2\/posts"}],"about":[{"href":"https:\/\/agora.xtec.cat\/iescastelldestela\/wp-json\/wp\/v2\/types\/post"}],"author":[{"embeddable":true,"href":"https:\/\/agora.xtec.cat\/iescastelldestela\/wp-json\/wp\/v2\/users\/1"}],"replies":[{"embeddable":true,"href":"https:\/\/agora.xtec.cat\/iescastelldestela\/wp-json\/wp\/v2\/comments?post=693"}],"version-history":[{"count":1,"href":"https:\/\/agora.xtec.cat\/iescastelldestela\/wp-json\/wp\/v2\/posts\/693\/revisions"}],"predecessor-version":[{"id":695,"href":"https:\/\/agora.xtec.cat\/iescastelldestela\/wp-json\/wp\/v2\/posts\/693\/revisions\/695"}],"wp:featuredmedia":[{"embeddable":true,"href":"https:\/\/agora.xtec.cat\/iescastelldestela\/wp-json\/wp\/v2\/media\/694"}],"wp:attachment":[{"href":"https:\/\/agora.xtec.cat\/iescastelldestela\/wp-json\/wp\/v2\/media?parent=693"}],"wp:term":[{"taxonomy":"category","embeddable":true,"href":"https:\/\/agora.xtec.cat\/iescastelldestela\/wp-json\/wp\/v2\/categories?post=693"},{"taxonomy":"post_tag","embeddable":true,"href":"https:\/\/agora.xtec.cat\/iescastelldestela\/wp-json\/wp\/v2\/tags?post=693"}],"curies":[{"name":"wp","href":"https:\/\/api.w.org\/{rel}","templated":true}]}}