{"id":6910,"date":"2021-03-25T13:41:13","date_gmt":"2021-03-25T13:41:13","guid":{"rendered":"https:\/\/institutcastelldestela.wordpress.com\/?p=6910"},"modified":"2021-03-25T13:41:13","modified_gmt":"2021-03-25T13:41:13","slug":"portes-obertes-batxillerat-2","status":"publish","type":"post","link":"https:\/\/agora.xtec.cat\/iescastelldestela\/sin-categoria\/portes-obertes-batxillerat-2\/","title":{"rendered":"PORTES OBERTES BATXILLERAT"},"content":{"rendered":"\n<div class=\"wp-block-image\"><figure class=\"aligncenter size-large is-resized\"><a href=\"https:\/\/agora.xtec.cat\/iescastelldestela\/wp-content\/uploads\/usu1648\/2021\/03\/copia-de-jornada-de-portes-obertes-virtual-1-1.jpg\"><img loading=\"lazy\" decoding=\"async\" src=\"https:\/\/agora.xtec.cat\/iescastelldestela\/wp-content\/uploads\/usu1648\/2021\/03\/copia-de-jornada-de-portes-obertes-virtual-1-1.jpg?w=724\" alt=\"\" class=\"wp-image-6926\" width=\"301\" height=\"426\" \/><\/a><\/figure><\/div>\n\n\n\n<p><\/p>\n\n\n\n<p>Enguany no podrem dur a terme presencialment&nbsp;<strong>les Jornades de Portes Obertes<\/strong>&nbsp;per als alumnes que el curs vinent, un cop acabada l\u2019ESO, comen\u00e7aran la seva etapa al Batxillerat.<\/p>\n\n\n\n<p><strong>LA JORNADA DE PORTES OBERTES VIRTUAL SER\u00c0 EL DIMARTS DIA 20 D&#8217;ABRIL DE 2021 AL NOSTRE INSTITUT<\/strong><\/p>\n\n\n\n<p>La sessi\u00f3 virtual c<strong>omen\u00e7ar\u00e0 a les 19:30h <\/strong>mitjan\u00e7ant l\u2019aplicaci\u00f3 Google Meet. Per poder-hi accedir, nom\u00e9s cal que premeu el seg\u00fcent enlla\u00e7 el dia i l\u2019hora de la reuni\u00f3.<\/p>\n\n\n\n<p><strong><span class=\"uppercase\">ENLLA\u00c7:  <a rel=\"noreferrer noopener\" href=\"https:\/\/meet.google.com\/sic-wycj-fvj\" target=\"_blank\">https:\/\/meet.google.com\/sic-wycj-fvj<\/a><\/span><\/strong><\/p>\n\n\n\n<p><\/p>\n\n\n\n<p>Aix\u00ed mateix, us recomanem que mireu &nbsp;tot el que fem:<\/p>\n\n\n\n<ul class=\"wp-block-list\"><li><a href=\"https:\/\/drive.google.com\/file\/d\/1iXikclXpm6f5SMukg-ZC7xQXYGdf0B34\/view?usp=sharing\">&nbsp;Presentaci\u00f3 dels BATXILLERATS&nbsp;<\/a><\/li><\/ul>\n\n\n\n<ul class=\"wp-block-list\"><li><a href=\"https:\/\/drive.google.com\/file\/d\/15rLJFol4gnT0F9qkCZ4nDrLJUhFTX5YH\/view?usp=sharing\">Presentaci\u00f3 del Batxillerat d\u2019ARTS<\/a><\/li><\/ul>\n\n\n\n<p>Esperem que&nbsp; sigui del vostre inter\u00e8s.<\/p>\n\n\n\n<p>EQUIP DIRECTIU<\/p>\n\n\n\n<p><em>INS Castell d\u2019Estela<\/em>&nbsp;\u2013&nbsp;<em>Amer<\/em><\/p>\n\n\n\n<p><\/p>\n\n\n\n<p><\/p>\n","protected":false},"excerpt":{"rendered":"<p>Enguany no podrem dur a terme presencialment&nbsp;les Jornades de Portes Obertes&nbsp;per als alumnes que el curs vinent, un cop acabada l\u2019ESO, comen\u00e7aran la seva etapa al Batxillerat. LA JORNADA DE PORTES OBERTES VIRTUAL SER\u00c0 EL DIMARTS DIA 20 D&#8217;ABRIL DE 2021 AL NOSTRE INSTITUT La sessi\u00f3 virtual comen\u00e7ar\u00e0 a les 19:30h mitjan\u00e7ant l\u2019aplicaci\u00f3 Google Meet. [&hellip;]<\/p>\n","protected":false},"author":1,"featured_media":8776,"comment_status":"closed","ping_status":"open","sticky":false,"template":"","format":"standard","meta":{"_bbp_topic_count":0,"_bbp_reply_count":0,"_bbp_total_topic_count":0,"_bbp_total_reply_count":0,"_bbp_voice_count":0,"_bbp_anonymous_reply_count":0,"_bbp_topic_count_hidden":0,"_bbp_reply_count_hidden":0,"_bbp_forum_subforum_count":0,"site-sidebar-layout":"default","site-content-layout":"","ast-site-content-layout":"","site-content-style":"default","site-sidebar-style":"default","ast-global-header-display":"","ast-banner-title-visibility":"","ast-main-header-display":"","ast-hfb-above-header-display":"","ast-hfb-below-header-display":"","ast-hfb-mobile-header-display":"","site-post-title":"","ast-breadcrumbs-content":"","ast-featured-img":"","footer-sml-layout":"","theme-transparent-header-meta":"","adv-header-id-meta":"","stick-header-meta":"","header-above-stick-meta":"","header-main-stick-meta":"","header-below-stick-meta":"","astra-migrate-meta-layouts":"default","ast-page-background-enabled":"default","ast-page-background-meta":{"desktop":{"background-color":"var(--ast-global-color-4)","background-image":"","background-repeat":"repeat","background-position":"center center","background-size":"auto","background-attachment":"scroll","background-type":"","background-media":"","overlay-type":"","overlay-color":"","overlay-opacity":"","overlay-gradient":""},"tablet":{"background-color":"","background-image":"","background-repeat":"repeat","background-position":"center center","background-size":"auto","background-attachment":"scroll","background-type":"","background-media":"","overlay-type":"","overlay-color":"","overlay-opacity":"","overlay-gradient":""},"mobile":{"background-color":"","background-image":"","background-repeat":"repeat","background-position":"center center","background-size":"auto","background-attachment":"scroll","background-type":"","background-media":"","overlay-type":"","overlay-color":"","overlay-opacity":"","overlay-gradient":""}},"ast-content-background-meta":{"desktop":{"background-color":"var(--ast-global-color-5)","background-image":"","background-repeat":"repeat","background-position":"center center","background-size":"auto","background-attachment":"scroll","background-type":"","background-media":"","overlay-type":"","overlay-color":"","overlay-opacity":"","overlay-gradient":""},"tablet":{"background-color":"var(--ast-global-color-5)","background-image":"","background-repeat":"repeat","background-position":"center center","background-size":"auto","background-attachment":"scroll","background-type":"","background-media":"","overlay-type":"","overlay-color":"","overlay-opacity":"","overlay-gradient":""},"mobile":{"background-color":"var(--ast-global-color-5)","background-image":"","background-repeat":"repeat","background-position":"center center","background-size":"auto","background-attachment":"scroll","background-type":"","background-media":"","overlay-type":"","overlay-color":"","overlay-opacity":"","overlay-gradient":""}},"footnotes":""},"categories":[109],"tags":[],"class_list":["post-6910","post","type-post","status-publish","format-standard","has-post-thumbnail","hentry","category-sin-categoria"],"post_mailing_queue_ids":[],"_links":{"self":[{"href":"https:\/\/agora.xtec.cat\/iescastelldestela\/wp-json\/wp\/v2\/posts\/6910","targetHints":{"allow":["GET"]}}],"collection":[{"href":"https:\/\/agora.xtec.cat\/iescastelldestela\/wp-json\/wp\/v2\/posts"}],"about":[{"href":"https:\/\/agora.xtec.cat\/iescastelldestela\/wp-json\/wp\/v2\/types\/post"}],"author":[{"embeddable":true,"href":"https:\/\/agora.xtec.cat\/iescastelldestela\/wp-json\/wp\/v2\/users\/1"}],"replies":[{"embeddable":true,"href":"https:\/\/agora.xtec.cat\/iescastelldestela\/wp-json\/wp\/v2\/comments?post=6910"}],"version-history":[{"count":0,"href":"https:\/\/agora.xtec.cat\/iescastelldestela\/wp-json\/wp\/v2\/posts\/6910\/revisions"}],"wp:featuredmedia":[{"embeddable":true,"href":"https:\/\/agora.xtec.cat\/iescastelldestela\/wp-json\/wp\/v2\/media\/8776"}],"wp:attachment":[{"href":"https:\/\/agora.xtec.cat\/iescastelldestela\/wp-json\/wp\/v2\/media?parent=6910"}],"wp:term":[{"taxonomy":"category","embeddable":true,"href":"https:\/\/agora.xtec.cat\/iescastelldestela\/wp-json\/wp\/v2\/categories?post=6910"},{"taxonomy":"post_tag","embeddable":true,"href":"https:\/\/agora.xtec.cat\/iescastelldestela\/wp-json\/wp\/v2\/tags?post=6910"}],"curies":[{"name":"wp","href":"https:\/\/api.w.org\/{rel}","templated":true}]}}