{"id":690,"date":"2017-02-07T10:58:20","date_gmt":"2017-02-07T09:58:20","guid":{"rendered":"http:\/\/agora.xtec.cat\/iescastelldestela\/?p=690"},"modified":"2018-01-08T09:48:24","modified_gmt":"2018-01-08T08:48:24","slug":"olimpiades-de-biologia","status":"publish","type":"post","link":"https:\/\/agora.xtec.cat\/iescastelldestela\/general\/olimpiades-de-biologia\/","title":{"rendered":"OLIMP\u00cdADES DE BIOLOGIA"},"content":{"rendered":"<p>&nbsp;<\/p>\n<p>El dissabte 4 de febrer en Pau G\u00fcell i en Bernat Dalmau van participar a les olimp\u00edades de biologia que es van realitzar a la facultat de Ci\u00e8ncies de la UdG.<\/p>\n<p>El mateix dia i a la mateixa hora es feia la mateixa prova a les seus de Barcelona, Vic, Lleida i Tarragona.<\/p>\n<p>D&#8217;entre els trenta participants de Girona, tres alumnes van quedar guanyadors i un d&#8217;ells va ser en Bernat, el qual anir\u00e0 el proper dimecres a la UAB per tal de fer una segona prova reservada als 20 finalistes de Catalunya. <strong>\u00c0nims Bernat!<\/strong><\/p>\n<p>NOT\u00cdCIES:<\/p>\n<p><a href=\"http:\/\/www.udg.edu\/Not%C3%ADciesiagenda\/Reculldenot%C3%ADcies\/tabid\/2575\/p\/54725\/language\/ca-ES\/Default.aspx\">Dos estudiants gironins passaran a la segona fase de l\u2019Olimp\u00edada de Biologia entre ells en Bernat Dalmau de 2n de Batx de l&#8217;INS Castell d&#8217;Estela d&#8217;Amer<\/a><\/p>\n<p>&nbsp;<\/p>\n<p>&nbsp;<\/p>\n","protected":false},"excerpt":{"rendered":"<p>&nbsp;<br \/>\nEl dissabte 4 de febrer en Pau G\u00fcell i en Bernat Dalmau van participar a les olimp\u00edades de biologia que es van realitzar a la facultat de Ci\u00e8ncies de la UdG.<br \/>\nEl mateix dia i a la mateixa hora es feia la mateixa prova a les&hellip;  <a href=\"https:\/\/agora.xtec.cat\/iescastelldestela\/general\/olimpiades-de-biologia\/\" title=\"Read OLIMP\u00cdADES DE BIOLOGIA\">Llegeix m\u00e9s\u00bb<\/a><\/p>\n","protected":false},"author":1,"featured_media":691,"comment_status":"closed","ping_status":"open","sticky":false,"template":"","format":"standard","meta":{"_bbp_topic_count":0,"_bbp_reply_count":0,"_bbp_total_topic_count":0,"_bbp_total_reply_count":0,"_bbp_voice_count":0,"_bbp_anonymous_reply_count":0,"_bbp_topic_count_hidden":0,"_bbp_reply_count_hidden":0,"_bbp_forum_subforum_count":0,"footnotes":""},"categories":[1,29],"tags":[],"class_list":["post-690","post","type-post","status-publish","format-standard","has-post-thumbnail","hentry","category-general","category-portada"],"post_mailing_queue_ids":[],"_links":{"self":[{"href":"https:\/\/agora.xtec.cat\/iescastelldestela\/wp-json\/wp\/v2\/posts\/690","targetHints":{"allow":["GET"]}}],"collection":[{"href":"https:\/\/agora.xtec.cat\/iescastelldestela\/wp-json\/wp\/v2\/posts"}],"about":[{"href":"https:\/\/agora.xtec.cat\/iescastelldestela\/wp-json\/wp\/v2\/types\/post"}],"author":[{"embeddable":true,"href":"https:\/\/agora.xtec.cat\/iescastelldestela\/wp-json\/wp\/v2\/users\/1"}],"replies":[{"embeddable":true,"href":"https:\/\/agora.xtec.cat\/iescastelldestela\/wp-json\/wp\/v2\/comments?post=690"}],"version-history":[{"count":1,"href":"https:\/\/agora.xtec.cat\/iescastelldestela\/wp-json\/wp\/v2\/posts\/690\/revisions"}],"predecessor-version":[{"id":692,"href":"https:\/\/agora.xtec.cat\/iescastelldestela\/wp-json\/wp\/v2\/posts\/690\/revisions\/692"}],"wp:featuredmedia":[{"embeddable":true,"href":"https:\/\/agora.xtec.cat\/iescastelldestela\/wp-json\/wp\/v2\/media\/691"}],"wp:attachment":[{"href":"https:\/\/agora.xtec.cat\/iescastelldestela\/wp-json\/wp\/v2\/media?parent=690"}],"wp:term":[{"taxonomy":"category","embeddable":true,"href":"https:\/\/agora.xtec.cat\/iescastelldestela\/wp-json\/wp\/v2\/categories?post=690"},{"taxonomy":"post_tag","embeddable":true,"href":"https:\/\/agora.xtec.cat\/iescastelldestela\/wp-json\/wp\/v2\/tags?post=690"}],"curies":[{"name":"wp","href":"https:\/\/api.w.org\/{rel}","templated":true}]}}