{"id":664,"date":"2016-12-17T14:46:14","date_gmt":"2016-12-17T13:46:14","guid":{"rendered":"http:\/\/agora.xtec.cat\/iescastelldestela\/?p=664"},"modified":"2018-01-08T09:48:25","modified_gmt":"2018-01-08T08:48:25","slug":"diplomes-delf","status":"publish","type":"post","link":"https:\/\/agora.xtec.cat\/iescastelldestela\/general\/diplomes-delf\/","title":{"rendered":"DIPLOMES  DELF"},"content":{"rendered":"<p>Alumnes del nostre centre, Aida Cullell i Paula Valent\u00ed juntament amb la professora de franc\u00e8s Olga Mart\u00edn van assistir a l\u2019acte de lliurament dels diplomes DELF scolaire 2016 que va tenir lloc el passat dia 14 de desembre a Girona.<\/p>\n<p><a href=\"https:\/\/institutcastelldestela.wordpress.com\/2016\/12\/17\/diplomes-delf\/delf-olga\/\" rel=\"attachment wp-att-1830\"><img loading=\"lazy\" decoding=\"async\" class=\"alignnone size-medium wp-image-1830\" src=\"https:\/\/agora.xtec.cat\/iescastelldestela\/wp-content\/uploads\/usu1648\/2016\/12\/delf-olga.jpg?w=300\" alt=\"delf-olga\" width=\"300\" height=\"225\" \/><\/a><\/p>\n<p><span style=\"color:#ffffff;\">&#8211;<\/span><\/p>\n<p><span style=\"color:#ffffff;\">&#8211;<\/span><\/p>\n<p><span style=\"color:#ffffff;\">&#8211;<\/span><\/p>\n","protected":false},"excerpt":{"rendered":"<p>Alumnes del nostre centre, Aida Cullell i Paula Valent\u00ed juntament amb la professora de franc\u00e8s Olga Mart\u00edn van assistir a l\u2019acte de lliurament dels diplomes DELF scolaire 2016 que va tenir lloc el passat dia 14 de desembre a Girona.<br \/>\n<a href=\"https:\/\/institutcastelldestela.wordpress.com\/2016\/12\/17\/diplomes-delf\/delf-olga\/\" rel=\"attachment wp-att-1830\"><\/a><br \/>\n&#8211;<br \/>\n&#8211;<br \/>\n&#8211;<\/p>\n","protected":false},"author":1,"featured_media":665,"comment_status":"closed","ping_status":"open","sticky":false,"template":"","format":"standard","meta":{"_bbp_topic_count":0,"_bbp_reply_count":0,"_bbp_total_topic_count":0,"_bbp_total_reply_count":0,"_bbp_voice_count":0,"_bbp_anonymous_reply_count":0,"_bbp_topic_count_hidden":0,"_bbp_reply_count_hidden":0,"_bbp_forum_subforum_count":0,"footnotes":""},"categories":[1,29],"tags":[],"class_list":["post-664","post","type-post","status-publish","format-standard","has-post-thumbnail","hentry","category-general","category-portada"],"post_mailing_queue_ids":[],"_links":{"self":[{"href":"https:\/\/agora.xtec.cat\/iescastelldestela\/wp-json\/wp\/v2\/posts\/664","targetHints":{"allow":["GET"]}}],"collection":[{"href":"https:\/\/agora.xtec.cat\/iescastelldestela\/wp-json\/wp\/v2\/posts"}],"about":[{"href":"https:\/\/agora.xtec.cat\/iescastelldestela\/wp-json\/wp\/v2\/types\/post"}],"author":[{"embeddable":true,"href":"https:\/\/agora.xtec.cat\/iescastelldestela\/wp-json\/wp\/v2\/users\/1"}],"replies":[{"embeddable":true,"href":"https:\/\/agora.xtec.cat\/iescastelldestela\/wp-json\/wp\/v2\/comments?post=664"}],"version-history":[{"count":1,"href":"https:\/\/agora.xtec.cat\/iescastelldestela\/wp-json\/wp\/v2\/posts\/664\/revisions"}],"predecessor-version":[{"id":666,"href":"https:\/\/agora.xtec.cat\/iescastelldestela\/wp-json\/wp\/v2\/posts\/664\/revisions\/666"}],"wp:featuredmedia":[{"embeddable":true,"href":"https:\/\/agora.xtec.cat\/iescastelldestela\/wp-json\/wp\/v2\/media\/665"}],"wp:attachment":[{"href":"https:\/\/agora.xtec.cat\/iescastelldestela\/wp-json\/wp\/v2\/media?parent=664"}],"wp:term":[{"taxonomy":"category","embeddable":true,"href":"https:\/\/agora.xtec.cat\/iescastelldestela\/wp-json\/wp\/v2\/categories?post=664"},{"taxonomy":"post_tag","embeddable":true,"href":"https:\/\/agora.xtec.cat\/iescastelldestela\/wp-json\/wp\/v2\/tags?post=664"}],"curies":[{"name":"wp","href":"https:\/\/api.w.org\/{rel}","templated":true}]}}