{"id":661,"date":"2016-12-05T18:09:46","date_gmt":"2016-12-05T17:09:46","guid":{"rendered":"http:\/\/agora.xtec.cat\/iescastelldestela\/?p=661"},"modified":"2018-01-08T09:48:25","modified_gmt":"2018-01-08T08:48:25","slug":"anamorfismes-4t-deso","status":"publish","type":"post","link":"https:\/\/agora.xtec.cat\/iescastelldestela\/general\/anamorfismes-4t-deso\/","title":{"rendered":"ANAMORFISMES 4t d&#8217;ESO"},"content":{"rendered":"<p><strong><span style=\"color:#ff0000;\">Mireu per l&#8217;institut!<\/span> <\/strong>S&#8217;ha barrat el pas als lavabos i als passadissos! Per\u00f2 tot plegat nom\u00e9s \u00e9s un efecte visual degut a la visi\u00f3 en perspectiva que ens fa veure formes anam\u00f2rfiques com a formes del tot definides amb una forma enganyosa <strong><span style=\"color:#ff0000;\">__________________________________<\/span><\/strong><\/p>\n<p>Per fer-los els alumnes d&#8217;Educaci\u00f3 visual i pl\u00e0stica de 4t d&#8217;ESO ens hem inspirat en les obres de Felice Varini que s\u00f3n formes geom\u00e8triques en perspectiva localitzades a l&#8217;interior d&#8217;edificis i en exteriors. <strong><span style=\"color:#ff0000;\">_____________________________________<\/span><\/strong><\/p>\n<p>A veure si no podeu passar!<\/p>\n<p><strong><span style=\"color:#ff0000;\"><a href=\"https:\/\/institutcastelldestela.wordpress.com\/2016\/12\/05\/anamorfismes-4t-deso\/img_6955p\/\" rel=\"attachment wp-att-1801\"><img loading=\"lazy\" decoding=\"async\" class=\"size-medium wp-image-1801 alignleft\" src=\"https:\/\/agora.xtec.cat\/iescastelldestela\/wp-content\/uploads\/usu1648\/2016\/12\/img_6955p.jpg?w=200\" alt=\"img_6955p\" width=\"200\" height=\"300\" srcset=\"https:\/\/agora.xtec.cat\/iescastelldestela\/wp-content\/uploads\/usu1648\/2016\/12\/img_6955p.jpg 500w, https:\/\/agora.xtec.cat\/iescastelldestela\/wp-content\/uploads\/usu1648\/2016\/12\/img_6955p-200x300.jpg 200w\" sizes=\"auto, (max-width: 200px) 100vw, 200px\" \/><\/a><a href=\"https:\/\/institutcastelldestela.wordpress.com\/2016\/12\/05\/anamorfismes-4t-deso\/img_6961p\/\" rel=\"attachment wp-att-1802\"><img loading=\"lazy\" decoding=\"async\" class=\"size-medium wp-image-1802 alignleft\" src=\"https:\/\/agora.xtec.cat\/iescastelldestela\/wp-content\/uploads\/usu1648\/2016\/12\/img_6961p.jpg?w=200\" alt=\"img_6961p\" width=\"200\" height=\"300\" srcset=\"https:\/\/agora.xtec.cat\/iescastelldestela\/wp-content\/uploads\/usu1648\/2016\/12\/img_6961p.jpg 500w, https:\/\/agora.xtec.cat\/iescastelldestela\/wp-content\/uploads\/usu1648\/2016\/12\/img_6961p-200x300.jpg 200w\" sizes=\"auto, (max-width: 200px) 100vw, 200px\" \/><\/a><a href=\"https:\/\/institutcastelldestela.wordpress.com\/2016\/12\/05\/anamorfismes-4t-deso\/img_6963p\/\" rel=\"attachment wp-att-1803\"><img loading=\"lazy\" decoding=\"async\" class=\"alignnone size-medium wp-image-1803\" src=\"https:\/\/agora.xtec.cat\/iescastelldestela\/wp-content\/uploads\/usu1648\/2016\/12\/img_6963p.jpg?w=200\" alt=\"img_6963p\" width=\"200\" height=\"300\" srcset=\"https:\/\/agora.xtec.cat\/iescastelldestela\/wp-content\/uploads\/usu1648\/2016\/12\/img_6963p.jpg 500w, https:\/\/agora.xtec.cat\/iescastelldestela\/wp-content\/uploads\/usu1648\/2016\/12\/img_6963p-200x300.jpg 200w\" sizes=\"auto, (max-width: 200px) 100vw, 200px\" \/><\/a><\/span><\/strong><\/p>\n<p><strong><span style=\"color:#ff0000;\"><a href=\"https:\/\/institutcastelldestela.wordpress.com\/2016\/12\/05\/anamorfismes-4t-deso\/img_6951p\/\" rel=\"attachment wp-att-1799\"><img loading=\"lazy\" decoding=\"async\" class=\"size-medium wp-image-1799 alignleft\" src=\"https:\/\/agora.xtec.cat\/iescastelldestela\/wp-content\/uploads\/usu1648\/2016\/12\/img_6951p.jpg?w=200\" alt=\"img_6951p\" width=\"200\" height=\"300\" srcset=\"https:\/\/agora.xtec.cat\/iescastelldestela\/wp-content\/uploads\/usu1648\/2016\/12\/img_6951p.jpg 500w, https:\/\/agora.xtec.cat\/iescastelldestela\/wp-content\/uploads\/usu1648\/2016\/12\/img_6951p-200x300.jpg 200w\" sizes=\"auto, (max-width: 200px) 100vw, 200px\" \/><\/a><a href=\"https:\/\/institutcastelldestela.wordpress.com\/2016\/12\/05\/anamorfismes-4t-deso\/img_6952p\/\" rel=\"attachment wp-att-1800\"> <img loading=\"lazy\" decoding=\"async\" class=\"size-medium wp-image-1800 alignleft\" src=\"https:\/\/agora.xtec.cat\/iescastelldestela\/wp-content\/uploads\/usu1648\/2016\/12\/img_6952p.jpg?w=200\" alt=\"img_6952p\" width=\"200\" height=\"300\" srcset=\"https:\/\/agora.xtec.cat\/iescastelldestela\/wp-content\/uploads\/usu1648\/2016\/12\/img_6952p.jpg 500w, https:\/\/agora.xtec.cat\/iescastelldestela\/wp-content\/uploads\/usu1648\/2016\/12\/img_6952p-200x300.jpg 200w\" sizes=\"auto, (max-width: 200px) 100vw, 200px\" \/><\/a><a href=\"https:\/\/institutcastelldestela.wordpress.com\/2016\/12\/05\/anamorfismes-4t-deso\/img_6994p\/\" rel=\"attachment wp-att-1812\"><img loading=\"lazy\" decoding=\"async\" class=\"alignnone size-medium wp-image-1812\" src=\"https:\/\/agora.xtec.cat\/iescastelldestela\/wp-content\/uploads\/usu1648\/2016\/12\/img_6994p.jpg?w=200\" alt=\"img_6994p\" width=\"200\" height=\"300\" srcset=\"https:\/\/agora.xtec.cat\/iescastelldestela\/wp-content\/uploads\/usu1648\/2016\/12\/img_6994p.jpg 500w, https:\/\/agora.xtec.cat\/iescastelldestela\/wp-content\/uploads\/usu1648\/2016\/12\/img_6994p-200x300.jpg 200w\" sizes=\"auto, (max-width: 200px) 100vw, 200px\" \/><\/a><\/span><\/strong><\/p>\n<p>&nbsp;<\/p>\n<p><strong><span style=\"color:#ff0000;\"><a href=\"https:\/\/institutcastelldestela.wordpress.com\/2016\/12\/05\/anamorfismes-4t-deso\/img_6980p\/\" rel=\"attachment wp-att-1805\"><img loading=\"lazy\" decoding=\"async\" class=\"size-medium wp-image-1805 alignleft\" src=\"https:\/\/agora.xtec.cat\/iescastelldestela\/wp-content\/uploads\/usu1648\/2016\/12\/img_6980p.jpg?w=200\" alt=\"img_6980p\" width=\"200\" height=\"300\" srcset=\"https:\/\/agora.xtec.cat\/iescastelldestela\/wp-content\/uploads\/usu1648\/2016\/12\/img_6980p.jpg 500w, https:\/\/agora.xtec.cat\/iescastelldestela\/wp-content\/uploads\/usu1648\/2016\/12\/img_6980p-200x300.jpg 200w\" sizes=\"auto, (max-width: 200px) 100vw, 200px\" \/><\/a><a href=\"https:\/\/institutcastelldestela.wordpress.com\/2016\/12\/05\/anamorfismes-4t-deso\/img_6983p\/\" rel=\"attachment wp-att-1806\"><img loading=\"lazy\" decoding=\"async\" class=\"size-medium wp-image-1806 alignleft\" src=\"https:\/\/agora.xtec.cat\/iescastelldestela\/wp-content\/uploads\/usu1648\/2016\/12\/img_6983p.jpg?w=200\" alt=\"img_6983p\" width=\"200\" height=\"300\" srcset=\"https:\/\/agora.xtec.cat\/iescastelldestela\/wp-content\/uploads\/usu1648\/2016\/12\/img_6983p.jpg 500w, https:\/\/agora.xtec.cat\/iescastelldestela\/wp-content\/uploads\/usu1648\/2016\/12\/img_6983p-200x300.jpg 200w\" sizes=\"auto, (max-width: 200px) 100vw, 200px\" \/><\/a><a href=\"https:\/\/institutcastelldestela.wordpress.com\/2016\/12\/05\/anamorfismes-4t-deso\/img_6974p\/\" rel=\"attachment wp-att-1804\"><img loading=\"lazy\" decoding=\"async\" class=\"alignnone size-medium wp-image-1804\" src=\"https:\/\/agora.xtec.cat\/iescastelldestela\/wp-content\/uploads\/usu1648\/2016\/12\/img_6974p.jpg?w=200\" alt=\"img_6974p\" width=\"200\" height=\"300\" srcset=\"https:\/\/agora.xtec.cat\/iescastelldestela\/wp-content\/uploads\/usu1648\/2016\/12\/img_6974p.jpg 500w, https:\/\/agora.xtec.cat\/iescastelldestela\/wp-content\/uploads\/usu1648\/2016\/12\/img_6974p-200x300.jpg 200w\" sizes=\"auto, (max-width: 200px) 100vw, 200px\" \/><\/a><\/span><\/strong><strong><span style=\"color:#ff0000;\"><a href=\"https:\/\/institutcastelldestela.wordpress.com\/2016\/12\/05\/anamorfismes-4t-deso\/img_6949p\/\" rel=\"attachment wp-att-1798\"><br \/>\n<\/a> <a href=\"https:\/\/institutcastelldestela.wordpress.com\/2016\/12\/05\/anamorfismes-4t-deso\/img_6984p\/\" rel=\"attachment wp-att-1807\"><img loading=\"lazy\" decoding=\"async\" class=\"size-medium wp-image-1807 alignleft\" src=\"https:\/\/agora.xtec.cat\/iescastelldestela\/wp-content\/uploads\/usu1648\/2016\/12\/img_6984p.jpg?w=300\" alt=\"img_6984p\" width=\"300\" height=\"200\" srcset=\"https:\/\/agora.xtec.cat\/iescastelldestela\/wp-content\/uploads\/usu1648\/2016\/12\/img_6984p.jpg 800w, https:\/\/agora.xtec.cat\/iescastelldestela\/wp-content\/uploads\/usu1648\/2016\/12\/img_6984p-300x200.jpg 300w, https:\/\/agora.xtec.cat\/iescastelldestela\/wp-content\/uploads\/usu1648\/2016\/12\/img_6984p-768x512.jpg 768w\" sizes=\"auto, (max-width: 300px) 100vw, 300px\" \/><\/a><a href=\"https:\/\/institutcastelldestela.wordpress.com\/2016\/12\/05\/anamorfismes-4t-deso\/img_6990p\/\" rel=\"attachment wp-att-1810\"><img loading=\"lazy\" decoding=\"async\" class=\"alignnone size-medium wp-image-1810\" src=\"https:\/\/agora.xtec.cat\/iescastelldestela\/wp-content\/uploads\/usu1648\/2016\/12\/img_6990p.jpg?w=300\" alt=\"img_6990p\" width=\"300\" height=\"200\" srcset=\"https:\/\/agora.xtec.cat\/iescastelldestela\/wp-content\/uploads\/usu1648\/2016\/12\/img_6990p.jpg 800w, https:\/\/agora.xtec.cat\/iescastelldestela\/wp-content\/uploads\/usu1648\/2016\/12\/img_6990p-300x200.jpg 300w, https:\/\/agora.xtec.cat\/iescastelldestela\/wp-content\/uploads\/usu1648\/2016\/12\/img_6990p-768x512.jpg 768w\" sizes=\"auto, (max-width: 300px) 100vw, 300px\" \/><\/a><\/span><\/strong><\/p>\n<p><strong><span style=\"color:#ff0000;\"> <a href=\"https:\/\/institutcastelldestela.wordpress.com\/2016\/12\/05\/anamorfismes-4t-deso\/img_6987p\/\" rel=\"attachment wp-att-1808\"><img loading=\"lazy\" decoding=\"async\" class=\"size-medium wp-image-1808 alignleft\" src=\"https:\/\/agora.xtec.cat\/iescastelldestela\/wp-content\/uploads\/usu1648\/2016\/12\/img_6987p.jpg?w=300\" alt=\"img_6987p\" width=\"300\" height=\"200\" srcset=\"https:\/\/agora.xtec.cat\/iescastelldestela\/wp-content\/uploads\/usu1648\/2016\/12\/img_6987p.jpg 800w, https:\/\/agora.xtec.cat\/iescastelldestela\/wp-content\/uploads\/usu1648\/2016\/12\/img_6987p-300x200.jpg 300w, https:\/\/agora.xtec.cat\/iescastelldestela\/wp-content\/uploads\/usu1648\/2016\/12\/img_6987p-768x512.jpg 768w\" sizes=\"auto, (max-width: 300px) 100vw, 300px\" \/><\/a> <a href=\"https:\/\/institutcastelldestela.wordpress.com\/2016\/12\/05\/anamorfismes-4t-deso\/img_6988p\/\" rel=\"attachment wp-att-1809\"><img loading=\"lazy\" decoding=\"async\" class=\"alignnone size-medium wp-image-1809\" src=\"https:\/\/agora.xtec.cat\/iescastelldestela\/wp-content\/uploads\/usu1648\/2016\/12\/img_6988p.jpg?w=300\" alt=\"img_6988p\" width=\"300\" height=\"200\" srcset=\"https:\/\/agora.xtec.cat\/iescastelldestela\/wp-content\/uploads\/usu1648\/2016\/12\/img_6988p.jpg 800w, https:\/\/agora.xtec.cat\/iescastelldestela\/wp-content\/uploads\/usu1648\/2016\/12\/img_6988p-300x200.jpg 300w, https:\/\/agora.xtec.cat\/iescastelldestela\/wp-content\/uploads\/usu1648\/2016\/12\/img_6988p-768x512.jpg 768w\" sizes=\"auto, (max-width: 300px) 100vw, 300px\" \/><\/a><\/span><\/strong><\/p>\n<p><span style=\"color:#ffffff;\">&#8211;<\/span><\/p>\n<p><span style=\"color:#ffffff;\">&#8211;<\/span><\/p>\n<p><span style=\"color:#ffffff;\">&#8211;<\/span><\/p>\n<p><span style=\"color:#ffffff;\">&#8211;<\/span><\/p>\n","protected":false},"excerpt":{"rendered":"<p>Mireu per l&#8217;institut! S&#8217;ha barrat el pas als lavabos i als passadissos! Per\u00f2 tot plegat nom\u00e9s \u00e9s un efecte visual degut a la visi\u00f3 en perspectiva que ens fa veure formes anam\u00f2rfiques com a formes del tot definides amb una forma enganyosa __________________________________<br \/>\nPer fer-los els&hellip;  <a href=\"https:\/\/agora.xtec.cat\/iescastelldestela\/general\/anamorfismes-4t-deso\/\" title=\"Read ANAMORFISMES 4t d&#8217;ESO\">Llegeix m\u00e9s\u00bb<\/a><\/p>\n","protected":false},"author":1,"featured_media":662,"comment_status":"closed","ping_status":"open","sticky":false,"template":"","format":"standard","meta":{"_bbp_topic_count":0,"_bbp_reply_count":0,"_bbp_total_topic_count":0,"_bbp_total_reply_count":0,"_bbp_voice_count":0,"_bbp_anonymous_reply_count":0,"_bbp_topic_count_hidden":0,"_bbp_reply_count_hidden":0,"_bbp_forum_subforum_count":0,"footnotes":""},"categories":[1,29],"tags":[],"class_list":["post-661","post","type-post","status-publish","format-standard","has-post-thumbnail","hentry","category-general","category-portada"],"post_mailing_queue_ids":[],"_links":{"self":[{"href":"https:\/\/agora.xtec.cat\/iescastelldestela\/wp-json\/wp\/v2\/posts\/661","targetHints":{"allow":["GET"]}}],"collection":[{"href":"https:\/\/agora.xtec.cat\/iescastelldestela\/wp-json\/wp\/v2\/posts"}],"about":[{"href":"https:\/\/agora.xtec.cat\/iescastelldestela\/wp-json\/wp\/v2\/types\/post"}],"author":[{"embeddable":true,"href":"https:\/\/agora.xtec.cat\/iescastelldestela\/wp-json\/wp\/v2\/users\/1"}],"replies":[{"embeddable":true,"href":"https:\/\/agora.xtec.cat\/iescastelldestela\/wp-json\/wp\/v2\/comments?post=661"}],"version-history":[{"count":1,"href":"https:\/\/agora.xtec.cat\/iescastelldestela\/wp-json\/wp\/v2\/posts\/661\/revisions"}],"predecessor-version":[{"id":663,"href":"https:\/\/agora.xtec.cat\/iescastelldestela\/wp-json\/wp\/v2\/posts\/661\/revisions\/663"}],"wp:featuredmedia":[{"embeddable":true,"href":"https:\/\/agora.xtec.cat\/iescastelldestela\/wp-json\/wp\/v2\/media\/662"}],"wp:attachment":[{"href":"https:\/\/agora.xtec.cat\/iescastelldestela\/wp-json\/wp\/v2\/media?parent=661"}],"wp:term":[{"taxonomy":"category","embeddable":true,"href":"https:\/\/agora.xtec.cat\/iescastelldestela\/wp-json\/wp\/v2\/categories?post=661"},{"taxonomy":"post_tag","embeddable":true,"href":"https:\/\/agora.xtec.cat\/iescastelldestela\/wp-json\/wp\/v2\/tags?post=661"}],"curies":[{"name":"wp","href":"https:\/\/api.w.org\/{rel}","templated":true}]}}