{"id":640,"date":"2016-11-07T21:59:58","date_gmt":"2016-11-07T20:59:58","guid":{"rendered":"http:\/\/agora.xtec.cat\/iescastelldestela\/?p=640"},"modified":"2018-01-08T09:48:26","modified_gmt":"2018-01-08T08:48:26","slug":"participem-al-festival-lluernia","status":"publish","type":"post","link":"https:\/\/agora.xtec.cat\/iescastelldestela\/general\/participem-al-festival-lluernia\/","title":{"rendered":"Participem al Festival Llu\u00e8rnia"},"content":{"rendered":"<p style=\"text-align:justify;\">Els alumnes de 2n de Batxillerat de Dibuix t\u00e8cnic, exposaran els <a href=\"https:\/\/lluernia.cat\/2016\/11\/05\/volums-de-paper\/\" target=\"_blank\">volums de paper<\/a> que van fer el curs passat al Festival Llu\u00e8rnia, que tindr\u00e0 lloc a Olot el dissabte dia 12 de novembre de 6 a 2\/4 de 12 de la nit. La seu on estar\u00e0 ubicada la instal\u00b7laci\u00f3 \u00e9s a l&#8217;entrada de la capella dels Dolors de Sant Esteve.<\/p>\n<p style=\"text-align:justify;\"><img loading=\"lazy\" decoding=\"async\" class=\"wp-image-980 size-medium alignleft\" src=\"https:\/\/agora.xtec.cat\/iescastelldestela\/wp-content\/uploads\/usu1648\/2016\/02\/img_5772p.jpg?w=300\" alt=\"IMG_5772p\" width=\"300\" height=\"200\" \/><img loading=\"lazy\" decoding=\"async\" class=\"alignnone wp-image-1162 size-medium\" src=\"https:\/\/agora.xtec.cat\/iescastelldestela\/wp-content\/uploads\/usu1648\/2016\/04\/mg_5824p.jpg?w=300\" alt=\"_MG_5824p\" width=\"300\" height=\"200\" srcset=\"https:\/\/agora.xtec.cat\/iescastelldestela\/wp-content\/uploads\/usu1648\/2016\/04\/mg_5824p.jpg 500w, https:\/\/agora.xtec.cat\/iescastelldestela\/wp-content\/uploads\/usu1648\/2016\/04\/mg_5824p-300x200.jpg 300w\" sizes=\"auto, (max-width: 300px) 100vw, 300px\" \/><\/p>\n<p style=\"text-align:justify;\">Paral\u00b7lelament, els alumnes de 2n d&#8217;ESO que el curs passat van muntar un espai per fer fotografia estrobosc\u00f2pica a la Fira de la Ci\u00e8ncia de Girona, tamb\u00e9 serna a Llu\u00e8rnia fent fotografies estrobosc\u00f2piques als nens i nenes que vulguin , estarem ubicats al Casino just al firal d&#8217;Olot.<\/p>\n<p style=\"text-align:justify;\">Esperem que ens visiteu, per m\u00e9s informaci\u00f3 consulteu\u00a0el <a href=\"https:\/\/lluernia.cat\/\" target=\"_blank\">web de Llu\u00e8rnia<\/a>.<\/p>\n<p style=\"text-align:justify;\"><span style=\"color:#ffffff;\">&#8211;<\/span><\/p>\n<p style=\"text-align:justify;\"><span style=\"color:#ffffff;\">&#8211;<\/span><\/p>\n<p style=\"text-align:justify;\"><span style=\"color:#ffffff;\">&#8211;<\/span><\/p>\n<p style=\"text-align:justify;\">\n","protected":false},"excerpt":{"rendered":"<p>Els alumnes de 2n de Batxillerat de Dibuix t\u00e8cnic, exposaran els <a href=\"https:\/\/lluernia.cat\/2016\/11\/05\/volums-de-paper\/\" target=\"_blank\">volums de paper<\/a> que van fer el curs passat al Festival Llu\u00e8rnia, que tindr\u00e0 lloc a Olot el dissabte dia 12 de novembre de 6 a 2\/4 de 12 de la nit.&hellip;  <a href=\"https:\/\/agora.xtec.cat\/iescastelldestela\/general\/participem-al-festival-lluernia\/\" title=\"Read Participem al Festival Llu\u00e8rnia\">Llegeix m\u00e9s\u00bb<\/a><\/p>\n","protected":false},"author":1,"featured_media":508,"comment_status":"closed","ping_status":"open","sticky":false,"template":"","format":"standard","meta":{"_bbp_topic_count":0,"_bbp_reply_count":0,"_bbp_total_topic_count":0,"_bbp_total_reply_count":0,"_bbp_voice_count":0,"_bbp_anonymous_reply_count":0,"_bbp_topic_count_hidden":0,"_bbp_reply_count_hidden":0,"_bbp_forum_subforum_count":0,"footnotes":""},"categories":[1,29],"tags":[],"class_list":["post-640","post","type-post","status-publish","format-standard","has-post-thumbnail","hentry","category-general","category-portada"],"post_mailing_queue_ids":[],"_links":{"self":[{"href":"https:\/\/agora.xtec.cat\/iescastelldestela\/wp-json\/wp\/v2\/posts\/640","targetHints":{"allow":["GET"]}}],"collection":[{"href":"https:\/\/agora.xtec.cat\/iescastelldestela\/wp-json\/wp\/v2\/posts"}],"about":[{"href":"https:\/\/agora.xtec.cat\/iescastelldestela\/wp-json\/wp\/v2\/types\/post"}],"author":[{"embeddable":true,"href":"https:\/\/agora.xtec.cat\/iescastelldestela\/wp-json\/wp\/v2\/users\/1"}],"replies":[{"embeddable":true,"href":"https:\/\/agora.xtec.cat\/iescastelldestela\/wp-json\/wp\/v2\/comments?post=640"}],"version-history":[{"count":1,"href":"https:\/\/agora.xtec.cat\/iescastelldestela\/wp-json\/wp\/v2\/posts\/640\/revisions"}],"predecessor-version":[{"id":641,"href":"https:\/\/agora.xtec.cat\/iescastelldestela\/wp-json\/wp\/v2\/posts\/640\/revisions\/641"}],"wp:featuredmedia":[{"embeddable":true,"href":"https:\/\/agora.xtec.cat\/iescastelldestela\/wp-json\/wp\/v2\/media\/508"}],"wp:attachment":[{"href":"https:\/\/agora.xtec.cat\/iescastelldestela\/wp-json\/wp\/v2\/media?parent=640"}],"wp:term":[{"taxonomy":"category","embeddable":true,"href":"https:\/\/agora.xtec.cat\/iescastelldestela\/wp-json\/wp\/v2\/categories?post=640"},{"taxonomy":"post_tag","embeddable":true,"href":"https:\/\/agora.xtec.cat\/iescastelldestela\/wp-json\/wp\/v2\/tags?post=640"}],"curies":[{"name":"wp","href":"https:\/\/api.w.org\/{rel}","templated":true}]}}