{"id":609,"date":"2016-06-22T10:54:30","date_gmt":"2016-06-22T08:54:30","guid":{"rendered":"http:\/\/agora.xtec.cat\/iescastelldestela\/?p=609"},"modified":"2018-01-08T09:48:04","modified_gmt":"2018-01-08T08:48:04","slug":"matriculacio-1r-2n-de-batxillerat","status":"publish","type":"post","link":"https:\/\/agora.xtec.cat\/iescastelldestela\/general\/matriculacio-1r-2n-de-batxillerat\/","title":{"rendered":"Matriculaci\u00f3 1r \/ 2n de Batxillerat"},"content":{"rendered":"<p><strong>MATRICULACI\u00d3 D\u2019ALUMNES DE 1r DE BATXILLERAT \u2013 CURS 2016 \/ 2017<\/strong><\/p>\n<h3><strong>DIES: del 5 al 12 de Juliol \u00a0 \u00a0 \u00a0 \u00a0 \u00a0 \u00a0 \u00a0 \u00a0HORARI: de 9 a 2 del mat\u00ed<\/strong><\/h3>\n<p>Documentaci\u00f3 a presentar per confirmar la matr\u00edcula dels alumnes que van fer la preinscripci\u00f3 en aquest centre i dels alumnes interns.<\/p>\n<p>&#8211; Impr\u00e8s de matr\u00edcula omplert i signat (us el podeu descarregar o us el facilitarem al centre)<\/p>\n<p>&#8211; Fotoc\u00f2pia del DNI de l\u2019alumne\/a (alumnes interns)<\/p>\n<p>&#8211; Resguard del t\u00edtol de graduat en ESO<\/p>\n<p>&#8211; Fotoc\u00f2pia de vacunes del llibre de salut<\/p>\n<p>&#8211; <strong>Repetidors<\/strong>: presentar el butllet\u00ed de notes finals de l\u2019\u00faltim curs<\/p>\n<p><strong>MATRICULACI\u00d3 D\u2019ALUMNES DE 2n DE BATXILLERAT \u2013 CURS 2016 \/ 2017<\/strong><\/p>\n<p><strong>DIES: del 5 al 12 de Juliol \u00a0 \u00a0 \u00a0 \u00a0 \u00a0\u00a0<\/strong><strong>HORARI: de 9 a 2 del mat\u00ed<\/strong><\/p>\n<p>Documentaci\u00f3 a presentar per confirmar la matr\u00edcula dels alumnes que van fer la preinscripci\u00f3 en aquest centre i dels alumnes interns<\/p>\n<p>&#8211; Impr\u00e8s de matr\u00edcula omplert i signat (us el podeu descarregar o us el facilitarem al centre)<\/p>\n<p>&#8211; Fotoc\u00f2pia del DNI de l\u2019alumne\/a<\/p>\n<p>&#8211; Resguard del t\u00edtol de graduat en ESO (alumnes nous)<\/p>\n<p>&#8211; Fotoc\u00f2pia de vacunes del llibre de salut<\/p>\n<p>&#8211; <strong>Repetidors<\/strong>: presentar el butllet\u00ed de notes finals de l\u2019\u00faltim curs<\/p>\n<p>&nbsp;<\/p>\n<p><a href=\"https:\/\/drive.google.com\/file\/d\/0B7uIe0A9sa6WSUxOdzJoQWxZOFk\/view?usp=sharing\">Organitzaci\u00f3 de Batxillerat<\/a><\/p>\n<p>&nbsp;<\/p>\n<p><a href=\"https:\/\/drive.google.com\/file\/d\/0B7uIe0A9sa6Wbmw0TlN1QmY0OHc\/view?usp=sharing\">Full de matr\u00edcula intern<\/a><\/p>\n<p>&nbsp;<\/p>\n","protected":false},"excerpt":{"rendered":"<p>MATRICULACI\u00d3 D\u2019ALUMNES DE 1r DE BATXILLERAT \u2013 CURS 2016 \/ 2017<br \/>\nDIES: del 5 al 12 de Juliol \u00a0 \u00a0 \u00a0 \u00a0 \u00a0 \u00a0 \u00a0 \u00a0HORARI: de 9 a 2 del mat\u00ed<br \/>\nDocumentaci\u00f3 a presentar per confirmar la matr\u00edcula dels alumnes que van fer la preinscripci\u00f3 en&hellip;  <a href=\"https:\/\/agora.xtec.cat\/iescastelldestela\/general\/matriculacio-1r-2n-de-batxillerat\/\" title=\"Read Matriculaci\u00f3 1r \/ 2n de Batxillerat\">Llegeix m\u00e9s\u00bb<\/a><\/p>\n","protected":false},"author":1,"featured_media":578,"comment_status":"closed","ping_status":"open","sticky":false,"template":"","format":"standard","meta":{"_bbp_topic_count":0,"_bbp_reply_count":0,"_bbp_total_topic_count":0,"_bbp_total_reply_count":0,"_bbp_voice_count":0,"_bbp_anonymous_reply_count":0,"_bbp_topic_count_hidden":0,"_bbp_reply_count_hidden":0,"_bbp_forum_subforum_count":0,"footnotes":""},"categories":[1,29],"tags":[],"class_list":["post-609","post","type-post","status-publish","format-standard","has-post-thumbnail","hentry","category-general","category-portada"],"post_mailing_queue_ids":[],"_links":{"self":[{"href":"https:\/\/agora.xtec.cat\/iescastelldestela\/wp-json\/wp\/v2\/posts\/609","targetHints":{"allow":["GET"]}}],"collection":[{"href":"https:\/\/agora.xtec.cat\/iescastelldestela\/wp-json\/wp\/v2\/posts"}],"about":[{"href":"https:\/\/agora.xtec.cat\/iescastelldestela\/wp-json\/wp\/v2\/types\/post"}],"author":[{"embeddable":true,"href":"https:\/\/agora.xtec.cat\/iescastelldestela\/wp-json\/wp\/v2\/users\/1"}],"replies":[{"embeddable":true,"href":"https:\/\/agora.xtec.cat\/iescastelldestela\/wp-json\/wp\/v2\/comments?post=609"}],"version-history":[{"count":1,"href":"https:\/\/agora.xtec.cat\/iescastelldestela\/wp-json\/wp\/v2\/posts\/609\/revisions"}],"predecessor-version":[{"id":610,"href":"https:\/\/agora.xtec.cat\/iescastelldestela\/wp-json\/wp\/v2\/posts\/609\/revisions\/610"}],"wp:featuredmedia":[{"embeddable":true,"href":"https:\/\/agora.xtec.cat\/iescastelldestela\/wp-json\/wp\/v2\/media\/578"}],"wp:attachment":[{"href":"https:\/\/agora.xtec.cat\/iescastelldestela\/wp-json\/wp\/v2\/media?parent=609"}],"wp:term":[{"taxonomy":"category","embeddable":true,"href":"https:\/\/agora.xtec.cat\/iescastelldestela\/wp-json\/wp\/v2\/categories?post=609"},{"taxonomy":"post_tag","embeddable":true,"href":"https:\/\/agora.xtec.cat\/iescastelldestela\/wp-json\/wp\/v2\/tags?post=609"}],"curies":[{"name":"wp","href":"https:\/\/api.w.org\/{rel}","templated":true}]}}