{"id":597,"date":"2016-06-03T15:01:09","date_gmt":"2016-06-03T13:01:09","guid":{"rendered":"http:\/\/agora.xtec.cat\/iescastelldestela\/?p=597"},"modified":"2018-01-08T09:48:05","modified_gmt":"2018-01-08T08:48:05","slug":"2-de-juny-jornada-esportiva","status":"publish","type":"post","link":"https:\/\/agora.xtec.cat\/iescastelldestela\/general\/2-de-juny-jornada-esportiva\/","title":{"rendered":"2 de juny Jornada esportiva"},"content":{"rendered":"<p style=\"text-align:justify;\"><a href=\"https:\/\/institutcastelldestela.wordpress.com\/2016\/05\/30\/interpretacio-de-lhora-del-conte-per-taller-de-teatre\/20160525_171441\/\" rel=\"attachment wp-att-1361\"><br \/>\n<\/a>El dijous dia 2\u00a0de juny\u00a0durant tot el mat\u00ed es realitz\u00e0 la 5a edici\u00f3 de la Jornada esportiva solid\u00e0ria, coordinada pel Departament d&#8217;Educaci\u00f3 f\u00edsica i els alumnes de 1r de Batxillerat. Com cada any s&#8217;hi han pogut practicar\u00a0diferents esports (b\u00e0squet, badminton, volei, ping-pong, futbol, ioga, zumba&#8230;). Tamb\u00e9 es realitz\u00e0 el concurs de samarretes. I com cada any es feu entrega a C\u00e0rites\u00a0de la recollida d&#8217;aliments.<\/p>\n<hr \/>\n<h3 style=\"text-align:justify;\"><strong><span style=\"color:#000000;\">ZUMBA \u00a0 ! \u00a0! \u00a0!<\/span><\/strong><\/h3>\n<p style=\"text-align:justify;\"><a href=\"https:\/\/institutcastelldestela.wordpress.com\/2016\/06\/03\/12-de-maig-jornada-esportiva\/0_zumba00\/\" rel=\"attachment wp-att-1395\"><img loading=\"lazy\" decoding=\"async\" class=\"wp-image-1395 alignleft\" src=\"https:\/\/agora.xtec.cat\/iescastelldestela\/wp-content\/uploads\/usu1648\/2016\/06\/0_zumba00.jpg\" alt=\"0_zumba00\" width=\"320\" height=\"213\" srcset=\"https:\/\/agora.xtec.cat\/iescastelldestela\/wp-content\/uploads\/usu1648\/2016\/06\/0_zumba00.jpg 700w, https:\/\/agora.xtec.cat\/iescastelldestela\/wp-content\/uploads\/usu1648\/2016\/06\/0_zumba00-300x200.jpg 300w\" sizes=\"auto, (max-width: 320px) 100vw, 320px\" \/><\/a><a href=\"https:\/\/institutcastelldestela.wordpress.com\/2016\/06\/03\/12-de-maig-jornada-esportiva\/0_zumba2\/\" rel=\"attachment wp-att-1396\"><img loading=\"lazy\" decoding=\"async\" class=\"alignnone wp-image-1396\" src=\"https:\/\/agora.xtec.cat\/iescastelldestela\/wp-content\/uploads\/usu1648\/2016\/06\/0_zumba2.jpg\" alt=\"0_zumba2\" width=\"320\" height=\"213\" srcset=\"https:\/\/agora.xtec.cat\/iescastelldestela\/wp-content\/uploads\/usu1648\/2016\/06\/0_zumba2.jpg 700w, https:\/\/agora.xtec.cat\/iescastelldestela\/wp-content\/uploads\/usu1648\/2016\/06\/0_zumba2-300x200.jpg 300w\" sizes=\"auto, (max-width: 320px) 100vw, 320px\" \/><\/a><\/p>\n<p style=\"text-align:justify;\"><a href=\"https:\/\/institutcastelldestela.wordpress.com\/2016\/06\/03\/12-de-maig-jornada-esportiva\/0_zumba5\/\" rel=\"attachment wp-att-1397\"><img loading=\"lazy\" decoding=\"async\" class=\"wp-image-1397 alignleft\" src=\"https:\/\/agora.xtec.cat\/iescastelldestela\/wp-content\/uploads\/usu1648\/2016\/06\/0_zumba5.jpg\" alt=\"0_zumba5\" width=\"320\" height=\"213\" srcset=\"https:\/\/agora.xtec.cat\/iescastelldestela\/wp-content\/uploads\/usu1648\/2016\/06\/0_zumba5.jpg 700w, https:\/\/agora.xtec.cat\/iescastelldestela\/wp-content\/uploads\/usu1648\/2016\/06\/0_zumba5-300x200.jpg 300w\" sizes=\"auto, (max-width: 320px) 100vw, 320px\" \/><\/a><a href=\"https:\/\/institutcastelldestela.wordpress.com\/2016\/06\/03\/12-de-maig-jornada-esportiva\/0_zumba\/\" rel=\"attachment wp-att-1394\"><img loading=\"lazy\" decoding=\"async\" class=\"alignnone wp-image-1394\" src=\"https:\/\/agora.xtec.cat\/iescastelldestela\/wp-content\/uploads\/usu1648\/2016\/06\/0_zumba.jpg\" alt=\"0_zumba\" width=\"320\" height=\"213\" srcset=\"https:\/\/agora.xtec.cat\/iescastelldestela\/wp-content\/uploads\/usu1648\/2016\/06\/0_zumba.jpg 700w, https:\/\/agora.xtec.cat\/iescastelldestela\/wp-content\/uploads\/usu1648\/2016\/06\/0_zumba-300x200.jpg 300w\" sizes=\"auto, (max-width: 320px) 100vw, 320px\" \/><\/a><\/p>\n<hr \/>\n<h3 style=\"text-align:justify;\"><strong><span style=\"color:#000000;\">VOLEIBOL \u00a0 \u00a0 \u00a0 \u00ba <\/span><\/strong><span style=\"color:#000000;\">I<\/span><\/h3>\n<p style=\"text-align:justify;\"><a href=\"https:\/\/institutcastelldestela.wordpress.com\/2016\/06\/03\/12-de-maig-jornada-esportiva\/0_volei\/\" rel=\"attachment wp-att-1390\"><img loading=\"lazy\" decoding=\"async\" class=\"wp-image-1390 alignleft\" src=\"https:\/\/institutcastelldestela.files.wordpress.com\/2016\/06\/0_volei.jpg\" alt=\"0_volei\" width=\"320\" height=\"213\" \/><\/a><a href=\"https:\/\/institutcastelldestela.wordpress.com\/2016\/06\/03\/12-de-maig-jornada-esportiva\/0_volei6\/\" rel=\"attachment wp-att-1393\"><img loading=\"lazy\" decoding=\"async\" class=\"alignnone wp-image-1393\" src=\"https:\/\/agora.xtec.cat\/iescastelldestela\/wp-content\/uploads\/usu1648\/2016\/06\/0_volei6.jpg\" alt=\"0_volei6\" width=\"320\" height=\"213\" srcset=\"https:\/\/agora.xtec.cat\/iescastelldestela\/wp-content\/uploads\/usu1648\/2016\/06\/0_volei6.jpg 700w, https:\/\/agora.xtec.cat\/iescastelldestela\/wp-content\/uploads\/usu1648\/2016\/06\/0_volei6-300x200.jpg 300w\" sizes=\"auto, (max-width: 320px) 100vw, 320px\" \/><\/a><\/p>\n<p style=\"text-align:justify;\"><a href=\"https:\/\/institutcastelldestela.wordpress.com\/2016\/06\/03\/12-de-maig-jornada-esportiva\/0_volei5\/\" rel=\"attachment wp-att-1392\"><img loading=\"lazy\" decoding=\"async\" class=\"wp-image-1392 alignleft\" src=\"https:\/\/agora.xtec.cat\/iescastelldestela\/wp-content\/uploads\/usu1648\/2016\/06\/0_volei5.jpg\" alt=\"0_volei5\" width=\"320\" height=\"213\" srcset=\"https:\/\/agora.xtec.cat\/iescastelldestela\/wp-content\/uploads\/usu1648\/2016\/06\/0_volei5.jpg 700w, https:\/\/agora.xtec.cat\/iescastelldestela\/wp-content\/uploads\/usu1648\/2016\/06\/0_volei5-300x200.jpg 300w\" sizes=\"auto, (max-width: 320px) 100vw, 320px\" \/><\/a> <a href=\"https:\/\/institutcastelldestela.wordpress.com\/2016\/06\/03\/12-de-maig-jornada-esportiva\/0_volei3\/\" rel=\"attachment wp-att-1391\"><img loading=\"lazy\" decoding=\"async\" class=\"alignnone wp-image-1391\" src=\"https:\/\/agora.xtec.cat\/iescastelldestela\/wp-content\/uploads\/usu1648\/2016\/06\/0_volei3.jpg\" alt=\"0_volei3\" width=\"320\" height=\"213\" srcset=\"https:\/\/agora.xtec.cat\/iescastelldestela\/wp-content\/uploads\/usu1648\/2016\/06\/0_volei3.jpg 700w, https:\/\/agora.xtec.cat\/iescastelldestela\/wp-content\/uploads\/usu1648\/2016\/06\/0_volei3-300x200.jpg 300w\" sizes=\"auto, (max-width: 320px) 100vw, 320px\" \/><\/a><\/p>\n<hr \/>\n<h3 style=\"text-align:justify;\"><\/h3>\n<h3 style=\"text-align:justify;\"><strong><span style=\"color:#000000;\">PING-PONG \u00a0 \u00a1 <\/span><\/strong><span style=\"color:#000000;\">_._<\/span><strong><span style=\"color:#000000;\">\u00a0\u00a1<\/span><\/strong><\/h3>\n<p style=\"text-align:justify;\"><a href=\"https:\/\/institutcastelldestela.wordpress.com\/2016\/06\/03\/12-de-maig-jornada-esportiva\/0_ping-pong\/\" rel=\"attachment wp-att-1385\"><img loading=\"lazy\" decoding=\"async\" class=\"alignnone wp-image-1385\" src=\"https:\/\/agora.xtec.cat\/iescastelldestela\/wp-content\/uploads\/usu1648\/2016\/06\/0_ping-pong.jpg\" alt=\"0_ping-pong\" width=\"320\" height=\"213\" srcset=\"https:\/\/agora.xtec.cat\/iescastelldestela\/wp-content\/uploads\/usu1648\/2016\/06\/0_ping-pong.jpg 700w, https:\/\/agora.xtec.cat\/iescastelldestela\/wp-content\/uploads\/usu1648\/2016\/06\/0_ping-pong-300x200.jpg 300w\" sizes=\"auto, (max-width: 320px) 100vw, 320px\" \/><\/a><\/p>\n<hr \/>\n<h3 style=\"text-align:justify;\"><strong><span style=\"color:#000000;\">IOGA \u00a0 __ __ __<\/span><\/strong><\/h3>\n<p style=\"text-align:justify;\"><a href=\"https:\/\/institutcastelldestela.wordpress.com\/2016\/06\/03\/12-de-maig-jornada-esportiva\/0_ioga\/\" rel=\"attachment wp-att-1382\"><img loading=\"lazy\" decoding=\"async\" class=\"wp-image-1382 alignleft\" src=\"https:\/\/agora.xtec.cat\/iescastelldestela\/wp-content\/uploads\/usu1648\/2016\/06\/0_ioga.jpg\" alt=\"0_ioga\" width=\"320\" height=\"213\" srcset=\"https:\/\/agora.xtec.cat\/iescastelldestela\/wp-content\/uploads\/usu1648\/2016\/06\/0_ioga.jpg 700w, https:\/\/agora.xtec.cat\/iescastelldestela\/wp-content\/uploads\/usu1648\/2016\/06\/0_ioga-300x200.jpg 300w\" sizes=\"auto, (max-width: 320px) 100vw, 320px\" \/><\/a><a href=\"https:\/\/institutcastelldestela.wordpress.com\/2016\/06\/03\/12-de-maig-jornada-esportiva\/0_ioga2\/\" rel=\"attachment wp-att-1384\"><img loading=\"lazy\" decoding=\"async\" class=\"alignnone wp-image-1384\" src=\"https:\/\/agora.xtec.cat\/iescastelldestela\/wp-content\/uploads\/usu1648\/2016\/06\/0_ioga2.jpg\" alt=\"0_ioga2\" width=\"320\" height=\"213\" srcset=\"https:\/\/agora.xtec.cat\/iescastelldestela\/wp-content\/uploads\/usu1648\/2016\/06\/0_ioga2.jpg 700w, https:\/\/agora.xtec.cat\/iescastelldestela\/wp-content\/uploads\/usu1648\/2016\/06\/0_ioga2-300x200.jpg 300w\" sizes=\"auto, (max-width: 320px) 100vw, 320px\" \/><\/a><\/p>\n<p style=\"text-align:justify;\"><a href=\"https:\/\/institutcastelldestela.wordpress.com\/2016\/06\/03\/12-de-maig-jornada-esportiva\/0_ioga1\/\" rel=\"attachment wp-att-1383\"><img loading=\"lazy\" decoding=\"async\" class=\"wp-image-1383 alignleft\" src=\"https:\/\/agora.xtec.cat\/iescastelldestela\/wp-content\/uploads\/usu1648\/2016\/06\/0_ioga1.jpg\" alt=\"0_ioga1\" width=\"320\" height=\"213\" srcset=\"https:\/\/agora.xtec.cat\/iescastelldestela\/wp-content\/uploads\/usu1648\/2016\/06\/0_ioga1.jpg 700w, https:\/\/agora.xtec.cat\/iescastelldestela\/wp-content\/uploads\/usu1648\/2016\/06\/0_ioga1-300x200.jpg 300w\" sizes=\"auto, (max-width: 320px) 100vw, 320px\" \/><\/a> <a href=\"https:\/\/institutcastelldestela.wordpress.com\/2016\/06\/03\/12-de-maig-jornada-esportiva\/0_ioga_4\/\" rel=\"attachment wp-att-1381\"><img loading=\"lazy\" decoding=\"async\" class=\"alignnone wp-image-1381\" src=\"https:\/\/agora.xtec.cat\/iescastelldestela\/wp-content\/uploads\/usu1648\/2016\/06\/0_ioga_4.jpg\" alt=\"0_ioga_4\" width=\"320\" height=\"213\" srcset=\"https:\/\/agora.xtec.cat\/iescastelldestela\/wp-content\/uploads\/usu1648\/2016\/06\/0_ioga_4.jpg 700w, https:\/\/agora.xtec.cat\/iescastelldestela\/wp-content\/uploads\/usu1648\/2016\/06\/0_ioga_4-300x200.jpg 300w\" sizes=\"auto, (max-width: 320px) 100vw, 320px\" \/><\/a><\/p>\n<h3 style=\"text-align:justify;\"><strong><span style=\"color:#000000;\">FUTBOL \u00a0 <\/span><\/strong><span style=\"color:#000000;\">[<\/span><strong><span style=\"color:#000000;\"> \u00a0 . \u00a0 <\/span><\/strong><span style=\"color:#000000;\">]<\/span><\/h3>\n<p style=\"text-align:justify;\"><a href=\"https:\/\/institutcastelldestela.wordpress.com\/2016\/06\/03\/12-de-maig-jornada-esportiva\/0_futbol\/\" rel=\"attachment wp-att-1379\"><img loading=\"lazy\" decoding=\"async\" class=\"wp-image-1379 alignleft\" src=\"https:\/\/institutcastelldestela.files.wordpress.com\/2016\/06\/0_futbol.jpg\" alt=\"0_futbol\" width=\"320\" height=\"213\" \/><\/a> <a href=\"https:\/\/institutcastelldestela.wordpress.com\/2016\/06\/03\/12-de-maig-jornada-esportiva\/0_futbol2\/\" rel=\"attachment wp-att-1380\"><img loading=\"lazy\" decoding=\"async\" class=\"alignnone wp-image-1380\" src=\"https:\/\/agora.xtec.cat\/iescastelldestela\/wp-content\/uploads\/usu1648\/2016\/06\/0_futbol2.jpg\" alt=\"0_futbol2\" width=\"320\" height=\"213\" srcset=\"https:\/\/agora.xtec.cat\/iescastelldestela\/wp-content\/uploads\/usu1648\/2016\/06\/0_futbol2.jpg 700w, https:\/\/agora.xtec.cat\/iescastelldestela\/wp-content\/uploads\/usu1648\/2016\/06\/0_futbol2-300x200.jpg 300w\" sizes=\"auto, (max-width: 320px) 100vw, 320px\" \/><\/a><\/p>\n<hr \/>\n<h3 style=\"text-align:justify;\"><strong><span style=\"color:#000000;\">B\u00c0SQUET \u00a0 \u00a0 <\/span><\/strong><span style=\"color:#000000;\">(<\/span><strong><span style=\"color:#000000;\"> \u00ba<\/span><\/strong><\/h3>\n<p style=\"text-align:justify;\"><a href=\"https:\/\/institutcastelldestela.wordpress.com\/2016\/06\/03\/12-de-maig-jornada-esportiva\/0_basquet0\/\" rel=\"attachment wp-att-1376\"><img loading=\"lazy\" decoding=\"async\" class=\"wp-image-1376 alignleft\" src=\"https:\/\/agora.xtec.cat\/iescastelldestela\/wp-content\/uploads\/usu1648\/2016\/06\/0_basquet0.jpg\" alt=\"0_basquet0\" width=\"320\" height=\"213\" srcset=\"https:\/\/agora.xtec.cat\/iescastelldestela\/wp-content\/uploads\/usu1648\/2016\/06\/0_basquet0.jpg 700w, https:\/\/agora.xtec.cat\/iescastelldestela\/wp-content\/uploads\/usu1648\/2016\/06\/0_basquet0-300x200.jpg 300w\" sizes=\"auto, (max-width: 320px) 100vw, 320px\" \/><\/a> <a href=\"https:\/\/institutcastelldestela.wordpress.com\/2016\/06\/03\/12-de-maig-jornada-esportiva\/0_basquet4\/\" rel=\"attachment wp-att-1377\"><img loading=\"lazy\" decoding=\"async\" class=\"alignnone wp-image-1377\" src=\"https:\/\/agora.xtec.cat\/iescastelldestela\/wp-content\/uploads\/usu1648\/2016\/06\/0_basquet4.jpg\" alt=\"0_basquet4\" width=\"320\" height=\"213\" srcset=\"https:\/\/agora.xtec.cat\/iescastelldestela\/wp-content\/uploads\/usu1648\/2016\/06\/0_basquet4.jpg 700w, https:\/\/agora.xtec.cat\/iescastelldestela\/wp-content\/uploads\/usu1648\/2016\/06\/0_basquet4-300x200.jpg 300w\" sizes=\"auto, (max-width: 320px) 100vw, 320px\" \/><\/a><a href=\"https:\/\/institutcastelldestela.wordpress.com\/2016\/06\/03\/12-de-maig-jornada-esportiva\/0_caritas\/\" rel=\"attachment wp-att-1378\"><br \/>\n<\/a><a href=\"https:\/\/institutcastelldestela.wordpress.com\/2016\/06\/03\/12-de-maig-jornada-esportiva\/0_basquet\/\" rel=\"attachment wp-att-1375\"><img loading=\"lazy\" decoding=\"async\" class=\"wp-image-1375 alignleft\" src=\"https:\/\/agora.xtec.cat\/iescastelldestela\/wp-content\/uploads\/usu1648\/2016\/06\/0_basquet.jpg\" alt=\"0_basquet\" width=\"320\" height=\"213\" srcset=\"https:\/\/agora.xtec.cat\/iescastelldestela\/wp-content\/uploads\/usu1648\/2016\/06\/0_basquet.jpg 700w, https:\/\/agora.xtec.cat\/iescastelldestela\/wp-content\/uploads\/usu1648\/2016\/06\/0_basquet-300x200.jpg 300w\" sizes=\"auto, (max-width: 320px) 100vw, 320px\" \/><\/a> <a href=\"https:\/\/institutcastelldestela.wordpress.com\/2016\/06\/03\/12-de-maig-jornada-esportiva\/0_basquet-2\/\" rel=\"attachment wp-att-1374\"><img loading=\"lazy\" decoding=\"async\" class=\"alignnone wp-image-1374\" src=\"https:\/\/agora.xtec.cat\/iescastelldestela\/wp-content\/uploads\/usu1648\/2016\/06\/0_basquet-2.jpg\" alt=\"0_basquet (2)\" width=\"320\" height=\"213\" srcset=\"https:\/\/agora.xtec.cat\/iescastelldestela\/wp-content\/uploads\/usu1648\/2016\/06\/0_basquet-2.jpg 700w, https:\/\/agora.xtec.cat\/iescastelldestela\/wp-content\/uploads\/usu1648\/2016\/06\/0_basquet-2-300x200.jpg 300w\" sizes=\"auto, (max-width: 320px) 100vw, 320px\" \/><\/a><\/p>\n<hr \/>\n<h3 style=\"text-align:justify;\"><strong><span style=\"color:#000000;\">B\u00c0DMINTON \u00a0 \u00a0 \u00a0\u00ba<\/span><\/strong><span style=\"color:#000000;\">\\<\/span><span style=\"color:#000000;\"><b>\u00a0 \u00a0<\/b>:\u00a0 \u00a0\/<strong>\u00ba<\/strong><\/span><strong><span style=\"color:#000000;\">\u00a0<\/span><\/strong><\/h3>\n<p style=\"text-align:justify;\"><a href=\"https:\/\/institutcastelldestela.wordpress.com\/2016\/06\/03\/12-de-maig-jornada-esportiva\/0_badminton\/\" rel=\"attachment wp-att-1372\"><img loading=\"lazy\" decoding=\"async\" class=\"alignleft wp-image-1372\" src=\"https:\/\/agora.xtec.cat\/iescastelldestela\/wp-content\/uploads\/usu1648\/2016\/06\/0_badminton.jpg?w=300\" alt=\"0_badminton\" width=\"320\" height=\"213\" srcset=\"https:\/\/agora.xtec.cat\/iescastelldestela\/wp-content\/uploads\/usu1648\/2016\/06\/0_badminton.jpg 700w, https:\/\/agora.xtec.cat\/iescastelldestela\/wp-content\/uploads\/usu1648\/2016\/06\/0_badminton-300x200.jpg 300w\" sizes=\"auto, (max-width: 320px) 100vw, 320px\" \/><\/a><img loading=\"lazy\" decoding=\"async\" class=\"alignnone wp-image-1373\" src=\"https:\/\/agora.xtec.cat\/iescastelldestela\/wp-content\/uploads\/usu1648\/2016\/06\/0_badminton1.jpg\" alt=\"0_badminton1\" width=\"320\" height=\"213\" srcset=\"https:\/\/agora.xtec.cat\/iescastelldestela\/wp-content\/uploads\/usu1648\/2016\/06\/0_badminton1.jpg 700w, https:\/\/agora.xtec.cat\/iescastelldestela\/wp-content\/uploads\/usu1648\/2016\/06\/0_badminton1-300x200.jpg 300w\" sizes=\"auto, (max-width: 320px) 100vw, 320px\" \/><\/p>\n<hr \/>\n<h3 style=\"text-align:justify;\"><strong><span style=\"color:#000000;\">SAMARRETES \u00a0 \u00a0^ \u00a0 ^ \u00a0 ^<\/span><\/strong><\/h3>\n<h3 style=\"text-align:justify;\"><a href=\"https:\/\/institutcastelldestela.wordpress.com\/2016\/06\/03\/12-de-maig-jornada-esportiva\/0_samarretes4\/\" rel=\"attachment wp-att-1389\"><img loading=\"lazy\" decoding=\"async\" class=\"wp-image-1389 alignleft\" src=\"https:\/\/agora.xtec.cat\/iescastelldestela\/wp-content\/uploads\/usu1648\/2016\/06\/0_samarretes4.jpg\" alt=\"0_samarretes4\" width=\"320\" height=\"213\" srcset=\"https:\/\/agora.xtec.cat\/iescastelldestela\/wp-content\/uploads\/usu1648\/2016\/06\/0_samarretes4.jpg 700w, https:\/\/agora.xtec.cat\/iescastelldestela\/wp-content\/uploads\/usu1648\/2016\/06\/0_samarretes4-300x200.jpg 300w\" sizes=\"auto, (max-width: 320px) 100vw, 320px\" \/><\/a><a href=\"https:\/\/institutcastelldestela.wordpress.com\/2016\/06\/03\/12-de-maig-jornada-esportiva\/0_samarretes3\/\" rel=\"attachment wp-att-1388\"><img loading=\"lazy\" decoding=\"async\" class=\"alignnone wp-image-1388\" src=\"https:\/\/agora.xtec.cat\/iescastelldestela\/wp-content\/uploads\/usu1648\/2016\/06\/0_samarretes3.jpg\" alt=\"0_samarretes3\" width=\"320\" height=\"213\" srcset=\"https:\/\/agora.xtec.cat\/iescastelldestela\/wp-content\/uploads\/usu1648\/2016\/06\/0_samarretes3.jpg 700w, https:\/\/agora.xtec.cat\/iescastelldestela\/wp-content\/uploads\/usu1648\/2016\/06\/0_samarretes3-300x200.jpg 300w\" sizes=\"auto, (max-width: 320px) 100vw, 320px\" \/><\/a><\/h3>\n<p style=\"text-align:justify;\"><a href=\"https:\/\/institutcastelldestela.wordpress.com\/2016\/06\/03\/12-de-maig-jornada-esportiva\/0_samarretes1\/\" rel=\"attachment wp-att-1387\"><img loading=\"lazy\" decoding=\"async\" class=\"wp-image-1387 alignleft\" src=\"https:\/\/agora.xtec.cat\/iescastelldestela\/wp-content\/uploads\/usu1648\/2016\/06\/0_samarretes1.jpg\" alt=\"0_samarretes1\" width=\"320\" height=\"213\" srcset=\"https:\/\/agora.xtec.cat\/iescastelldestela\/wp-content\/uploads\/usu1648\/2016\/06\/0_samarretes1.jpg 700w, https:\/\/agora.xtec.cat\/iescastelldestela\/wp-content\/uploads\/usu1648\/2016\/06\/0_samarretes1-300x200.jpg 300w\" sizes=\"auto, (max-width: 320px) 100vw, 320px\" \/><\/a><a href=\"https:\/\/institutcastelldestela.wordpress.com\/2016\/06\/03\/12-de-maig-jornada-esportiva\/0_public\/\" rel=\"attachment wp-att-1386\"><img loading=\"lazy\" decoding=\"async\" class=\"alignnone wp-image-1386\" src=\"https:\/\/agora.xtec.cat\/iescastelldestela\/wp-content\/uploads\/usu1648\/2016\/06\/0_public.jpg\" alt=\"0_public\" width=\"320\" height=\"213\" srcset=\"https:\/\/agora.xtec.cat\/iescastelldestela\/wp-content\/uploads\/usu1648\/2016\/06\/0_public.jpg 700w, https:\/\/agora.xtec.cat\/iescastelldestela\/wp-content\/uploads\/usu1648\/2016\/06\/0_public-300x200.jpg 300w\" sizes=\"auto, (max-width: 320px) 100vw, 320px\" \/><\/a><\/p>\n<hr \/>\n<h3 style=\"text-align:justify;\"><strong><span style=\"color:#000000;\">LLIURAMENT DE PREMIS I D&#8217;ALIMENTS \u00a0 [ \u00a0 [ \u00a0 [<\/span><\/strong><\/h3>\n<p><a href=\"https:\/\/institutcastelldestela.wordpress.com\/2016\/06\/03\/12-de-maig-jornada-esportiva\/0_caritas\/\" rel=\"attachment wp-att-1378\"><img loading=\"lazy\" decoding=\"async\" class=\"alignnone wp-image-1378\" src=\"https:\/\/agora.xtec.cat\/iescastelldestela\/wp-content\/uploads\/usu1648\/2016\/06\/0_caritas.jpg\" alt=\"0_caritas\" width=\"650\" height=\"434\" srcset=\"https:\/\/agora.xtec.cat\/iescastelldestela\/wp-content\/uploads\/usu1648\/2016\/06\/0_caritas.jpg 700w, https:\/\/agora.xtec.cat\/iescastelldestela\/wp-content\/uploads\/usu1648\/2016\/06\/0_caritas-300x200.jpg 300w\" sizes=\"auto, (max-width: 650px) 100vw, 650px\" \/><\/a><\/p>\n<hr \/>\n<h3><span style=\"color:#000000;\"><strong>DISSENY DEL CARTELL DE LA JORNADA \u00a0 \u00a0 H<\/strong><\/span><\/h3>\n<p><a href=\"https:\/\/institutcastelldestela.wordpress.com\/2016\/05\/02\/12-de-maig-jornada-esportiva\/jornada_esportiva2016p\/\" rel=\"attachment wp-att-1251\"><img loading=\"lazy\" decoding=\"async\" class=\"alignnone size-full wp-image-1251\" src=\"https:\/\/agora.xtec.cat\/iescastelldestela\/wp-content\/uploads\/usu1648\/2016\/05\/jornada_esportiva2016p.jpg\" alt=\"jornada_Esportiva2016p\" width=\"500\" height=\"695\" srcset=\"https:\/\/agora.xtec.cat\/iescastelldestela\/wp-content\/uploads\/usu1648\/2016\/05\/jornada_esportiva2016p.jpg 500w, https:\/\/agora.xtec.cat\/iescastelldestela\/wp-content\/uploads\/usu1648\/2016\/05\/jornada_esportiva2016p-216x300.jpg 216w\" sizes=\"auto, (max-width: 500px) 100vw, 500px\" \/><\/a><\/p>\n<p>Cartell dissenyat pels alumnes de 1r de batxillerat:<br \/>\nX\u00e8nia Aulet, Aina-Hong Armengol, Luca Mills i Joan Baix\u00e9s.<\/p>\n<p><span style=\"color:#ffffff;\">.<\/span><\/p>\n<p><span style=\"color:#ffffff;\">.<\/span><\/p>\n<p><span style=\"color:#ffffff;\">.<\/span><\/p>\n<p><span style=\"color:#ffffff;\">.<\/span><\/p>\n<p><span style=\"color:#ffffff;\">.<\/span><\/p>\n","protected":false},"excerpt":{"rendered":"<p><a href=\"https:\/\/institutcastelldestela.wordpress.com\/2016\/05\/30\/interpretacio-de-lhora-del-conte-per-taller-de-teatre\/20160525_171441\/\" rel=\"attachment wp-att-1361\"><br \/>\n<\/a>El dijous dia 2\u00a0de juny\u00a0durant tot el mat\u00ed es realitz\u00e0 la 5a edici\u00f3 de la Jornada esportiva solid\u00e0ria, coordinada pel Departament d&#8217;Educaci\u00f3 f\u00edsica i els alumnes de 1r de Batxillerat. Com cada any s&#8217;hi han pogut practicar\u00a0diferents esports (b\u00e0squet, badminton, volei, ping-pong,&hellip;  <a href=\"https:\/\/agora.xtec.cat\/iescastelldestela\/general\/2-de-juny-jornada-esportiva\/\" title=\"Read 2 de juny Jornada esportiva\">Llegeix m\u00e9s\u00bb<\/a><\/p>\n","protected":false},"author":1,"featured_media":598,"comment_status":"closed","ping_status":"open","sticky":false,"template":"","format":"standard","meta":{"_bbp_topic_count":0,"_bbp_reply_count":0,"_bbp_total_topic_count":0,"_bbp_total_reply_count":0,"_bbp_voice_count":0,"_bbp_anonymous_reply_count":0,"_bbp_topic_count_hidden":0,"_bbp_reply_count_hidden":0,"_bbp_forum_subforum_count":0,"footnotes":""},"categories":[1,29],"tags":[],"class_list":["post-597","post","type-post","status-publish","format-standard","has-post-thumbnail","hentry","category-general","category-portada"],"post_mailing_queue_ids":[],"_links":{"self":[{"href":"https:\/\/agora.xtec.cat\/iescastelldestela\/wp-json\/wp\/v2\/posts\/597","targetHints":{"allow":["GET"]}}],"collection":[{"href":"https:\/\/agora.xtec.cat\/iescastelldestela\/wp-json\/wp\/v2\/posts"}],"about":[{"href":"https:\/\/agora.xtec.cat\/iescastelldestela\/wp-json\/wp\/v2\/types\/post"}],"author":[{"embeddable":true,"href":"https:\/\/agora.xtec.cat\/iescastelldestela\/wp-json\/wp\/v2\/users\/1"}],"replies":[{"embeddable":true,"href":"https:\/\/agora.xtec.cat\/iescastelldestela\/wp-json\/wp\/v2\/comments?post=597"}],"version-history":[{"count":1,"href":"https:\/\/agora.xtec.cat\/iescastelldestela\/wp-json\/wp\/v2\/posts\/597\/revisions"}],"predecessor-version":[{"id":599,"href":"https:\/\/agora.xtec.cat\/iescastelldestela\/wp-json\/wp\/v2\/posts\/597\/revisions\/599"}],"wp:featuredmedia":[{"embeddable":true,"href":"https:\/\/agora.xtec.cat\/iescastelldestela\/wp-json\/wp\/v2\/media\/598"}],"wp:attachment":[{"href":"https:\/\/agora.xtec.cat\/iescastelldestela\/wp-json\/wp\/v2\/media?parent=597"}],"wp:term":[{"taxonomy":"category","embeddable":true,"href":"https:\/\/agora.xtec.cat\/iescastelldestela\/wp-json\/wp\/v2\/categories?post=597"},{"taxonomy":"post_tag","embeddable":true,"href":"https:\/\/agora.xtec.cat\/iescastelldestela\/wp-json\/wp\/v2\/tags?post=597"}],"curies":[{"name":"wp","href":"https:\/\/api.w.org\/{rel}","templated":true}]}}