{"id":5639,"date":"2020-05-27T09:11:10","date_gmt":"2020-05-27T09:11:10","guid":{"rendered":"https:\/\/institutcastelldestela.wordpress.com\/?p=5639"},"modified":"2020-05-27T09:11:10","modified_gmt":"2020-05-27T09:11:10","slug":"reconstruccio-del-mercat-medieval-damer","status":"publish","type":"post","link":"https:\/\/agora.xtec.cat\/iescastelldestela\/sin-categoria\/reconstruccio-del-mercat-medieval-damer\/","title":{"rendered":"RECONSTRUCCI\u00d3 DEL MERCAT MEDIEVAL D&#8217;AMER"},"content":{"rendered":"\n<figure class=\"wp-block-image size-large\"><img decoding=\"async\" src=\"https:\/\/institutcastelldestela.files.wordpress.com\/2020\/05\/image-1.png?w=364\" alt=\"\" class=\"wp-image-5642\" \/><\/figure>\n\n\n\n<p class=\"has-text-align-justify\">Des de fa uns anys, durant el primer cicle de l\u2019ESO i en la mat\u00e8ria de les ci\u00e8ncies socials, tenim com a objectiu prioritari donar a con\u00e8ixer i fer-nos nostre el patrimoni natural i cultural m\u00e9s proper a trav\u00e9s de diferents projectes de coneixement de l\u2019entorn. En aquest context, l\u2019alumnat de 2n ESO ha treballat la baixa edat mitjana mitjan\u00e7ant la <strong>reconstrucci\u00f3 del mercat medieval d\u2019Amer<\/strong>. El projecte donava continu\u00eftat al treball previ de patrimonialitzaci\u00f3 del Monestir d\u2019Amer i tancava l\u2019estudi i coneixement de l\u2019Edat Mitjana.<\/p>\n\n\n\n<p class=\"has-text-align-justify\">Amb una fusta o cartr\u00f3 dur de 50&#215;50 i\u00a0 amb materials reciclats que tenia a m\u00e0, l\u2019alumnat va fer \u00fas de la seva creativitat i dels coneixements que an\u00e0vem adquirint en relaci\u00f3 als: productes de consum de l\u2019\u00e8poca, organitzaci\u00f3 gremial, habitatge dels artesans, tipologia d\u2019edificis, fa\u00e7anes i t\u00e8cniques de construcci\u00f3 g\u00f2tiques i rom\u00e0niques, etc. El resultat ha estat d\u2019un gran rigor i una gran qualitat t\u00e8cnica i en volem compartir amb vosaltres una petita mostra.<\/p>\n\n\n\n<figure class=\"wp-block-image size-large\"><img loading=\"lazy\" decoding=\"async\" width=\"350\" height=\"264\" src=\"https:\/\/agora.xtec.cat\/iescastelldestela\/wp-content\/uploads\/usu1648\/2020\/06\/imagen-1.jpg?w=350\" class=\"wp-image-5653\" srcset=\"https:\/\/agora.xtec.cat\/iescastelldestela\/wp-content\/uploads\/usu1648\/2020\/06\/imagen-1.jpg 350w, https:\/\/agora.xtec.cat\/iescastelldestela\/wp-content\/uploads\/usu1648\/2020\/06\/imagen-1-300x226.jpg 300w, https:\/\/agora.xtec.cat\/iescastelldestela\/wp-content\/uploads\/usu1648\/2020\/06\/imagen-1-200x150.jpg 200w\" sizes=\"auto, (max-width: 350px) 100vw, 350px\" \/><figcaption>Abril Gonz\u00e0lez \u2013 2n A<br>\u00a0<\/figcaption><\/figure>\n\n\n\n<figure class=\"wp-block-image size-large\"><img loading=\"lazy\" decoding=\"async\" width=\"363\" height=\"255\" src=\"https:\/\/agora.xtec.cat\/iescastelldestela\/wp-content\/uploads\/usu1648\/2020\/06\/imagen-1.jpgmarc.jpg?w=363\" class=\"wp-image-5652\" srcset=\"https:\/\/agora.xtec.cat\/iescastelldestela\/wp-content\/uploads\/usu1648\/2020\/06\/imagen-1.jpgmarc.jpg 363w, https:\/\/agora.xtec.cat\/iescastelldestela\/wp-content\/uploads\/usu1648\/2020\/06\/imagen-1.jpgmarc-300x211.jpg 300w\" sizes=\"auto, (max-width: 363px) 100vw, 363px\" \/><figcaption><br>Marc Crosas \u2013 2n B<\/figcaption><\/figure>\n\n\n\n<figure class=\"wp-block-image size-large\"><img loading=\"lazy\" decoding=\"async\" width=\"347\" height=\"265\" src=\"https:\/\/agora.xtec.cat\/iescastelldestela\/wp-content\/uploads\/usu1648\/2020\/06\/imagen-1.jpganna.jpg?w=347\" class=\"wp-image-5651\" srcset=\"https:\/\/agora.xtec.cat\/iescastelldestela\/wp-content\/uploads\/usu1648\/2020\/06\/imagen-1.jpganna.jpg 347w, https:\/\/agora.xtec.cat\/iescastelldestela\/wp-content\/uploads\/usu1648\/2020\/06\/imagen-1.jpganna-300x229.jpg 300w\" sizes=\"auto, (max-width: 347px) 100vw, 347px\" \/><figcaption>Anna Planella &#8211; 2n A<\/figcaption><\/figure>\n\n\n\n<figure class=\"wp-block-image size-large\"><img decoding=\"async\" src=\"https:\/\/institutcastelldestela.files.wordpress.com\/2020\/05\/image-1.png?w=364\" alt=\"\" class=\"wp-image-5642\" \/><figcaption>Laia Encesa &#8211; 2n B<\/figcaption><\/figure>\n","protected":false},"excerpt":{"rendered":"<p>Des de fa uns anys, durant el primer cicle de l\u2019ESO i en la mat\u00e8ria de les ci\u00e8ncies socials, tenim com a objectiu prioritari donar a con\u00e8ixer i fer-nos nostre el patrimoni natural i cultural m\u00e9s proper a trav\u00e9s de diferents projectes de coneixement de&hellip;  <a href=\"https:\/\/agora.xtec.cat\/iescastelldestela\/sin-categoria\/reconstruccio-del-mercat-medieval-damer\/\" title=\"Read RECONSTRUCCI\u00d3 DEL MERCAT MEDIEVAL D&#8217;AMER\">Llegeix m\u00e9s\u00bb<\/a><\/p>\n","protected":false},"author":1,"featured_media":0,"comment_status":"closed","ping_status":"open","sticky":false,"template":"","format":"standard","meta":{"_bbp_topic_count":0,"_bbp_reply_count":0,"_bbp_total_topic_count":0,"_bbp_total_reply_count":0,"_bbp_voice_count":0,"_bbp_anonymous_reply_count":0,"_bbp_topic_count_hidden":0,"_bbp_reply_count_hidden":0,"_bbp_forum_subforum_count":0,"footnotes":""},"categories":[109],"tags":[],"class_list":["post-5639","post","type-post","status-publish","format-standard","hentry","category-sin-categoria"],"post_mailing_queue_ids":[],"_links":{"self":[{"href":"https:\/\/agora.xtec.cat\/iescastelldestela\/wp-json\/wp\/v2\/posts\/5639","targetHints":{"allow":["GET"]}}],"collection":[{"href":"https:\/\/agora.xtec.cat\/iescastelldestela\/wp-json\/wp\/v2\/posts"}],"about":[{"href":"https:\/\/agora.xtec.cat\/iescastelldestela\/wp-json\/wp\/v2\/types\/post"}],"author":[{"embeddable":true,"href":"https:\/\/agora.xtec.cat\/iescastelldestela\/wp-json\/wp\/v2\/users\/1"}],"replies":[{"embeddable":true,"href":"https:\/\/agora.xtec.cat\/iescastelldestela\/wp-json\/wp\/v2\/comments?post=5639"}],"version-history":[{"count":0,"href":"https:\/\/agora.xtec.cat\/iescastelldestela\/wp-json\/wp\/v2\/posts\/5639\/revisions"}],"wp:attachment":[{"href":"https:\/\/agora.xtec.cat\/iescastelldestela\/wp-json\/wp\/v2\/media?parent=5639"}],"wp:term":[{"taxonomy":"category","embeddable":true,"href":"https:\/\/agora.xtec.cat\/iescastelldestela\/wp-json\/wp\/v2\/categories?post=5639"},{"taxonomy":"post_tag","embeddable":true,"href":"https:\/\/agora.xtec.cat\/iescastelldestela\/wp-json\/wp\/v2\/tags?post=5639"}],"curies":[{"name":"wp","href":"https:\/\/api.w.org\/{rel}","templated":true}]}}