{"id":525,"date":"2016-02-09T17:03:41","date_gmt":"2016-02-09T16:03:41","guid":{"rendered":"http:\/\/agora.xtec.cat\/iescastelldestela\/?p=525"},"modified":"2018-01-08T09:47:42","modified_gmt":"2018-01-08T08:47:42","slug":"exposicio-espiral-1r-deso","status":"publish","type":"post","link":"https:\/\/agora.xtec.cat\/iescastelldestela\/general\/exposicio-espiral-1r-deso\/","title":{"rendered":"Exposici\u00f3 ESPIRAL 1r d&#8217;ESO"},"content":{"rendered":"<p>Amb els de 1r d&#8217;ESO hem fet algunes creacions\u00a0 amb formes geom\u00e8triques. De moment hem presentat una gran espiral de triangles.\u00a0Per fer-la primer vam tra\u00e7ar i retallar triangles equil\u00e0ters i despr\u00e9s vam treballar amb collage de fotografies trobades en revistes. Amb tots els triangles vam pensar a fer una composici\u00f3 de gran format, vam dibuixar les nostres idees i les vam provar amb els triangles. Al final hem constru\u00eft una gran espiral a l&#8217;entrada de l&#8217;institut feta de fotografies i retalls geometritzats.<\/p>\n<p><img loading=\"lazy\" decoding=\"async\" class=\"alignnone wp-image-1001\" src=\"https:\/\/agora.xtec.cat\/iescastelldestela\/wp-content\/uploads\/usu1648\/2016\/02\/triangles.png?w=625\" alt=\"triangles\" width=\"800\" height=\"384\" \/><\/p>\n<p>&nbsp;<\/p>\n<p><img loading=\"lazy\" decoding=\"async\" class=\"wp-image-1002 aligncenter\" src=\"https:\/\/agora.xtec.cat\/iescastelldestela\/wp-content\/uploads\/usu1648\/2016\/02\/triangles_preparacio.png?w=446\" alt=\"triangles_preparacio\" width=\"700\" height=\"471\" \/><\/p>\n<p>&nbsp;<\/p>\n<p><img loading=\"lazy\" decoding=\"async\" class=\"alignnone wp-image-1003 size-full\" src=\"https:\/\/agora.xtec.cat\/iescastelldestela\/wp-content\/uploads\/usu1648\/2016\/02\/img_6220p.jpg\" alt=\"IMG_6220p\" width=\"800\" height=\"602\" \/><\/p>\n<p>&nbsp;<\/p>\n","protected":false},"excerpt":{"rendered":"<p>Amb els de 1r d&#8217;ESO hem fet algunes creacions\u00a0 amb formes geom\u00e8triques. De moment hem presentat una gran espiral de triangles.\u00a0Per fer-la primer vam tra\u00e7ar i retallar triangles equil\u00e0ters i despr\u00e9s vam treballar amb collage de fotografies trobades en revistes. Amb tots els triangles vam&hellip;  <a href=\"https:\/\/agora.xtec.cat\/iescastelldestela\/general\/exposicio-espiral-1r-deso\/\" title=\"Read Exposici\u00f3 ESPIRAL 1r d&#8217;ESO\">Llegeix m\u00e9s\u00bb<\/a><\/p>\n","protected":false},"author":1,"featured_media":526,"comment_status":"closed","ping_status":"open","sticky":false,"template":"","format":"standard","meta":{"_bbp_topic_count":0,"_bbp_reply_count":0,"_bbp_total_topic_count":0,"_bbp_total_reply_count":0,"_bbp_voice_count":0,"_bbp_anonymous_reply_count":0,"_bbp_topic_count_hidden":0,"_bbp_reply_count_hidden":0,"_bbp_forum_subforum_count":0,"footnotes":""},"categories":[1,29],"tags":[],"class_list":["post-525","post","type-post","status-publish","format-standard","has-post-thumbnail","hentry","category-general","category-portada"],"post_mailing_queue_ids":[],"_links":{"self":[{"href":"https:\/\/agora.xtec.cat\/iescastelldestela\/wp-json\/wp\/v2\/posts\/525","targetHints":{"allow":["GET"]}}],"collection":[{"href":"https:\/\/agora.xtec.cat\/iescastelldestela\/wp-json\/wp\/v2\/posts"}],"about":[{"href":"https:\/\/agora.xtec.cat\/iescastelldestela\/wp-json\/wp\/v2\/types\/post"}],"author":[{"embeddable":true,"href":"https:\/\/agora.xtec.cat\/iescastelldestela\/wp-json\/wp\/v2\/users\/1"}],"replies":[{"embeddable":true,"href":"https:\/\/agora.xtec.cat\/iescastelldestela\/wp-json\/wp\/v2\/comments?post=525"}],"version-history":[{"count":1,"href":"https:\/\/agora.xtec.cat\/iescastelldestela\/wp-json\/wp\/v2\/posts\/525\/revisions"}],"predecessor-version":[{"id":527,"href":"https:\/\/agora.xtec.cat\/iescastelldestela\/wp-json\/wp\/v2\/posts\/525\/revisions\/527"}],"wp:featuredmedia":[{"embeddable":true,"href":"https:\/\/agora.xtec.cat\/iescastelldestela\/wp-json\/wp\/v2\/media\/526"}],"wp:attachment":[{"href":"https:\/\/agora.xtec.cat\/iescastelldestela\/wp-json\/wp\/v2\/media?parent=525"}],"wp:term":[{"taxonomy":"category","embeddable":true,"href":"https:\/\/agora.xtec.cat\/iescastelldestela\/wp-json\/wp\/v2\/categories?post=525"},{"taxonomy":"post_tag","embeddable":true,"href":"https:\/\/agora.xtec.cat\/iescastelldestela\/wp-json\/wp\/v2\/tags?post=525"}],"curies":[{"name":"wp","href":"https:\/\/api.w.org\/{rel}","templated":true}]}}