{"id":4593,"date":"2019-06-18T06:47:02","date_gmt":"2019-06-18T06:47:02","guid":{"rendered":"https:\/\/institutcastelldestela.wordpress.com\/?p=4593"},"modified":"2019-06-18T06:47:02","modified_gmt":"2019-06-18T06:47:02","slug":"caperula-rubra","status":"publish","type":"post","link":"https:\/\/agora.xtec.cat\/iescastelldestela\/sin-categoria\/caperula-rubra\/","title":{"rendered":"CAPERULA RUBRA"},"content":{"rendered":"<p>Els alumnes de 4t d&#8217;ESO que cursen l&#8217;optativa de llat\u00ed, com a culminaci\u00f3 de la mat\u00e8ria, han realitzat un taller per representar l&#8217;obra de teatre &#8220;Caperula Rubra&#8221;. Ells mateixos han constru\u00eft els escenaris i els personatges amb plastilina. Han treballat en grup i a la vegada s&#8217;han gravat representant-la.<\/p>\n<p><img loading=\"lazy\" decoding=\"async\" class=\"alignnone size-full wp-image-4595\" src=\"https:\/\/institutcastelldestela.files.wordpress.com\/2019\/06\/20190617_095329.jpg\" alt=\"20190617_095329.jpg\" width=\"4128\" height=\"2322\" \/><\/p>\n<p><img loading=\"lazy\" decoding=\"async\" class=\"alignnone size-full wp-image-4596\" src=\"https:\/\/institutcastelldestela.files.wordpress.com\/2019\/06\/20190617_095401.jpg\" alt=\"20190617_095401.jpg\" width=\"4128\" height=\"2322\" \/><\/p>\n<p>&nbsp;<\/p>\n","protected":false},"excerpt":{"rendered":"<p>Els alumnes de 4t d&#8217;ESO que cursen l&#8217;optativa de llat\u00ed, com a culminaci\u00f3 de la mat\u00e8ria, han realitzat un taller per representar l&#8217;obra de teatre &#8220;Caperula Rubra&#8221;. Ells mateixos han constru\u00eft els escenaris i els personatges amb plastilina. Han treballat en grup i a la&hellip;  <a href=\"https:\/\/agora.xtec.cat\/iescastelldestela\/sin-categoria\/caperula-rubra\/\" title=\"Read CAPERULA RUBRA\">Llegeix m\u00e9s\u00bb<\/a><\/p>\n","protected":false},"author":1,"featured_media":0,"comment_status":"closed","ping_status":"open","sticky":false,"template":"","format":"standard","meta":{"_bbp_topic_count":0,"_bbp_reply_count":0,"_bbp_total_topic_count":0,"_bbp_total_reply_count":0,"_bbp_voice_count":0,"_bbp_anonymous_reply_count":0,"_bbp_topic_count_hidden":0,"_bbp_reply_count_hidden":0,"_bbp_forum_subforum_count":0,"footnotes":""},"categories":[109],"tags":[],"class_list":["post-4593","post","type-post","status-publish","format-standard","hentry","category-sin-categoria"],"post_mailing_queue_ids":[],"_links":{"self":[{"href":"https:\/\/agora.xtec.cat\/iescastelldestela\/wp-json\/wp\/v2\/posts\/4593","targetHints":{"allow":["GET"]}}],"collection":[{"href":"https:\/\/agora.xtec.cat\/iescastelldestela\/wp-json\/wp\/v2\/posts"}],"about":[{"href":"https:\/\/agora.xtec.cat\/iescastelldestela\/wp-json\/wp\/v2\/types\/post"}],"author":[{"embeddable":true,"href":"https:\/\/agora.xtec.cat\/iescastelldestela\/wp-json\/wp\/v2\/users\/1"}],"replies":[{"embeddable":true,"href":"https:\/\/agora.xtec.cat\/iescastelldestela\/wp-json\/wp\/v2\/comments?post=4593"}],"version-history":[{"count":0,"href":"https:\/\/agora.xtec.cat\/iescastelldestela\/wp-json\/wp\/v2\/posts\/4593\/revisions"}],"wp:attachment":[{"href":"https:\/\/agora.xtec.cat\/iescastelldestela\/wp-json\/wp\/v2\/media?parent=4593"}],"wp:term":[{"taxonomy":"category","embeddable":true,"href":"https:\/\/agora.xtec.cat\/iescastelldestela\/wp-json\/wp\/v2\/categories?post=4593"},{"taxonomy":"post_tag","embeddable":true,"href":"https:\/\/agora.xtec.cat\/iescastelldestela\/wp-json\/wp\/v2\/tags?post=4593"}],"curies":[{"name":"wp","href":"https:\/\/api.w.org\/{rel}","templated":true}]}}