{"id":4215,"date":"2019-04-24T18:21:14","date_gmt":"2019-04-24T18:21:14","guid":{"rendered":"https:\/\/institutcastelldestela.wordpress.com\/?p=4215"},"modified":"2019-04-24T18:21:14","modified_gmt":"2019-04-24T18:21:14","slug":"els-mossos-imparteixen-el-taller-share","status":"publish","type":"post","link":"https:\/\/agora.xtec.cat\/iescastelldestela\/sin-categoria\/els-mossos-imparteixen-el-taller-share\/","title":{"rendered":"Els mossos imparteixen el taller SHARE"},"content":{"rendered":"<p style=\"text-align:justify;\">Avui 24 d\u2019abril, l\u2019alumnat de\u00a0<strong>1r de Batxillerat\u00a0<\/strong>ha assistit a la xerrada del taller <strong>Share\u00a0<\/strong>organitzada pels Mossos d\u2019Esquadra. Es tracta d\u2019un taller on s\u2019incideix en la protecci\u00f3 civil del dret a l\u2019honor, a la intimitat personal i a la pr\u00f2pia imatge.<\/p>\n<p style=\"text-align:justify;\">En primer lloc, l\u2019alumnat ha visualitzat un curtmetratge, la finalitat del qual \u00e9s conscienciar el jovent sobre els perills i conseq\u00fc\u00e8ncies de la publicaci\u00f3 de continguts personals d\u2019altres persones a les xarxes socials.<\/p>\n<p style=\"text-align:justify;\">Durant aquest proc\u00e9s, s\u2019ha reflexionat sobre diferents aspectes relacionats amb el tema treballat com ara el sexting, grooming, bullying i el dret d\u2019imatge.<\/p>\n<p style=\"text-align:justify;\">Donem moltes gr\u00e0cies als mossos per la realitzaci\u00f3 d\u2019aquesta xerrada i tamb\u00e9 per mostrar un gran inter\u00e8s a l\u2019hora de respondre tots el dubtes que han tingut els alumnes.<\/p>\n\n\t\t<style type=\"text\/css\">\n\t\t\t#gallery-1 {\n\t\t\t\tmargin: auto;\n\t\t\t}\n\t\t\t#gallery-1 .gallery-item {\n\t\t\t\tfloat: left;\n\t\t\t\tmargin-top: 10px;\n\t\t\t\ttext-align: center;\n\t\t\t\twidth: 33%;\n\t\t\t}\n\t\t\t#gallery-1 img {\n\t\t\t\tborder: 2px solid #cfcfcf;\n\t\t\t}\n\t\t\t#gallery-1 .gallery-caption {\n\t\t\t\tmargin-left: 0;\n\t\t\t}\n\t\t\t\/* see gallery_shortcode() in wp-includes\/media.php *\/\n\t\t<\/style>\n\t\t<div id='gallery-1' class='gallery galleryid-4215 gallery-columns-3 gallery-size-thumbnail'><dl class='gallery-item'>\n\t\t\t<dt class='gallery-icon landscape'>\n\t\t\t\t<a href='https:\/\/agora.xtec.cat\/iescastelldestela\/sin-categoria\/els-mossos-imparteixen-el-taller-share\/attachment\/img-20190424-wa0006\/'><img loading=\"lazy\" decoding=\"async\" width=\"150\" height=\"150\" src=\"https:\/\/agora.xtec.cat\/iescastelldestela\/wp-content\/uploads\/usu1648\/2019\/04\/img-20190424-wa0006-150x150.jpg\" class=\"attachment-thumbnail size-thumbnail\" alt=\"\" \/><\/a>\n\t\t\t<\/dt><\/dl><dl class='gallery-item'>\n\t\t\t<dt class='gallery-icon landscape'>\n\t\t\t\t<a href='https:\/\/agora.xtec.cat\/iescastelldestela\/sin-categoria\/els-mossos-imparteixen-el-taller-share\/attachment\/img-20190424-wa0005\/'><img loading=\"lazy\" decoding=\"async\" width=\"150\" height=\"150\" src=\"https:\/\/agora.xtec.cat\/iescastelldestela\/wp-content\/uploads\/usu1648\/2019\/04\/img-20190424-wa0005-150x150.jpg\" class=\"attachment-thumbnail size-thumbnail\" alt=\"\" \/><\/a>\n\t\t\t<\/dt><\/dl><dl class='gallery-item'>\n\t\t\t<dt class='gallery-icon landscape'>\n\t\t\t\t<a href='https:\/\/agora.xtec.cat\/iescastelldestela\/sin-categoria\/els-mossos-imparteixen-el-taller-share\/attachment\/img-20190424-wa0003\/'><img loading=\"lazy\" decoding=\"async\" width=\"150\" height=\"150\" src=\"https:\/\/agora.xtec.cat\/iescastelldestela\/wp-content\/uploads\/usu1648\/2019\/04\/img-20190424-wa0003-150x150.jpg\" class=\"attachment-thumbnail size-thumbnail\" alt=\"\" \/><\/a>\n\t\t\t<\/dt><\/dl><br style=\"clear: both\" \/>\n\t\t<\/div>\n\n","protected":false},"excerpt":{"rendered":"<p>Avui 24 d\u2019abril, l\u2019alumnat de\u00a01r de Batxillerat\u00a0ha assistit a la xerrada del taller Share\u00a0organitzada pels Mossos d\u2019Esquadra. Es tracta d\u2019un taller on s\u2019incideix en la protecci\u00f3 civil del dret a l\u2019honor, a la intimitat personal i a la pr\u00f2pia imatge.<br \/>\nEn primer lloc, l\u2019alumnat ha visualitzat&hellip;  <a href=\"https:\/\/agora.xtec.cat\/iescastelldestela\/sin-categoria\/els-mossos-imparteixen-el-taller-share\/\" title=\"Read Els mossos imparteixen el taller SHARE\">Llegeix m\u00e9s\u00bb<\/a><\/p>\n","protected":false},"author":1,"featured_media":8312,"comment_status":"closed","ping_status":"open","sticky":false,"template":"","format":"standard","meta":{"_bbp_topic_count":0,"_bbp_reply_count":0,"_bbp_total_topic_count":0,"_bbp_total_reply_count":0,"_bbp_voice_count":0,"_bbp_anonymous_reply_count":0,"_bbp_topic_count_hidden":0,"_bbp_reply_count_hidden":0,"_bbp_forum_subforum_count":0,"footnotes":""},"categories":[109],"tags":[],"class_list":["post-4215","post","type-post","status-publish","format-standard","has-post-thumbnail","hentry","category-sin-categoria"],"post_mailing_queue_ids":[],"_links":{"self":[{"href":"https:\/\/agora.xtec.cat\/iescastelldestela\/wp-json\/wp\/v2\/posts\/4215","targetHints":{"allow":["GET"]}}],"collection":[{"href":"https:\/\/agora.xtec.cat\/iescastelldestela\/wp-json\/wp\/v2\/posts"}],"about":[{"href":"https:\/\/agora.xtec.cat\/iescastelldestela\/wp-json\/wp\/v2\/types\/post"}],"author":[{"embeddable":true,"href":"https:\/\/agora.xtec.cat\/iescastelldestela\/wp-json\/wp\/v2\/users\/1"}],"replies":[{"embeddable":true,"href":"https:\/\/agora.xtec.cat\/iescastelldestela\/wp-json\/wp\/v2\/comments?post=4215"}],"version-history":[{"count":0,"href":"https:\/\/agora.xtec.cat\/iescastelldestela\/wp-json\/wp\/v2\/posts\/4215\/revisions"}],"wp:featuredmedia":[{"embeddable":true,"href":"https:\/\/agora.xtec.cat\/iescastelldestela\/wp-json\/wp\/v2\/media\/8312"}],"wp:attachment":[{"href":"https:\/\/agora.xtec.cat\/iescastelldestela\/wp-json\/wp\/v2\/media?parent=4215"}],"wp:term":[{"taxonomy":"category","embeddable":true,"href":"https:\/\/agora.xtec.cat\/iescastelldestela\/wp-json\/wp\/v2\/categories?post=4215"},{"taxonomy":"post_tag","embeddable":true,"href":"https:\/\/agora.xtec.cat\/iescastelldestela\/wp-json\/wp\/v2\/tags?post=4215"}],"curies":[{"name":"wp","href":"https:\/\/api.w.org\/{rel}","templated":true}]}}