{"id":4086,"date":"2019-03-29T08:10:16","date_gmt":"2019-03-29T08:10:16","guid":{"rendered":"https:\/\/institutcastelldestela.wordpress.com\/?p=4086"},"modified":"2019-03-29T08:10:16","modified_gmt":"2019-03-29T08:10:16","slug":"congres-de-joves-cientifics-de-catalunya","status":"publish","type":"post","link":"https:\/\/agora.xtec.cat\/iescastelldestela\/sin-categoria\/congres-de-joves-cientifics-de-catalunya\/","title":{"rendered":"Congr\u00e9s de Joves Cient\u00edfics de Catalunya"},"content":{"rendered":"<table style=\"height:743px;\" width=\"665\">\n<tbody>\n<tr>\n<td>\n<p style=\"text-align:justify;\"><img loading=\"lazy\" decoding=\"async\" class=\"alignnone size-full wp-image-4094\" src=\"https:\/\/agora.xtec.cat\/iescastelldestela\/wp-content\/uploads\/usu1648\/2019\/03\/20190328_155506.jpg\" alt=\"20190328_155506\" width=\"5312\" height=\"2988\" \/>El passat dia 28 de mar\u00e7 l\u2019alumnat de 1r ESO de l\u2019Institut Castell d\u2019Estela d\u2019Amer va participar en el Congr\u00e9s de Joves Cient\u00edfics de Catalunya que a tenir lloc a la ciutat d\u2019Olot.<\/p>\n<p style=\"text-align:justify;\">L\u2019Institut Castell d\u2019Estela va presentar \u201cEls Secrets del Riu Brugent\u201d, un projecte interdisciplinar de descoberta de l\u2019entorn que tenia l\u2019objectiu de con\u00e8ixer el riu Brugent des de diferents \u00e0mbits del coneixement, tot aplicant el m\u00e8tode cient\u00edfic. En la jornada l\u2019alumnat tamb\u00e9 va poder participar en diferents espais d\u2019investigaci\u00f3, tallers de f\u00edsica i rob\u00f2tica , m\u00fasica i expressi\u00f3 oral.<\/p>\n<p style=\"text-align:justify;\">A la tarda alguns membres de cada institut han interpretat\u00a0 peces musicals i exposat un treball sobre l\u2019aigua que pr\u00e8viament havien estat fent a classe.<\/p>\n<p style=\"text-align:justify;\">\n<\/td>\n<\/tr>\n<\/tbody>\n<\/table>\n\n\t\t<style type=\"text\/css\">\n\t\t\t#gallery-1 {\n\t\t\t\tmargin: auto;\n\t\t\t}\n\t\t\t#gallery-1 .gallery-item {\n\t\t\t\tfloat: left;\n\t\t\t\tmargin-top: 10px;\n\t\t\t\ttext-align: center;\n\t\t\t\twidth: 33%;\n\t\t\t}\n\t\t\t#gallery-1 img {\n\t\t\t\tborder: 2px solid #cfcfcf;\n\t\t\t}\n\t\t\t#gallery-1 .gallery-caption {\n\t\t\t\tmargin-left: 0;\n\t\t\t}\n\t\t\t\/* see gallery_shortcode() in wp-includes\/media.php *\/\n\t\t<\/style>\n\t\t<div id='gallery-1' class='gallery galleryid-4086 gallery-columns-3 gallery-size-thumbnail'><dl class='gallery-item'>\n\t\t\t<dt class='gallery-icon landscape'>\n\t\t\t\t<a href='https:\/\/agora.xtec.cat\/iescastelldestela\/sin-categoria\/congres-de-joves-cientifics-de-catalunya\/attachment\/20190328_125718\/'><img loading=\"lazy\" decoding=\"async\" width=\"150\" height=\"150\" src=\"https:\/\/agora.xtec.cat\/iescastelldestela\/wp-content\/uploads\/usu1648\/2019\/03\/20190328_125718-150x150.jpg\" class=\"attachment-thumbnail size-thumbnail\" alt=\"\" \/><\/a>\n\t\t\t<\/dt><\/dl><dl class='gallery-item'>\n\t\t\t<dt class='gallery-icon landscape'>\n\t\t\t\t<a href='https:\/\/agora.xtec.cat\/iescastelldestela\/sin-categoria\/congres-de-joves-cientifics-de-catalunya\/attachment\/20190329_143419\/'><img loading=\"lazy\" decoding=\"async\" width=\"150\" height=\"150\" src=\"https:\/\/agora.xtec.cat\/iescastelldestela\/wp-content\/uploads\/usu1648\/2019\/03\/20190329_143419-150x150.jpg\" class=\"attachment-thumbnail size-thumbnail\" alt=\"\" \/><\/a>\n\t\t\t<\/dt><\/dl><dl class='gallery-item'>\n\t\t\t<dt class='gallery-icon landscape'>\n\t\t\t\t<a href='https:\/\/agora.xtec.cat\/iescastelldestela\/sin-categoria\/congres-de-joves-cientifics-de-catalunya\/attachment\/20190328_190857\/'><img loading=\"lazy\" decoding=\"async\" width=\"150\" height=\"150\" src=\"https:\/\/agora.xtec.cat\/iescastelldestela\/wp-content\/uploads\/usu1648\/2019\/03\/20190328_190857-150x150.jpg\" class=\"attachment-thumbnail size-thumbnail\" alt=\"\" \/><\/a>\n\t\t\t<\/dt><\/dl><br style=\"clear: both\" \/><dl class='gallery-item'>\n\t\t\t<dt class='gallery-icon landscape'>\n\t\t\t\t<a href='https:\/\/agora.xtec.cat\/iescastelldestela\/sin-categoria\/congres-de-joves-cientifics-de-catalunya\/attachment\/20190328_094904\/'><img loading=\"lazy\" decoding=\"async\" width=\"150\" height=\"150\" src=\"https:\/\/agora.xtec.cat\/iescastelldestela\/wp-content\/uploads\/usu1648\/2019\/03\/20190328_094904-150x150.jpg\" class=\"attachment-thumbnail size-thumbnail\" alt=\"\" \/><\/a>\n\t\t\t<\/dt><\/dl><dl class='gallery-item'>\n\t\t\t<dt class='gallery-icon landscape'>\n\t\t\t\t<a href='https:\/\/agora.xtec.cat\/iescastelldestela\/sin-categoria\/congres-de-joves-cientifics-de-catalunya\/attachment\/20190328_195516\/'><img loading=\"lazy\" decoding=\"async\" width=\"150\" height=\"150\" src=\"https:\/\/agora.xtec.cat\/iescastelldestela\/wp-content\/uploads\/usu1648\/2019\/03\/20190328_195516-150x150.jpg\" class=\"attachment-thumbnail size-thumbnail\" alt=\"\" \/><\/a>\n\t\t\t<\/dt><\/dl><dl class='gallery-item'>\n\t\t\t<dt class='gallery-icon landscape'>\n\t\t\t\t<a href='https:\/\/agora.xtec.cat\/iescastelldestela\/sin-categoria\/congres-de-joves-cientifics-de-catalunya\/attachment\/20190328_165519\/'><img loading=\"lazy\" decoding=\"async\" width=\"150\" height=\"150\" src=\"https:\/\/agora.xtec.cat\/iescastelldestela\/wp-content\/uploads\/usu1648\/2019\/03\/20190328_165519-150x150.jpg\" class=\"attachment-thumbnail size-thumbnail\" alt=\"\" \/><\/a>\n\t\t\t<\/dt><\/dl><br style=\"clear: both\" \/><dl class='gallery-item'>\n\t\t\t<dt class='gallery-icon landscape'>\n\t\t\t\t<a href='https:\/\/agora.xtec.cat\/iescastelldestela\/sin-categoria\/congres-de-joves-cientifics-de-catalunya\/attachment\/taller-fisica-2\/'><img loading=\"lazy\" decoding=\"async\" width=\"150\" height=\"150\" src=\"https:\/\/agora.xtec.cat\/iescastelldestela\/wp-content\/uploads\/usu1648\/2019\/03\/taller-ficc81sica-2-150x150.jpg\" class=\"attachment-thumbnail size-thumbnail\" alt=\"\" \/><\/a>\n\t\t\t<\/dt><\/dl>\n\t\t\t<br style='clear: both' \/>\n\t\t<\/div>\n\n<p><a href=\"https:\/\/photos.app.goo.gl\/fsa5z1grrHC7im4K9\">V\u00cdDEO<\/a><\/p>\n","protected":false},"excerpt":{"rendered":"<p>El passat dia 28 de mar\u00e7 l\u2019alumnat de 1r ESO de l\u2019Institut Castell d\u2019Estela d\u2019Amer va participar en el Congr\u00e9s de Joves Cient\u00edfics de Catalunya que a tenir lloc a la ciutat d\u2019Olot.<br \/>\nL\u2019Institut Castell d\u2019Estela va presentar \u201cEls Secrets del Riu Brugent\u201d, un projecte interdisciplinar&hellip;  <a href=\"https:\/\/agora.xtec.cat\/iescastelldestela\/sin-categoria\/congres-de-joves-cientifics-de-catalunya\/\" title=\"Read Congr\u00e9s de Joves Cient\u00edfics de Catalunya\">Llegeix m\u00e9s\u00bb<\/a><\/p>\n","protected":false},"author":1,"featured_media":4094,"comment_status":"closed","ping_status":"open","sticky":false,"template":"","format":"standard","meta":{"_bbp_topic_count":0,"_bbp_reply_count":0,"_bbp_total_topic_count":0,"_bbp_total_reply_count":0,"_bbp_voice_count":0,"_bbp_anonymous_reply_count":0,"_bbp_topic_count_hidden":0,"_bbp_reply_count_hidden":0,"_bbp_forum_subforum_count":0,"footnotes":""},"categories":[109],"tags":[],"class_list":["post-4086","post","type-post","status-publish","format-standard","has-post-thumbnail","hentry","category-sin-categoria"],"post_mailing_queue_ids":[],"_links":{"self":[{"href":"https:\/\/agora.xtec.cat\/iescastelldestela\/wp-json\/wp\/v2\/posts\/4086","targetHints":{"allow":["GET"]}}],"collection":[{"href":"https:\/\/agora.xtec.cat\/iescastelldestela\/wp-json\/wp\/v2\/posts"}],"about":[{"href":"https:\/\/agora.xtec.cat\/iescastelldestela\/wp-json\/wp\/v2\/types\/post"}],"author":[{"embeddable":true,"href":"https:\/\/agora.xtec.cat\/iescastelldestela\/wp-json\/wp\/v2\/users\/1"}],"replies":[{"embeddable":true,"href":"https:\/\/agora.xtec.cat\/iescastelldestela\/wp-json\/wp\/v2\/comments?post=4086"}],"version-history":[{"count":0,"href":"https:\/\/agora.xtec.cat\/iescastelldestela\/wp-json\/wp\/v2\/posts\/4086\/revisions"}],"wp:featuredmedia":[{"embeddable":true,"href":"https:\/\/agora.xtec.cat\/iescastelldestela\/wp-json\/wp\/v2\/media\/4094"}],"wp:attachment":[{"href":"https:\/\/agora.xtec.cat\/iescastelldestela\/wp-json\/wp\/v2\/media?parent=4086"}],"wp:term":[{"taxonomy":"category","embeddable":true,"href":"https:\/\/agora.xtec.cat\/iescastelldestela\/wp-json\/wp\/v2\/categories?post=4086"},{"taxonomy":"post_tag","embeddable":true,"href":"https:\/\/agora.xtec.cat\/iescastelldestela\/wp-json\/wp\/v2\/tags?post=4086"}],"curies":[{"name":"wp","href":"https:\/\/api.w.org\/{rel}","templated":true}]}}