{"id":3985,"date":"2019-03-08T07:45:26","date_gmt":"2019-03-08T07:45:26","guid":{"rendered":"https:\/\/institutcastelldestela.wordpress.com\/?p=3985"},"modified":"2019-03-08T07:45:26","modified_gmt":"2019-03-08T07:45:26","slug":"olimpiades-de-geologia-2-2","status":"publish","type":"post","link":"https:\/\/agora.xtec.cat\/iescastelldestela\/sin-categoria\/olimpiades-de-geologia-2-2\/","title":{"rendered":"OL\u00cdMPIADES DE GEOLOGIA"},"content":{"rendered":"<p><img loading=\"lazy\" decoding=\"async\" class=\"alignnone size-full wp-image-3987\" src=\"https:\/\/agora.xtec.cat\/iescastelldestela\/wp-content\/uploads\/usu1648\/2019\/03\/img-20190311-wa0000.jpg\" alt=\"IMG-20190311-WA0000\" width=\"1600\" height=\"1200\" srcset=\"https:\/\/agora.xtec.cat\/iescastelldestela\/wp-content\/uploads\/usu1648\/2019\/03\/img-20190311-wa0000.jpg 1600w, https:\/\/agora.xtec.cat\/iescastelldestela\/wp-content\/uploads\/usu1648\/2019\/03\/img-20190311-wa0000-300x225.jpg 300w, https:\/\/agora.xtec.cat\/iescastelldestela\/wp-content\/uploads\/usu1648\/2019\/03\/img-20190311-wa0000-1024x768.jpg 1024w, https:\/\/agora.xtec.cat\/iescastelldestela\/wp-content\/uploads\/usu1648\/2019\/03\/img-20190311-wa0000-768x576.jpg 768w, https:\/\/agora.xtec.cat\/iescastelldestela\/wp-content\/uploads\/usu1648\/2019\/03\/img-20190311-wa0000-1536x1152.jpg 1536w, https:\/\/agora.xtec.cat\/iescastelldestela\/wp-content\/uploads\/usu1648\/2019\/03\/img-20190311-wa0000-200x150.jpg 200w\" sizes=\"auto, (max-width: 1600px) 100vw, 1600px\" \/><\/p>\n<table>\n<tbody>\n<tr>\n<td>\n<p style=\"text-align:justify;\">El divendres 8 de mar\u00e7, dia de la Dona, 129 alumnes de les comarques gironines van participar a les\u00a0<strong>10nes Olimp\u00edada de Geologia\u00a0a la Facultat de Ci\u00e8ncies de la Universitat de Girona<\/strong>.\u00a0\u00a0Enguany, al ser el dia de la dona,\u00a0 s\u2019ha utilitzat com a \u00e8mfasi per reivindicar la figura de <strong>la Dona Ge\u00f2loga<\/strong>.<\/p>\n<p style=\"text-align:justify;\">La prova consisteix en una part\u00a0te\u00f2rica individual\u00a0 amb preguntes espec\u00edfiques de Ci\u00e8ncies de la Terra i una prova pr\u00e0ctica en grup que requeria interpretar un tall geol\u00f2gic i identificar minerals, roques i f\u00f2ssils.<\/p>\n<p style=\"text-align:justify;\">Tot i no obtenir cap premi, cal felicitar a tots els\u00a0 nostres alumnes pel treball que han fet i perqu\u00e8\u00a0 han obtingut molt bona puntuaci\u00f3 (nom\u00e9s\u00a0 han quedat a 5 punts dels premiats).<\/p>\n<p><strong>L&#8217;enhorabona a tots!<\/strong><\/p>\n<p>&nbsp;<\/td>\n<\/tr>\n<\/tbody>\n<\/table>\n\n\t\t<style type=\"text\/css\">\n\t\t\t#gallery-1 {\n\t\t\t\tmargin: auto;\n\t\t\t}\n\t\t\t#gallery-1 .gallery-item {\n\t\t\t\tfloat: left;\n\t\t\t\tmargin-top: 10px;\n\t\t\t\ttext-align: center;\n\t\t\t\twidth: 33%;\n\t\t\t}\n\t\t\t#gallery-1 img {\n\t\t\t\tborder: 2px solid #cfcfcf;\n\t\t\t}\n\t\t\t#gallery-1 .gallery-caption {\n\t\t\t\tmargin-left: 0;\n\t\t\t}\n\t\t\t\/* see gallery_shortcode() in wp-includes\/media.php *\/\n\t\t<\/style>\n\t\t<div id='gallery-1' class='gallery galleryid-3985 gallery-columns-3 gallery-size-thumbnail'><dl class='gallery-item'>\n\t\t\t<dt class='gallery-icon landscape'>\n\t\t\t\t<a href='https:\/\/agora.xtec.cat\/iescastelldestela\/sin-categoria\/olimpiades-de-geologia-2-2\/attachment\/img-20190311-wa0004\/'><img loading=\"lazy\" decoding=\"async\" width=\"150\" height=\"150\" src=\"https:\/\/agora.xtec.cat\/iescastelldestela\/wp-content\/uploads\/usu1648\/2019\/03\/img-20190311-wa0004-150x150.jpg\" class=\"attachment-thumbnail size-thumbnail\" alt=\"\" \/><\/a>\n\t\t\t<\/dt><\/dl><dl class='gallery-item'>\n\t\t\t<dt class='gallery-icon portrait'>\n\t\t\t\t<a href='https:\/\/agora.xtec.cat\/iescastelldestela\/sin-categoria\/olimpiades-de-geologia-2-2\/attachment\/img-20190311-wa0002\/'><img loading=\"lazy\" decoding=\"async\" width=\"150\" height=\"150\" src=\"https:\/\/agora.xtec.cat\/iescastelldestela\/wp-content\/uploads\/usu1648\/2019\/03\/img-20190311-wa0002-150x150.jpg\" class=\"attachment-thumbnail size-thumbnail\" alt=\"\" \/><\/a>\n\t\t\t<\/dt><\/dl><dl class='gallery-item'>\n\t\t\t<dt class='gallery-icon landscape'>\n\t\t\t\t<a href='https:\/\/agora.xtec.cat\/iescastelldestela\/sin-categoria\/olimpiades-de-geologia-2-2\/attachment\/img-20190311-wa0003\/'><img loading=\"lazy\" decoding=\"async\" width=\"150\" height=\"150\" src=\"https:\/\/agora.xtec.cat\/iescastelldestela\/wp-content\/uploads\/usu1648\/2019\/03\/img-20190311-wa0003-150x150.jpg\" class=\"attachment-thumbnail size-thumbnail\" alt=\"\" \/><\/a>\n\t\t\t<\/dt><\/dl><br style=\"clear: both\" \/>\n\t\t<\/div>\n\n","protected":false},"excerpt":{"rendered":"<p>El divendres 8 de mar\u00e7, dia de la Dona, 129 alumnes de les comarques gironines van participar a les\u00a010nes Olimp\u00edada de Geologia\u00a0a la Facultat de Ci\u00e8ncies de la Universitat de Girona.\u00a0\u00a0Enguany, al ser el dia de la dona,\u00a0 s\u2019ha utilitzat com a \u00e8mfasi per reivindicar&hellip;  <a href=\"https:\/\/agora.xtec.cat\/iescastelldestela\/sin-categoria\/olimpiades-de-geologia-2-2\/\" title=\"Read OL\u00cdMPIADES DE GEOLOGIA\">Llegeix m\u00e9s\u00bb<\/a><\/p>\n","protected":false},"author":1,"featured_media":3986,"comment_status":"closed","ping_status":"open","sticky":false,"template":"","format":"standard","meta":{"_bbp_topic_count":0,"_bbp_reply_count":0,"_bbp_total_topic_count":0,"_bbp_total_reply_count":0,"_bbp_voice_count":0,"_bbp_anonymous_reply_count":0,"_bbp_topic_count_hidden":0,"_bbp_reply_count_hidden":0,"_bbp_forum_subforum_count":0,"footnotes":""},"categories":[109],"tags":[],"class_list":["post-3985","post","type-post","status-publish","format-standard","has-post-thumbnail","hentry","category-sin-categoria"],"post_mailing_queue_ids":[],"_links":{"self":[{"href":"https:\/\/agora.xtec.cat\/iescastelldestela\/wp-json\/wp\/v2\/posts\/3985","targetHints":{"allow":["GET"]}}],"collection":[{"href":"https:\/\/agora.xtec.cat\/iescastelldestela\/wp-json\/wp\/v2\/posts"}],"about":[{"href":"https:\/\/agora.xtec.cat\/iescastelldestela\/wp-json\/wp\/v2\/types\/post"}],"author":[{"embeddable":true,"href":"https:\/\/agora.xtec.cat\/iescastelldestela\/wp-json\/wp\/v2\/users\/1"}],"replies":[{"embeddable":true,"href":"https:\/\/agora.xtec.cat\/iescastelldestela\/wp-json\/wp\/v2\/comments?post=3985"}],"version-history":[{"count":0,"href":"https:\/\/agora.xtec.cat\/iescastelldestela\/wp-json\/wp\/v2\/posts\/3985\/revisions"}],"wp:featuredmedia":[{"embeddable":true,"href":"https:\/\/agora.xtec.cat\/iescastelldestela\/wp-json\/wp\/v2\/media\/3986"}],"wp:attachment":[{"href":"https:\/\/agora.xtec.cat\/iescastelldestela\/wp-json\/wp\/v2\/media?parent=3985"}],"wp:term":[{"taxonomy":"category","embeddable":true,"href":"https:\/\/agora.xtec.cat\/iescastelldestela\/wp-json\/wp\/v2\/categories?post=3985"},{"taxonomy":"post_tag","embeddable":true,"href":"https:\/\/agora.xtec.cat\/iescastelldestela\/wp-json\/wp\/v2\/tags?post=3985"}],"curies":[{"name":"wp","href":"https:\/\/api.w.org\/{rel}","templated":true}]}}