{"id":3955,"date":"2019-03-08T19:07:47","date_gmt":"2019-03-08T19:07:47","guid":{"rendered":"https:\/\/institutcastelldestela.wordpress.com\/?p=3955"},"modified":"2019-03-08T19:07:47","modified_gmt":"2019-03-08T19:07:47","slug":"8m-dia-internacional-de-les-dones-2019","status":"publish","type":"post","link":"https:\/\/agora.xtec.cat\/iescastelldestela\/sin-categoria\/8m-dia-internacional-de-les-dones-2019\/","title":{"rendered":"8M: Dia Internacional de les dones 2019"},"content":{"rendered":"<p style=\"text-align:justify;\">El Dia Internacional de les Dones o Dia de la Dona Treballadora se celebra el 8 de mar\u00e7 de cada any i est\u00e0 reconegut per l\u2019Organitzaci\u00f3 de les Nacions Unides (l\u2019ONU). \u00c9s un dia aprofitat tradicionalment per reivindicar el feminisme denunciant el sexisme. Aquest dia commemora la lluita de les dones per la seva participaci\u00f3 juntament amb els homes en l\u2019\u00e0mbit laboral, i per tant del dret a la independ\u00e8ncia econ\u00f2mica, i a la societat en general.<\/p>\n<p style=\"text-align:justify;\"><strong>Recollint la proposta feta pels delegats i sotsdelegats de l\u2019alumnat de 1r i 2n d&#8217;ESO, avui 8 de mar\u00e7 s&#8217;ha fet a l\u2019institut una activitat per a celebrar el <a href=\"http:\/\/dones.gencat.cat\/ca\/ambits\/sensibilitzacio\/campanyes\/dia-internacional-de-les-dones-2019\/\">dia internacional de la dona.<\/a> L\u2019actuaci\u00f3 ha consistit en dibuixar amb figures humanes el s\u00edmbol feminista tal i com podeu veure a les fotografies que acompanyen aquest text. \u00a0A m\u00e9s de la figura s&#8217;han\u00a0 pintat els noms de totes les alumnes, professores i\u00a0 membres del PAS del nostre Centre i el seg\u00fcent lema: &#8220;IGUALTAT SENSE EXCUSES&#8221;<\/strong><\/p>\n\n\t\t<style type=\"text\/css\">\n\t\t\t#gallery-1 {\n\t\t\t\tmargin: auto;\n\t\t\t}\n\t\t\t#gallery-1 .gallery-item {\n\t\t\t\tfloat: left;\n\t\t\t\tmargin-top: 10px;\n\t\t\t\ttext-align: center;\n\t\t\t\twidth: 33%;\n\t\t\t}\n\t\t\t#gallery-1 img {\n\t\t\t\tborder: 2px solid #cfcfcf;\n\t\t\t}\n\t\t\t#gallery-1 .gallery-caption {\n\t\t\t\tmargin-left: 0;\n\t\t\t}\n\t\t\t\/* see gallery_shortcode() in wp-includes\/media.php *\/\n\t\t<\/style>\n\t\t<div id='gallery-1' class='gallery galleryid-3955 gallery-columns-3 gallery-size-thumbnail'><dl class='gallery-item'>\n\t\t\t<dt class='gallery-icon landscape'>\n\t\t\t\t<a href='https:\/\/agora.xtec.cat\/iescastelldestela\/sin-categoria\/8m-dia-internacional-de-les-dones-2019\/attachment\/img-20190308-wa0020\/'><img loading=\"lazy\" decoding=\"async\" width=\"150\" height=\"150\" src=\"https:\/\/agora.xtec.cat\/iescastelldestela\/wp-content\/uploads\/usu1648\/2019\/03\/img-20190308-wa0020-150x150.jpg\" class=\"attachment-thumbnail size-thumbnail\" alt=\"\" \/><\/a>\n\t\t\t<\/dt><\/dl>\n\t\t\t<br style='clear: both' \/>\n\t\t<\/div>\n\n<p>&nbsp;<\/p>\n<p>&nbsp;<\/p>\n","protected":false},"excerpt":{"rendered":"<p>El Dia Internacional de les Dones o Dia de la Dona Treballadora se celebra el 8 de mar\u00e7 de cada any i est\u00e0 reconegut per l\u2019Organitzaci\u00f3 de les Nacions Unides (l\u2019ONU). \u00c9s un dia aprofitat tradicionalment per reivindicar el feminisme denunciant el sexisme. Aquest dia&hellip;  <a href=\"https:\/\/agora.xtec.cat\/iescastelldestela\/sin-categoria\/8m-dia-internacional-de-les-dones-2019\/\" title=\"Read 8M: Dia Internacional de les dones 2019\">Llegeix m\u00e9s\u00bb<\/a><\/p>\n","protected":false},"author":1,"featured_media":3956,"comment_status":"closed","ping_status":"open","sticky":false,"template":"","format":"standard","meta":{"_bbp_topic_count":0,"_bbp_reply_count":0,"_bbp_total_topic_count":0,"_bbp_total_reply_count":0,"_bbp_voice_count":0,"_bbp_anonymous_reply_count":0,"_bbp_topic_count_hidden":0,"_bbp_reply_count_hidden":0,"_bbp_forum_subforum_count":0,"footnotes":""},"categories":[109],"tags":[],"class_list":["post-3955","post","type-post","status-publish","format-standard","has-post-thumbnail","hentry","category-sin-categoria"],"post_mailing_queue_ids":[],"_links":{"self":[{"href":"https:\/\/agora.xtec.cat\/iescastelldestela\/wp-json\/wp\/v2\/posts\/3955","targetHints":{"allow":["GET"]}}],"collection":[{"href":"https:\/\/agora.xtec.cat\/iescastelldestela\/wp-json\/wp\/v2\/posts"}],"about":[{"href":"https:\/\/agora.xtec.cat\/iescastelldestela\/wp-json\/wp\/v2\/types\/post"}],"author":[{"embeddable":true,"href":"https:\/\/agora.xtec.cat\/iescastelldestela\/wp-json\/wp\/v2\/users\/1"}],"replies":[{"embeddable":true,"href":"https:\/\/agora.xtec.cat\/iescastelldestela\/wp-json\/wp\/v2\/comments?post=3955"}],"version-history":[{"count":0,"href":"https:\/\/agora.xtec.cat\/iescastelldestela\/wp-json\/wp\/v2\/posts\/3955\/revisions"}],"wp:featuredmedia":[{"embeddable":true,"href":"https:\/\/agora.xtec.cat\/iescastelldestela\/wp-json\/wp\/v2\/media\/3956"}],"wp:attachment":[{"href":"https:\/\/agora.xtec.cat\/iescastelldestela\/wp-json\/wp\/v2\/media?parent=3955"}],"wp:term":[{"taxonomy":"category","embeddable":true,"href":"https:\/\/agora.xtec.cat\/iescastelldestela\/wp-json\/wp\/v2\/categories?post=3955"},{"taxonomy":"post_tag","embeddable":true,"href":"https:\/\/agora.xtec.cat\/iescastelldestela\/wp-json\/wp\/v2\/tags?post=3955"}],"curies":[{"name":"wp","href":"https:\/\/api.w.org\/{rel}","templated":true}]}}