{"id":1269,"date":"2016-05-13T21:35:38","date_gmt":"2016-05-13T21:35:38","guid":{"rendered":"https:\/\/institutcastelldestela.wordpress.com\/?p=1269"},"modified":"2016-05-13T21:35:38","modified_gmt":"2016-05-13T21:35:38","slug":"premi-videomat-2016-2","status":"publish","type":"post","link":"https:\/\/agora.xtec.cat\/iescastelldestela\/sin-categoria\/premi-videomat-2016-2\/","title":{"rendered":"PREMI v\u00eddeoMAT 2016 !"},"content":{"rendered":"<p>Amb el seu v\u00eddeo &#8216;Com podem generar volums a partir de tramats geom\u00e8trics?&#8217; els alumnes de 1r de Batxillerat de la mat\u00e8ria de Dibuix t\u00e8cnic han obtingut un premi del jurat en la seva categoria al <a href=\"http:\/\/www.videomat.cat\/\" target=\"_blank\" rel=\"noopener\">v\u00eddeoMAT 2016<\/a>.<\/p>\n<p><a href=\"https:\/\/institutcastelldestela.wordpress.com\/2016\/05\/13\/premi-videomat-2016\/img_3279_p\/\" rel=\"attachment wp-att-1296\"><img loading=\"lazy\" decoding=\"async\" class=\"alignnone wp-image-1296 size-full\" src=\"https:\/\/agora.xtec.cat\/iescastelldestela\/wp-content\/uploads\/usu1648\/2016\/05\/img_3279_p.jpg\" alt=\"IMG_3279_p\" width=\"600\" height=\"447\" srcset=\"https:\/\/agora.xtec.cat\/iescastelldestela\/wp-content\/uploads\/usu1648\/2016\/05\/img_3279_p.jpg 600w, https:\/\/agora.xtec.cat\/iescastelldestela\/wp-content\/uploads\/usu1648\/2016\/05\/img_3279_p-300x224.jpg 300w, https:\/\/agora.xtec.cat\/iescastelldestela\/wp-content\/uploads\/usu1648\/2016\/05\/img_3279_p-200x150.jpg 200w\" sizes=\"auto, (max-width: 600px) 100vw, 600px\" \/><\/a><\/p>\n<p>El divendres dia 20 de vaig varen\u00a0recollir el premi a l&#8217;Institut d&#8217;Estudis Catalans a Barcelona!<\/p>\n<p>Aquest ja \u00e9s el segon <strong>Pi de Pi<\/strong> que guanya el centre!<\/p>\n<p>Enhorabona als realitzadors!<\/p>\n<p><a href=\"https:\/\/www.youtube.com\/watch?v=MoskZSwsMxI\" target=\"_blank\" rel=\"noopener\">https:\/\/www.youtube.com\/watch?v=MoskZSwsMxI<\/a><\/p>\n<p>[youtube https:\/\/www.youtube.com\/watch?v=MoskZSwsMxI&amp;w=640&amp;h=360]<\/p>\n<p><span style=\"color:#ffffff;\">.<\/span><\/p>\n<p><span style=\"color:#ffffff;\">.<\/span><\/p>\n<p><span style=\"color:#ffffff;\">.<\/span><\/p>\n<p><span style=\"color:#ffffff;\">.<\/span><\/p>\n<p><span style=\"color:#ffffff;\">.<\/span><\/p>\n<p><span style=\"color:#ffffff;\">.<\/span><\/p>\n<p><span style=\"color:#ffffff;\">.<\/span><\/p>\n","protected":false},"excerpt":{"rendered":"<p>Amb el seu v\u00eddeo &#8216;Com podem generar volums a partir de tramats geom\u00e8trics?&#8217; els alumnes de 1r de Batxillerat de la mat\u00e8ria de Dibuix t\u00e8cnic han obtingut un premi del jurat en la seva categoria al <a href=\"http:\/\/www.videomat.cat\/\" target=\"_blank\" rel=\"noopener\">v\u00eddeoMAT 2016<\/a>.<br \/>\n<a href=\"https:\/\/institutcastelldestela.wordpress.com\/2016\/05\/13\/premi-videomat-2016\/img_3279_p\/\" rel=\"attachment wp-att-1296\"><\/a><br \/>\nEl divendres&hellip;  <a href=\"https:\/\/agora.xtec.cat\/iescastelldestela\/sin-categoria\/premi-videomat-2016-2\/\" title=\"Read PREMI v\u00eddeoMAT 2016 !\">Llegeix m\u00e9s\u00bb<\/a><\/p>\n","protected":false},"author":1,"featured_media":1294,"comment_status":"closed","ping_status":"open","sticky":false,"template":"","format":"standard","meta":{"_bbp_topic_count":0,"_bbp_reply_count":0,"_bbp_total_topic_count":0,"_bbp_total_reply_count":0,"_bbp_voice_count":0,"_bbp_anonymous_reply_count":0,"_bbp_topic_count_hidden":0,"_bbp_reply_count_hidden":0,"_bbp_forum_subforum_count":0,"footnotes":""},"categories":[109],"tags":[],"class_list":["post-1269","post","type-post","status-publish","format-standard","has-post-thumbnail","hentry","category-sin-categoria"],"post_mailing_queue_ids":[],"_links":{"self":[{"href":"https:\/\/agora.xtec.cat\/iescastelldestela\/wp-json\/wp\/v2\/posts\/1269","targetHints":{"allow":["GET"]}}],"collection":[{"href":"https:\/\/agora.xtec.cat\/iescastelldestela\/wp-json\/wp\/v2\/posts"}],"about":[{"href":"https:\/\/agora.xtec.cat\/iescastelldestela\/wp-json\/wp\/v2\/types\/post"}],"author":[{"embeddable":true,"href":"https:\/\/agora.xtec.cat\/iescastelldestela\/wp-json\/wp\/v2\/users\/1"}],"replies":[{"embeddable":true,"href":"https:\/\/agora.xtec.cat\/iescastelldestela\/wp-json\/wp\/v2\/comments?post=1269"}],"version-history":[{"count":0,"href":"https:\/\/agora.xtec.cat\/iescastelldestela\/wp-json\/wp\/v2\/posts\/1269\/revisions"}],"wp:featuredmedia":[{"embeddable":true,"href":"https:\/\/agora.xtec.cat\/iescastelldestela\/wp-json\/wp\/v2\/media\/1294"}],"wp:attachment":[{"href":"https:\/\/agora.xtec.cat\/iescastelldestela\/wp-json\/wp\/v2\/media?parent=1269"}],"wp:term":[{"taxonomy":"category","embeddable":true,"href":"https:\/\/agora.xtec.cat\/iescastelldestela\/wp-json\/wp\/v2\/categories?post=1269"},{"taxonomy":"post_tag","embeddable":true,"href":"https:\/\/agora.xtec.cat\/iescastelldestela\/wp-json\/wp\/v2\/tags?post=1269"}],"curies":[{"name":"wp","href":"https:\/\/api.w.org\/{rel}","templated":true}]}}