{"id":11265,"date":"2026-04-28T11:56:49","date_gmt":"2026-04-28T09:56:49","guid":{"rendered":"https:\/\/agora.xtec.cat\/iescastelldestela\/?p=11265"},"modified":"2026-04-28T11:56:49","modified_gmt":"2026-04-28T09:56:49","slug":"sortida-expojove-4t-eso-2","status":"publish","type":"post","link":"https:\/\/agora.xtec.cat\/iescastelldestela\/eso\/eso-4\/sortida-expojove-4t-eso-2\/","title":{"rendered":"Sortida ExpoJove 4t ESO"},"content":{"rendered":"<p><span style=\"font-weight: 400;\">El 15 d\u2019abril, els alumnes de 4t d\u2019ESO vam anar a l\u2019Expo Jove, a Girona, un esdeveniment on hi havia diferents parades de cicles formatius i universitats.<\/span><\/p>\n<p><span style=\"font-weight: 400;\">Hi havia una gran varietat de parades, des de cicles de jardineria fins a cicles de manteniment de motos. Nosaltres ens hi pod\u00edem apropar per demanar informaci\u00f3 i resoldre dubtes que tingu\u00e9ssim. Tamb\u00e9 ens donaven bosses, bol\u00edgrafs, pins\u2026 A m\u00e9s a m\u00e9s, hi havia cicles amb activitats din\u00e0miques, com el de moda, on es podia cosir i dibuixar, o el de construcci\u00f3, on simulaven conduir una excavadora.<\/span><\/p>\n<p><span style=\"font-weight: 400;\">Durant el dia, pod\u00edem assistir a diferents xerrades centrades en \u00e0mbits espec\u00edfics, que duraven aproximadament mitja hora. Al final de cadascuna, es podia parlar en privat amb les persones que havien fet la xerrada.<\/span><\/p>\n<p><span style=\"font-weight: 400;\">En general, ens ho vam passar molt b\u00e9 i vam aprendre molt sobre les futures sortides que tindrem despr\u00e9s de graduar-nos.<\/span><\/p>\n<p style=\"text-align: right;\"><span style=\"font-weight: 400;\">Sol Giralt, Jana Grabalosa i Hiba el Ghazouani.<\/span><\/p>\n<table style=\"border-collapse: collapse; width: 100%;\">\n<tbody>\n<tr>\n<td style=\"width: 20%;\">\u00a0<a href=\"https:\/\/agora.xtec.cat\/iescastelldestela\/wp-content\/uploads\/usu1648\/2026\/04\/IMG_0262_LQ-scaled.jpg\" target=\"_blank\" rel=\"noopener\"><img loading=\"lazy\" decoding=\"async\" class=\"alignnone wp-image-11267 size-large\" src=\"https:\/\/agora.xtec.cat\/iescastelldestela\/wp-content\/uploads\/usu1648\/2026\/04\/IMG_0262_LQ-1024x768.jpg\" alt=\"\" width=\"1024\" height=\"768\" srcset=\"https:\/\/agora.xtec.cat\/iescastelldestela\/wp-content\/uploads\/usu1648\/2026\/04\/IMG_0262_LQ-1024x768.jpg 1024w, https:\/\/agora.xtec.cat\/iescastelldestela\/wp-content\/uploads\/usu1648\/2026\/04\/IMG_0262_LQ-300x225.jpg 300w, https:\/\/agora.xtec.cat\/iescastelldestela\/wp-content\/uploads\/usu1648\/2026\/04\/IMG_0262_LQ-768x576.jpg 768w, https:\/\/agora.xtec.cat\/iescastelldestela\/wp-content\/uploads\/usu1648\/2026\/04\/IMG_0262_LQ-1536x1152.jpg 1536w, https:\/\/agora.xtec.cat\/iescastelldestela\/wp-content\/uploads\/usu1648\/2026\/04\/IMG_0262_LQ-2048x1536.jpg 2048w, https:\/\/agora.xtec.cat\/iescastelldestela\/wp-content\/uploads\/usu1648\/2026\/04\/IMG_0262_LQ-200x150.jpg 200w\" sizes=\"auto, (max-width: 1024px) 100vw, 1024px\" \/><\/a><\/td>\n<td style=\"width: 20%;\"><a href=\"https:\/\/agora.xtec.cat\/iescastelldestela\/wp-content\/uploads\/usu1648\/2026\/04\/IMG_0264_LQ-scaled.jpg\" target=\"_blank\" rel=\"noopener\"><img loading=\"lazy\" decoding=\"async\" class=\"alignnone wp-image-11266 size-large\" src=\"https:\/\/agora.xtec.cat\/iescastelldestela\/wp-content\/uploads\/usu1648\/2026\/04\/IMG_0264_LQ-1024x768.jpg\" alt=\"\" width=\"1024\" height=\"768\" srcset=\"https:\/\/agora.xtec.cat\/iescastelldestela\/wp-content\/uploads\/usu1648\/2026\/04\/IMG_0264_LQ-1024x768.jpg 1024w, https:\/\/agora.xtec.cat\/iescastelldestela\/wp-content\/uploads\/usu1648\/2026\/04\/IMG_0264_LQ-300x225.jpg 300w, https:\/\/agora.xtec.cat\/iescastelldestela\/wp-content\/uploads\/usu1648\/2026\/04\/IMG_0264_LQ-768x576.jpg 768w, https:\/\/agora.xtec.cat\/iescastelldestela\/wp-content\/uploads\/usu1648\/2026\/04\/IMG_0264_LQ-1536x1152.jpg 1536w, https:\/\/agora.xtec.cat\/iescastelldestela\/wp-content\/uploads\/usu1648\/2026\/04\/IMG_0264_LQ-2048x1536.jpg 2048w, https:\/\/agora.xtec.cat\/iescastelldestela\/wp-content\/uploads\/usu1648\/2026\/04\/IMG_0264_LQ-200x150.jpg 200w\" sizes=\"auto, (max-width: 1024px) 100vw, 1024px\" \/><\/a><\/td>\n<td style=\"width: 20%;\"><a href=\"https:\/\/agora.xtec.cat\/iescastelldestela\/wp-content\/uploads\/usu1648\/2026\/04\/IMG_0256_LQ-scaled.jpg\" target=\"_blank\" rel=\"noopener\"><img loading=\"lazy\" decoding=\"async\" class=\"alignnone wp-image-11269 size-large\" src=\"https:\/\/agora.xtec.cat\/iescastelldestela\/wp-content\/uploads\/usu1648\/2026\/04\/IMG_0256_LQ-768x1024.jpg\" alt=\"\" width=\"768\" height=\"1024\" srcset=\"https:\/\/agora.xtec.cat\/iescastelldestela\/wp-content\/uploads\/usu1648\/2026\/04\/IMG_0256_LQ-768x1024.jpg 768w, https:\/\/agora.xtec.cat\/iescastelldestela\/wp-content\/uploads\/usu1648\/2026\/04\/IMG_0256_LQ-225x300.jpg 225w, https:\/\/agora.xtec.cat\/iescastelldestela\/wp-content\/uploads\/usu1648\/2026\/04\/IMG_0256_LQ-1152x1536.jpg 1152w, https:\/\/agora.xtec.cat\/iescastelldestela\/wp-content\/uploads\/usu1648\/2026\/04\/IMG_0256_LQ-1536x2048.jpg 1536w, https:\/\/agora.xtec.cat\/iescastelldestela\/wp-content\/uploads\/usu1648\/2026\/04\/IMG_0256_LQ-scaled.jpg 1920w\" sizes=\"auto, (max-width: 768px) 100vw, 768px\" \/><\/a><\/td>\n<td style=\"width: 20%;\"><a href=\"https:\/\/agora.xtec.cat\/iescastelldestela\/wp-content\/uploads\/usu1648\/2026\/04\/IMG_0255_LQ-scaled.jpg\" target=\"_blank\" rel=\"noopener\"><img loading=\"lazy\" decoding=\"async\" class=\"alignnone wp-image-11270 size-large\" src=\"https:\/\/agora.xtec.cat\/iescastelldestela\/wp-content\/uploads\/usu1648\/2026\/04\/IMG_0255_LQ-1024x768.jpg\" alt=\"\" width=\"1024\" height=\"768\" srcset=\"https:\/\/agora.xtec.cat\/iescastelldestela\/wp-content\/uploads\/usu1648\/2026\/04\/IMG_0255_LQ-1024x768.jpg 1024w, https:\/\/agora.xtec.cat\/iescastelldestela\/wp-content\/uploads\/usu1648\/2026\/04\/IMG_0255_LQ-300x225.jpg 300w, https:\/\/agora.xtec.cat\/iescastelldestela\/wp-content\/uploads\/usu1648\/2026\/04\/IMG_0255_LQ-768x576.jpg 768w, https:\/\/agora.xtec.cat\/iescastelldestela\/wp-content\/uploads\/usu1648\/2026\/04\/IMG_0255_LQ-1536x1152.jpg 1536w, https:\/\/agora.xtec.cat\/iescastelldestela\/wp-content\/uploads\/usu1648\/2026\/04\/IMG_0255_LQ-2048x1536.jpg 2048w, https:\/\/agora.xtec.cat\/iescastelldestela\/wp-content\/uploads\/usu1648\/2026\/04\/IMG_0255_LQ-200x150.jpg 200w\" sizes=\"auto, (max-width: 1024px) 100vw, 1024px\" \/><\/a><\/td>\n<td style=\"width: 20%;\"><a href=\"https:\/\/agora.xtec.cat\/iescastelldestela\/wp-content\/uploads\/usu1648\/2026\/04\/IMG_0258LQ-scaled.jpg\" target=\"_blank\" rel=\"noopener\"><img loading=\"lazy\" decoding=\"async\" class=\"alignnone wp-image-11268 size-large\" src=\"https:\/\/agora.xtec.cat\/iescastelldestela\/wp-content\/uploads\/usu1648\/2026\/04\/IMG_0258LQ-1024x768.jpg\" alt=\"\" width=\"1024\" height=\"768\" srcset=\"https:\/\/agora.xtec.cat\/iescastelldestela\/wp-content\/uploads\/usu1648\/2026\/04\/IMG_0258LQ-1024x768.jpg 1024w, https:\/\/agora.xtec.cat\/iescastelldestela\/wp-content\/uploads\/usu1648\/2026\/04\/IMG_0258LQ-300x225.jpg 300w, https:\/\/agora.xtec.cat\/iescastelldestela\/wp-content\/uploads\/usu1648\/2026\/04\/IMG_0258LQ-768x576.jpg 768w, https:\/\/agora.xtec.cat\/iescastelldestela\/wp-content\/uploads\/usu1648\/2026\/04\/IMG_0258LQ-1536x1152.jpg 1536w, https:\/\/agora.xtec.cat\/iescastelldestela\/wp-content\/uploads\/usu1648\/2026\/04\/IMG_0258LQ-2048x1536.jpg 2048w, https:\/\/agora.xtec.cat\/iescastelldestela\/wp-content\/uploads\/usu1648\/2026\/04\/IMG_0258LQ-200x150.jpg 200w\" sizes=\"auto, (max-width: 1024px) 100vw, 1024px\" \/><\/a><\/td>\n<\/tr>\n<\/tbody>\n<\/table>\n","protected":false},"excerpt":{"rendered":"<p>El 15 d\u2019abril, els alumnes de 4t d\u2019ESO vam anar a l\u2019Expo Jove, a Girona, un esdeveniment on hi havia diferents parades de cicles formatius i universitats.<br \/>\nHi havia una gran varietat de parades, des de cicles de jardineria fins a cicles de manteniment de motos.&hellip;  <a href=\"https:\/\/agora.xtec.cat\/iescastelldestela\/eso\/eso-4\/sortida-expojove-4t-eso-2\/\" title=\"Read Sortida ExpoJove 4t ESO\">Llegeix m\u00e9s\u00bb<\/a><\/p>\n","protected":false},"author":1,"featured_media":11271,"comment_status":"open","ping_status":"open","sticky":true,"template":"","format":"standard","meta":{"_bbp_topic_count":0,"_bbp_reply_count":0,"_bbp_total_topic_count":0,"_bbp_total_reply_count":0,"_bbp_voice_count":0,"_bbp_anonymous_reply_count":0,"_bbp_topic_count_hidden":0,"_bbp_reply_count_hidden":0,"_bbp_forum_subforum_count":0,"footnotes":""},"categories":[123,7,29],"tags":[],"class_list":["post-11265","post","type-post","status-publish","format-standard","has-post-thumbnail","hentry","category-curs-25-26","category-eso-4","category-portada"],"post_mailing_queue_ids":[],"_links":{"self":[{"href":"https:\/\/agora.xtec.cat\/iescastelldestela\/wp-json\/wp\/v2\/posts\/11265","targetHints":{"allow":["GET"]}}],"collection":[{"href":"https:\/\/agora.xtec.cat\/iescastelldestela\/wp-json\/wp\/v2\/posts"}],"about":[{"href":"https:\/\/agora.xtec.cat\/iescastelldestela\/wp-json\/wp\/v2\/types\/post"}],"author":[{"embeddable":true,"href":"https:\/\/agora.xtec.cat\/iescastelldestela\/wp-json\/wp\/v2\/users\/1"}],"replies":[{"embeddable":true,"href":"https:\/\/agora.xtec.cat\/iescastelldestela\/wp-json\/wp\/v2\/comments?post=11265"}],"version-history":[{"count":1,"href":"https:\/\/agora.xtec.cat\/iescastelldestela\/wp-json\/wp\/v2\/posts\/11265\/revisions"}],"predecessor-version":[{"id":11272,"href":"https:\/\/agora.xtec.cat\/iescastelldestela\/wp-json\/wp\/v2\/posts\/11265\/revisions\/11272"}],"wp:featuredmedia":[{"embeddable":true,"href":"https:\/\/agora.xtec.cat\/iescastelldestela\/wp-json\/wp\/v2\/media\/11271"}],"wp:attachment":[{"href":"https:\/\/agora.xtec.cat\/iescastelldestela\/wp-json\/wp\/v2\/media?parent=11265"}],"wp:term":[{"taxonomy":"category","embeddable":true,"href":"https:\/\/agora.xtec.cat\/iescastelldestela\/wp-json\/wp\/v2\/categories?post=11265"},{"taxonomy":"post_tag","embeddable":true,"href":"https:\/\/agora.xtec.cat\/iescastelldestela\/wp-json\/wp\/v2\/tags?post=11265"}],"curies":[{"name":"wp","href":"https:\/\/api.w.org\/{rel}","templated":true}]}}