{"id":11255,"date":"2026-04-27T13:42:29","date_gmt":"2026-04-27T11:42:29","guid":{"rendered":"https:\/\/agora.xtec.cat\/iescastelldestela\/?p=11255"},"modified":"2026-04-27T13:43:06","modified_gmt":"2026-04-27T11:43:06","slug":"premi-francesc-noy-jana-planas","status":"publish","type":"post","link":"https:\/\/agora.xtec.cat\/iescastelldestela\/batxillerat\/premi-francesc-noy-jana-planas\/","title":{"rendered":"Premi Francesc Noy &#8211; Jana Planas"},"content":{"rendered":"<p style=\"text-align: left;\">El passat 24 d&#8217;abril, vaig poder assistir a l&#8217;acte de lliurament del Premi Francesc Noy d&#8217;humanitats (de la Universitat Pompeu Fabra) al millor TdR de qualsevol disciplina d&#8217;humanitats de tot Catalunya. Dels 87 que van ser avaluats, tan sols 10 v\u00e0rem passar a la fase final.<br \/>\nLa trobada no nom\u00e9s es va centrar en aquest acte, sin\u00f3 que tamb\u00e9 ens van oferir una visita centrada en el patrimoni art\u00edstic del campus (ART TRACK) i, com a cloenda, un aperitiu on vaig tenir l&#8217;oportunitat de conversar amb professors de la universitat.<\/p>\n<p style=\"text-align: left;\">Ja nom\u00e9s em queda agrair l&#8217;acompanyament rebut en tot moment per part de l&#8217;institut.<\/p>\n<p style=\"text-align: left;\">Sens dubte, ha estat una experi\u00e8ncia molt gratificant!<\/p>\n<p>&nbsp;<\/p>\n<p>Jana Planas Riera<\/p>\n<table style=\"border-collapse: collapse; width: 100%;\">\n<tbody>\n<tr>\n<td style=\"width: 25%;\">\u00a0\u00a0 <a href=\"https:\/\/agora.xtec.cat\/iescastelldestela\/wp-content\/uploads\/usu1648\/2026\/04\/Fotografia-UPF-3-1.jpeg\"><img loading=\"lazy\" decoding=\"async\" class=\"alignnone size-large wp-image-11259\" src=\"https:\/\/agora.xtec.cat\/iescastelldestela\/wp-content\/uploads\/usu1648\/2026\/04\/Fotografia-UPF-3-1-1024x768.jpeg\" alt=\"\" width=\"1024\" height=\"768\" srcset=\"https:\/\/agora.xtec.cat\/iescastelldestela\/wp-content\/uploads\/usu1648\/2026\/04\/Fotografia-UPF-3-1-1024x768.jpeg 1024w, https:\/\/agora.xtec.cat\/iescastelldestela\/wp-content\/uploads\/usu1648\/2026\/04\/Fotografia-UPF-3-1-300x225.jpeg 300w, https:\/\/agora.xtec.cat\/iescastelldestela\/wp-content\/uploads\/usu1648\/2026\/04\/Fotografia-UPF-3-1-768x576.jpeg 768w, https:\/\/agora.xtec.cat\/iescastelldestela\/wp-content\/uploads\/usu1648\/2026\/04\/Fotografia-UPF-3-1-1536x1152.jpeg 1536w, https:\/\/agora.xtec.cat\/iescastelldestela\/wp-content\/uploads\/usu1648\/2026\/04\/Fotografia-UPF-3-1-200x150.jpeg 200w, https:\/\/agora.xtec.cat\/iescastelldestela\/wp-content\/uploads\/usu1648\/2026\/04\/Fotografia-UPF-3-1.jpeg 1600w\" sizes=\"auto, (max-width: 1024px) 100vw, 1024px\" \/><\/a><\/td>\n<td style=\"width: 25%;\"><a href=\"https:\/\/agora.xtec.cat\/iescastelldestela\/wp-content\/uploads\/usu1648\/2026\/04\/Fotografia-UPF-2-1.jpeg\"><img loading=\"lazy\" decoding=\"async\" class=\"alignnone size-large wp-image-11258\" src=\"https:\/\/agora.xtec.cat\/iescastelldestela\/wp-content\/uploads\/usu1648\/2026\/04\/Fotografia-UPF-2-1-1024x768.jpeg\" alt=\"\" width=\"1024\" height=\"768\" srcset=\"https:\/\/agora.xtec.cat\/iescastelldestela\/wp-content\/uploads\/usu1648\/2026\/04\/Fotografia-UPF-2-1-1024x768.jpeg 1024w, https:\/\/agora.xtec.cat\/iescastelldestela\/wp-content\/uploads\/usu1648\/2026\/04\/Fotografia-UPF-2-1-300x225.jpeg 300w, https:\/\/agora.xtec.cat\/iescastelldestela\/wp-content\/uploads\/usu1648\/2026\/04\/Fotografia-UPF-2-1-768x576.jpeg 768w, https:\/\/agora.xtec.cat\/iescastelldestela\/wp-content\/uploads\/usu1648\/2026\/04\/Fotografia-UPF-2-1-1536x1152.jpeg 1536w, https:\/\/agora.xtec.cat\/iescastelldestela\/wp-content\/uploads\/usu1648\/2026\/04\/Fotografia-UPF-2-1-200x150.jpeg 200w, https:\/\/agora.xtec.cat\/iescastelldestela\/wp-content\/uploads\/usu1648\/2026\/04\/Fotografia-UPF-2-1.jpeg 1600w\" sizes=\"auto, (max-width: 1024px) 100vw, 1024px\" \/><\/a><\/td>\n<td style=\"width: 25%;\"><a href=\"https:\/\/agora.xtec.cat\/iescastelldestela\/wp-content\/uploads\/usu1648\/2026\/04\/Fotografia-UPF-1-1.jpeg\"><img loading=\"lazy\" decoding=\"async\" class=\"alignnone size-large wp-image-11257\" src=\"https:\/\/agora.xtec.cat\/iescastelldestela\/wp-content\/uploads\/usu1648\/2026\/04\/Fotografia-UPF-1-1-1024x768.jpeg\" alt=\"\" width=\"1024\" height=\"768\" srcset=\"https:\/\/agora.xtec.cat\/iescastelldestela\/wp-content\/uploads\/usu1648\/2026\/04\/Fotografia-UPF-1-1-1024x768.jpeg 1024w, https:\/\/agora.xtec.cat\/iescastelldestela\/wp-content\/uploads\/usu1648\/2026\/04\/Fotografia-UPF-1-1-300x225.jpeg 300w, https:\/\/agora.xtec.cat\/iescastelldestela\/wp-content\/uploads\/usu1648\/2026\/04\/Fotografia-UPF-1-1-768x576.jpeg 768w, https:\/\/agora.xtec.cat\/iescastelldestela\/wp-content\/uploads\/usu1648\/2026\/04\/Fotografia-UPF-1-1-1536x1152.jpeg 1536w, https:\/\/agora.xtec.cat\/iescastelldestela\/wp-content\/uploads\/usu1648\/2026\/04\/Fotografia-UPF-1-1-200x150.jpeg 200w, https:\/\/agora.xtec.cat\/iescastelldestela\/wp-content\/uploads\/usu1648\/2026\/04\/Fotografia-UPF-1-1.jpeg 1600w\" sizes=\"auto, (max-width: 1024px) 100vw, 1024px\" \/><\/a><\/td>\n<td style=\"width: 25%;\"><a href=\"https:\/\/agora.xtec.cat\/iescastelldestela\/wp-content\/uploads\/usu1648\/2026\/04\/Diploma-finalista-1.jpeg\"><img loading=\"lazy\" decoding=\"async\" class=\"alignnone size-large wp-image-11256\" src=\"https:\/\/agora.xtec.cat\/iescastelldestela\/wp-content\/uploads\/usu1648\/2026\/04\/Diploma-finalista-1-768x1024.jpeg\" alt=\"\" width=\"768\" height=\"1024\" srcset=\"https:\/\/agora.xtec.cat\/iescastelldestela\/wp-content\/uploads\/usu1648\/2026\/04\/Diploma-finalista-1-768x1024.jpeg 768w, https:\/\/agora.xtec.cat\/iescastelldestela\/wp-content\/uploads\/usu1648\/2026\/04\/Diploma-finalista-1-225x300.jpeg 225w, https:\/\/agora.xtec.cat\/iescastelldestela\/wp-content\/uploads\/usu1648\/2026\/04\/Diploma-finalista-1-1152x1536.jpeg 1152w, https:\/\/agora.xtec.cat\/iescastelldestela\/wp-content\/uploads\/usu1648\/2026\/04\/Diploma-finalista-1.jpeg 1530w\" sizes=\"auto, (max-width: 768px) 100vw, 768px\" \/><\/a><\/td>\n<\/tr>\n<\/tbody>\n<\/table>\n<p>&nbsp;<\/p>\n","protected":false},"excerpt":{"rendered":"<p>El passat 24 d&#8217;abril, vaig poder assistir a l&#8217;acte de lliurament del Premi Francesc Noy d&#8217;humanitats (de la Universitat Pompeu Fabra) al millor TdR de qualsevol disciplina d&#8217;humanitats de tot Catalunya. Dels 87 que van ser avaluats, tan sols 10 v\u00e0rem passar a la fase&hellip;  <a href=\"https:\/\/agora.xtec.cat\/iescastelldestela\/batxillerat\/premi-francesc-noy-jana-planas\/\" title=\"Read Premi Francesc Noy &#8211; Jana Planas\">Llegeix m\u00e9s\u00bb<\/a><\/p>\n","protected":false},"author":1,"featured_media":11258,"comment_status":"open","ping_status":"open","sticky":true,"template":"","format":"standard","meta":{"_bbp_topic_count":0,"_bbp_reply_count":0,"_bbp_total_topic_count":0,"_bbp_total_reply_count":0,"_bbp_voice_count":0,"_bbp_anonymous_reply_count":0,"_bbp_topic_count_hidden":0,"_bbp_reply_count_hidden":0,"_bbp_forum_subforum_count":0,"footnotes":""},"categories":[8,123,29],"tags":[],"class_list":["post-11255","post","type-post","status-publish","format-standard","has-post-thumbnail","hentry","category-batxillerat","category-curs-25-26","category-portada"],"post_mailing_queue_ids":[],"_links":{"self":[{"href":"https:\/\/agora.xtec.cat\/iescastelldestela\/wp-json\/wp\/v2\/posts\/11255","targetHints":{"allow":["GET"]}}],"collection":[{"href":"https:\/\/agora.xtec.cat\/iescastelldestela\/wp-json\/wp\/v2\/posts"}],"about":[{"href":"https:\/\/agora.xtec.cat\/iescastelldestela\/wp-json\/wp\/v2\/types\/post"}],"author":[{"embeddable":true,"href":"https:\/\/agora.xtec.cat\/iescastelldestela\/wp-json\/wp\/v2\/users\/1"}],"replies":[{"embeddable":true,"href":"https:\/\/agora.xtec.cat\/iescastelldestela\/wp-json\/wp\/v2\/comments?post=11255"}],"version-history":[{"count":2,"href":"https:\/\/agora.xtec.cat\/iescastelldestela\/wp-json\/wp\/v2\/posts\/11255\/revisions"}],"predecessor-version":[{"id":11261,"href":"https:\/\/agora.xtec.cat\/iescastelldestela\/wp-json\/wp\/v2\/posts\/11255\/revisions\/11261"}],"wp:featuredmedia":[{"embeddable":true,"href":"https:\/\/agora.xtec.cat\/iescastelldestela\/wp-json\/wp\/v2\/media\/11258"}],"wp:attachment":[{"href":"https:\/\/agora.xtec.cat\/iescastelldestela\/wp-json\/wp\/v2\/media?parent=11255"}],"wp:term":[{"taxonomy":"category","embeddable":true,"href":"https:\/\/agora.xtec.cat\/iescastelldestela\/wp-json\/wp\/v2\/categories?post=11255"},{"taxonomy":"post_tag","embeddable":true,"href":"https:\/\/agora.xtec.cat\/iescastelldestela\/wp-json\/wp\/v2\/tags?post=11255"}],"curies":[{"name":"wp","href":"https:\/\/api.w.org\/{rel}","templated":true}]}}