{"id":11219,"date":"2026-04-20T11:29:52","date_gmt":"2026-04-20T09:29:52","guid":{"rendered":"https:\/\/agora.xtec.cat\/iescastelldestela\/?p=11219"},"modified":"2026-04-21T09:23:11","modified_gmt":"2026-04-21T07:23:11","slug":"participacio-al-certamen-de-lectura-en-veu-alta-a-santa-coloma-de-farners","status":"publish","type":"post","link":"https:\/\/agora.xtec.cat\/iescastelldestela\/eso\/eso-1\/participacio-al-certamen-de-lectura-en-veu-alta-a-santa-coloma-de-farners\/","title":{"rendered":"PARTICIPACI\u00d3 AL CERTAMEN DE LECTURA EN VEU ALTA A SANTA COLOMA DE FARNERS"},"content":{"rendered":"<div>\n<p><span style=\"font-weight: 400;\">La localitat de Santa Coloma de Farners va acollir, el mat\u00ed del dijous 9 d&#8217;abril, una nova edici\u00f3 del Certamen de Lectura en Veu Alta (CLVA), on en Pau Carreras i la Khadija Bensada, de 1r d\u2019ESO, van representar el nostre institut en les categories Corsaris (alumnat del primer cicle d\u2019ESO) i Timoners (alumnat nouvingut de cicle superior de prim\u00e0ria i primer cicle d\u2019ESO). Altres nois i noies del seu curs tamb\u00e9 van poder assistir a l\u2019acte com a acompanyants. L\u2019esdeveniment va comptar amb la participaci\u00f3 d\u2019alumnat procedent de diverses escoles i instituts de la comarca de La Selva, creant un ambient enriquidor per celebrar la passi\u00f3 per la lectura i la capacitat d\u2019expressi\u00f3 oral.<\/span><\/p>\n<p><span style=\"font-weight: 400;\">Malgrat que en Pau i la Khadija no van aconseguir passar a la seg\u00fcent fase del CLVA, que se celebrar\u00e0 a Palafrugell, han pujat a l\u2019escenari amb una actitud exemplar, demostrant valentia i una gran expressivitat.<\/span><\/p>\n<p><span style=\"font-weight: 400;\">Aquest tipus d\u2019iniciatives no nom\u00e9s fomenten l\u2019h\u00e0bit lector entre els joves, sin\u00f3 que tamb\u00e9 desenvolupen habilitats comunicatives i la confian\u00e7a en p\u00fablic. Felicitem la Khadija i en Pau per l\u2019esfor\u00e7 i la dedicaci\u00f3 mostrats i els animem a continuar participant en activitats que els permetin gaudir de la lectura.<\/span><\/p>\n<\/div>\n<div><\/div>\n<div><\/div>\n<div>\n<table style=\"border-collapse: collapse; width: 100%;\">\n<tbody>\n<tr>\n<td style=\"width: 25%;\"><a href=\"https:\/\/agora.xtec.cat\/iescastelldestela\/wp-content\/uploads\/usu1648\/2026\/04\/CLVA_Fotos-4_LQ-scaled.jpg\" target=\"_blank\" rel=\"noopener\"><img loading=\"lazy\" decoding=\"async\" class=\"alignnone wp-image-11220 size-large\" src=\"https:\/\/agora.xtec.cat\/iescastelldestela\/wp-content\/uploads\/usu1648\/2026\/04\/CLVA_Fotos-4_LQ-1024x768.jpg\" alt=\"\" width=\"1024\" height=\"768\" srcset=\"https:\/\/agora.xtec.cat\/iescastelldestela\/wp-content\/uploads\/usu1648\/2026\/04\/CLVA_Fotos-4_LQ-1024x768.jpg 1024w, https:\/\/agora.xtec.cat\/iescastelldestela\/wp-content\/uploads\/usu1648\/2026\/04\/CLVA_Fotos-4_LQ-300x225.jpg 300w, https:\/\/agora.xtec.cat\/iescastelldestela\/wp-content\/uploads\/usu1648\/2026\/04\/CLVA_Fotos-4_LQ-768x576.jpg 768w, https:\/\/agora.xtec.cat\/iescastelldestela\/wp-content\/uploads\/usu1648\/2026\/04\/CLVA_Fotos-4_LQ-1536x1152.jpg 1536w, https:\/\/agora.xtec.cat\/iescastelldestela\/wp-content\/uploads\/usu1648\/2026\/04\/CLVA_Fotos-4_LQ-2048x1536.jpg 2048w, https:\/\/agora.xtec.cat\/iescastelldestela\/wp-content\/uploads\/usu1648\/2026\/04\/CLVA_Fotos-4_LQ-200x150.jpg 200w\" sizes=\"auto, (max-width: 1024px) 100vw, 1024px\" \/><\/a><\/td>\n<td style=\"width: 25%;\"><a href=\"https:\/\/agora.xtec.cat\/iescastelldestela\/wp-content\/uploads\/usu1648\/2026\/04\/CLVA_Fotos-2-scaled.jpg\" target=\"_blank\" rel=\"noopener\"><img loading=\"lazy\" decoding=\"async\" class=\"alignnone wp-image-11222 size-large\" src=\"https:\/\/agora.xtec.cat\/iescastelldestela\/wp-content\/uploads\/usu1648\/2026\/04\/CLVA_Fotos-2-768x1024.jpg\" alt=\"\" width=\"768\" height=\"1024\" srcset=\"https:\/\/agora.xtec.cat\/iescastelldestela\/wp-content\/uploads\/usu1648\/2026\/04\/CLVA_Fotos-2-768x1024.jpg 768w, https:\/\/agora.xtec.cat\/iescastelldestela\/wp-content\/uploads\/usu1648\/2026\/04\/CLVA_Fotos-2-225x300.jpg 225w, https:\/\/agora.xtec.cat\/iescastelldestela\/wp-content\/uploads\/usu1648\/2026\/04\/CLVA_Fotos-2-1152x1536.jpg 1152w, https:\/\/agora.xtec.cat\/iescastelldestela\/wp-content\/uploads\/usu1648\/2026\/04\/CLVA_Fotos-2-1536x2048.jpg 1536w, https:\/\/agora.xtec.cat\/iescastelldestela\/wp-content\/uploads\/usu1648\/2026\/04\/CLVA_Fotos-2-scaled.jpg 1920w\" sizes=\"auto, (max-width: 768px) 100vw, 768px\" \/><\/a><\/td>\n<td style=\"width: 25%;\"><a href=\"https:\/\/agora.xtec.cat\/iescastelldestela\/wp-content\/uploads\/usu1648\/2026\/04\/CLVA_Fotos-1-scaled.jpg\" target=\"_blank\" rel=\"noopener\"><img loading=\"lazy\" decoding=\"async\" class=\"alignnone wp-image-11223 size-large\" src=\"https:\/\/agora.xtec.cat\/iescastelldestela\/wp-content\/uploads\/usu1648\/2026\/04\/CLVA_Fotos-1-1024x768.jpg\" alt=\"\" width=\"1024\" height=\"768\" srcset=\"https:\/\/agora.xtec.cat\/iescastelldestela\/wp-content\/uploads\/usu1648\/2026\/04\/CLVA_Fotos-1-1024x768.jpg 1024w, https:\/\/agora.xtec.cat\/iescastelldestela\/wp-content\/uploads\/usu1648\/2026\/04\/CLVA_Fotos-1-300x225.jpg 300w, https:\/\/agora.xtec.cat\/iescastelldestela\/wp-content\/uploads\/usu1648\/2026\/04\/CLVA_Fotos-1-768x576.jpg 768w, https:\/\/agora.xtec.cat\/iescastelldestela\/wp-content\/uploads\/usu1648\/2026\/04\/CLVA_Fotos-1-1536x1152.jpg 1536w, https:\/\/agora.xtec.cat\/iescastelldestela\/wp-content\/uploads\/usu1648\/2026\/04\/CLVA_Fotos-1-2048x1536.jpg 2048w, https:\/\/agora.xtec.cat\/iescastelldestela\/wp-content\/uploads\/usu1648\/2026\/04\/CLVA_Fotos-1-200x150.jpg 200w\" sizes=\"auto, (max-width: 1024px) 100vw, 1024px\" \/><\/a><\/td>\n<td style=\"width: 25%;\"><a href=\"https:\/\/agora.xtec.cat\/iescastelldestela\/wp-content\/uploads\/usu1648\/2026\/04\/CLVA_Fotos-3_LQ-scaled.jpg\" target=\"_blank\" rel=\"noopener\"><img loading=\"lazy\" decoding=\"async\" class=\"alignnone wp-image-11221 size-large\" src=\"https:\/\/agora.xtec.cat\/iescastelldestela\/wp-content\/uploads\/usu1648\/2026\/04\/CLVA_Fotos-3_LQ-768x1024.jpg\" alt=\"\" width=\"768\" height=\"1024\" srcset=\"https:\/\/agora.xtec.cat\/iescastelldestela\/wp-content\/uploads\/usu1648\/2026\/04\/CLVA_Fotos-3_LQ-768x1024.jpg 768w, https:\/\/agora.xtec.cat\/iescastelldestela\/wp-content\/uploads\/usu1648\/2026\/04\/CLVA_Fotos-3_LQ-225x300.jpg 225w, https:\/\/agora.xtec.cat\/iescastelldestela\/wp-content\/uploads\/usu1648\/2026\/04\/CLVA_Fotos-3_LQ-1152x1536.jpg 1152w, https:\/\/agora.xtec.cat\/iescastelldestela\/wp-content\/uploads\/usu1648\/2026\/04\/CLVA_Fotos-3_LQ-1536x2048.jpg 1536w, https:\/\/agora.xtec.cat\/iescastelldestela\/wp-content\/uploads\/usu1648\/2026\/04\/CLVA_Fotos-3_LQ-scaled.jpg 1920w\" sizes=\"auto, (max-width: 768px) 100vw, 768px\" \/><\/a><\/td>\n<\/tr>\n<\/tbody>\n<\/table>\n<\/div>\n","protected":false},"excerpt":{"rendered":"<p>La localitat de Santa Coloma de Farners va acollir, el mat\u00ed del dijous 9 d&#8217;abril, una nova edici\u00f3 del Certamen de Lectura en Veu Alta (CLVA), on en Pau Carreras i la Khadija Bensada, de 1r d\u2019ESO, van representar el nostre institut en les categories&hellip;  <a href=\"https:\/\/agora.xtec.cat\/iescastelldestela\/eso\/eso-1\/participacio-al-certamen-de-lectura-en-veu-alta-a-santa-coloma-de-farners\/\" title=\"Read PARTICIPACI\u00d3 AL CERTAMEN DE LECTURA EN VEU ALTA A SANTA COLOMA DE FARNERS\">Llegeix m\u00e9s\u00bb<\/a><\/p>\n","protected":false},"author":1,"featured_media":11221,"comment_status":"open","ping_status":"open","sticky":true,"template":"","format":"standard","meta":{"_bbp_topic_count":0,"_bbp_reply_count":0,"_bbp_total_topic_count":0,"_bbp_total_reply_count":0,"_bbp_voice_count":0,"_bbp_anonymous_reply_count":0,"_bbp_topic_count_hidden":0,"_bbp_reply_count_hidden":0,"_bbp_forum_subforum_count":0,"footnotes":""},"categories":[123,4,29],"tags":[],"class_list":["post-11219","post","type-post","status-publish","format-standard","has-post-thumbnail","hentry","category-curs-25-26","category-eso-1","category-portada"],"post_mailing_queue_ids":[],"_links":{"self":[{"href":"https:\/\/agora.xtec.cat\/iescastelldestela\/wp-json\/wp\/v2\/posts\/11219","targetHints":{"allow":["GET"]}}],"collection":[{"href":"https:\/\/agora.xtec.cat\/iescastelldestela\/wp-json\/wp\/v2\/posts"}],"about":[{"href":"https:\/\/agora.xtec.cat\/iescastelldestela\/wp-json\/wp\/v2\/types\/post"}],"author":[{"embeddable":true,"href":"https:\/\/agora.xtec.cat\/iescastelldestela\/wp-json\/wp\/v2\/users\/1"}],"replies":[{"embeddable":true,"href":"https:\/\/agora.xtec.cat\/iescastelldestela\/wp-json\/wp\/v2\/comments?post=11219"}],"version-history":[{"count":2,"href":"https:\/\/agora.xtec.cat\/iescastelldestela\/wp-json\/wp\/v2\/posts\/11219\/revisions"}],"predecessor-version":[{"id":11225,"href":"https:\/\/agora.xtec.cat\/iescastelldestela\/wp-json\/wp\/v2\/posts\/11219\/revisions\/11225"}],"wp:featuredmedia":[{"embeddable":true,"href":"https:\/\/agora.xtec.cat\/iescastelldestela\/wp-json\/wp\/v2\/media\/11221"}],"wp:attachment":[{"href":"https:\/\/agora.xtec.cat\/iescastelldestela\/wp-json\/wp\/v2\/media?parent=11219"}],"wp:term":[{"taxonomy":"category","embeddable":true,"href":"https:\/\/agora.xtec.cat\/iescastelldestela\/wp-json\/wp\/v2\/categories?post=11219"},{"taxonomy":"post_tag","embeddable":true,"href":"https:\/\/agora.xtec.cat\/iescastelldestela\/wp-json\/wp\/v2\/tags?post=11219"}],"curies":[{"name":"wp","href":"https:\/\/api.w.org\/{rel}","templated":true}]}}