{"id":10851,"date":"2025-05-14T23:33:20","date_gmt":"2025-05-14T21:33:20","guid":{"rendered":"https:\/\/agora.xtec.cat\/iescastelldestela\/?p=10851"},"modified":"2025-05-14T23:33:20","modified_gmt":"2025-05-14T21:33:20","slug":"sortida-sant-pere-de-rodes","status":"publish","type":"post","link":"https:\/\/agora.xtec.cat\/iescastelldestela\/eso\/eso-2\/sortida-sant-pere-de-rodes\/","title":{"rendered":"Sortida Sant Pere de Rodes"},"content":{"rendered":"<p><span style=\"font-weight: 400;\">El dia 30 d\u2019abril els alumnes de 2n ESO vam anar d&#8217;excursi\u00f3 a Sant Pere de Rodes, en l\u2019Alt Empord\u00e0. Vam marxar de l\u2019institut a les 8:45 h i vam arribar a Sant Pere cap a les 10:00 h. Quan vam arribar vam anar a esmorzar a l\u2019<\/span><span style=\"font-weight: 400;\">Ermita de Santa Helena de Rodes. Despr\u00e9s d\u2019esmorzar vam anar al Monestir de Sant Pere de Rodes, un monestir d\u2019arquitectura rom\u00e0nica catalana.\u00a0<\/span><\/p>\n<p><span style=\"font-weight: 400;\">Quan vam arribar al Monestir ens van dir que far\u00edem un joc de rol, que consistiria en\u00a0 qu\u00e8 cada alumne tindria un rol que seria: ser un personatge de la Noblesa,\u00a0 la Pagesa o del Clergat.\u00a0<\/span><\/p>\n<p><span style=\"font-weight: 400;\">Ens van ensenyar tot el monestir de Sant Pere de Rodes, a mesura que an\u00e0vem fent el joc de rol. Cada grup tenia unes fitxes, a les fitxes dels clergues hi havia un dibuix d\u2019una moneda, a les dels nobles unes espases, i a les dels pagesos blat. Hav\u00edem d\u2019aconseguir tenir les m\u00e0ximes peces resolent unes preguntes en grup. Cada pregunta tenia dues respostes, A i B. Pod\u00edem triar la que m\u00e9s ens agradava. Tamb\u00e9 hi havia unes fitxes de revolta. Si aconsegu\u00edem aquelles fitxes significava que les respostes que hav\u00edem triat eren massa egoistes. Si arrib\u00e0vem a les cinc peces de revolta entre tots els grups ens treien 10 fitxes a cada grup.\u00a0<\/span><\/p>\n<p><span style=\"font-weight: 400;\">Ens van ensenyar diferents sales, i ens van explicar la seva hist\u00f2ria. A l\u2019\u00faltima sala ens van fer l\u2019\u00faltima pregunta del joc de rol que consistia a encertar una recepta de menjar que es feia a una \u00e8poca en concreta. Nom\u00e9s ho va encertar un grup. Despr\u00e9s d&#8217;haver conegut la hist\u00f2ria del monestir, vam tornar a l\u2019Ermita de Santa Helena de Rodes, on vam poder gaudir de les meravelloses vistes del Cap de Creus i dinar. A les 15:00 h vam pujar a l&#8217;autob\u00fas i ens va portar als diferents pobles: Amer, Sant Feliu, i les Planes.\u00a0<\/span><\/p>\n<p><span style=\"font-weight: 400;\">Volen donar les gr\u00e0cies als professors de Socials per organitzar aquesta sortida tan interessant, que ens ha ajudat a entendre i a veure en primera m\u00e0, alguns dels continguts de la mat\u00e8ria d\u2019aquest trimestre. Moltes gr\u00e0cies de nou a la Paquita, en Cesc,\u00a0 la Marta i tamb\u00e9 als professors que en van acompanyar en la sortida.<\/span><\/p>\n<p><b>Queralt Prats i Aran Masegur, 2n d\u2019ESO<\/b><\/p>\n<p>&nbsp;<\/p>\n<p><img loading=\"lazy\" decoding=\"async\" class=\"an1\" draggable=\"false\" src=\"https:\/\/fonts.gstatic.com\/s\/e\/notoemoji\/16.0\/26a0_fe0f\/72.png\" alt=\"\u26a0\ufe0f\" width=\"24\" height=\"24\" data-emoji=\"\u26a0\ufe0f\" aria-label=\"\u26a0\ufe0f\" \/>\u00a0 Link a la galeria d&#8217;<a href=\"https:\/\/drive.google.com\/drive\/folders\/1Vhb0OmXinSoMQ7bxWpLk8CtUHMGRXqSy?usp=sharing\" target=\"_blank\" rel=\"noopener\">imatges<\/a>.<\/p>\n","protected":false},"excerpt":{"rendered":"<p>El dia 30 d\u2019abril els alumnes de 2n ESO vam anar d&#8217;excursi\u00f3 a Sant Pere de Rodes, en l\u2019Alt Empord\u00e0. Vam marxar de l\u2019institut a les 8:45 h i vam arribar a Sant Pere cap a les 10:00 h. Quan vam arribar vam anar a&hellip;  <a href=\"https:\/\/agora.xtec.cat\/iescastelldestela\/eso\/eso-2\/sortida-sant-pere-de-rodes\/\" title=\"Read Sortida Sant Pere de Rodes\">Llegeix m\u00e9s\u00bb<\/a><\/p>\n","protected":false},"author":1,"featured_media":10852,"comment_status":"open","ping_status":"closed","sticky":true,"template":"","format":"standard","meta":{"_bbp_topic_count":0,"_bbp_reply_count":0,"_bbp_total_topic_count":0,"_bbp_total_reply_count":0,"_bbp_voice_count":0,"_bbp_anonymous_reply_count":0,"_bbp_topic_count_hidden":0,"_bbp_reply_count_hidden":0,"_bbp_forum_subforum_count":0,"footnotes":""},"categories":[121,5,29],"tags":[],"class_list":["post-10851","post","type-post","status-publish","format-standard","has-post-thumbnail","hentry","category-curs-24-25","category-eso-2","category-portada"],"post_mailing_queue_ids":[],"_links":{"self":[{"href":"https:\/\/agora.xtec.cat\/iescastelldestela\/wp-json\/wp\/v2\/posts\/10851","targetHints":{"allow":["GET"]}}],"collection":[{"href":"https:\/\/agora.xtec.cat\/iescastelldestela\/wp-json\/wp\/v2\/posts"}],"about":[{"href":"https:\/\/agora.xtec.cat\/iescastelldestela\/wp-json\/wp\/v2\/types\/post"}],"author":[{"embeddable":true,"href":"https:\/\/agora.xtec.cat\/iescastelldestela\/wp-json\/wp\/v2\/users\/1"}],"replies":[{"embeddable":true,"href":"https:\/\/agora.xtec.cat\/iescastelldestela\/wp-json\/wp\/v2\/comments?post=10851"}],"version-history":[{"count":1,"href":"https:\/\/agora.xtec.cat\/iescastelldestela\/wp-json\/wp\/v2\/posts\/10851\/revisions"}],"predecessor-version":[{"id":10853,"href":"https:\/\/agora.xtec.cat\/iescastelldestela\/wp-json\/wp\/v2\/posts\/10851\/revisions\/10853"}],"wp:featuredmedia":[{"embeddable":true,"href":"https:\/\/agora.xtec.cat\/iescastelldestela\/wp-json\/wp\/v2\/media\/10852"}],"wp:attachment":[{"href":"https:\/\/agora.xtec.cat\/iescastelldestela\/wp-json\/wp\/v2\/media?parent=10851"}],"wp:term":[{"taxonomy":"category","embeddable":true,"href":"https:\/\/agora.xtec.cat\/iescastelldestela\/wp-json\/wp\/v2\/categories?post=10851"},{"taxonomy":"post_tag","embeddable":true,"href":"https:\/\/agora.xtec.cat\/iescastelldestela\/wp-json\/wp\/v2\/tags?post=10851"}],"curies":[{"name":"wp","href":"https:\/\/api.w.org\/{rel}","templated":true}]}}