{"id":1073,"date":"2015-11-23T16:05:35","date_gmt":"2015-11-23T16:05:35","guid":{"rendered":"https:\/\/institutcastelldestela.wordpress.com\/?p=836"},"modified":"2015-11-23T16:05:35","modified_gmt":"2015-11-23T16:05:35","slug":"exposicio-sobre-els-arbres-2","status":"publish","type":"post","link":"https:\/\/agora.xtec.cat\/iescastelldestela\/sin-categoria\/exposicio-sobre-els-arbres-2\/","title":{"rendered":"EXPOSICI\u00d3 SOBRE ELS ARBRES"},"content":{"rendered":"<p>Si visiteu el centre aquest dies us trobareu una exposici\u00f3 a l&#8217;entrada, formada per dibuixos de 1r i 2n de Dibuix Art\u00edstic, per les obres sobre els arbres que els de 1r d&#8217;ESO han fet a Educaci\u00f3 visual i pl\u00e0stica i amb els dissenys de fulles dels alumnes de 2n d&#8217;ESO de la mateixa mat\u00e8ria.<\/p>\n<p><img loading=\"lazy\" decoding=\"async\" class=\"alignnone size-medium wp-image-839\" src=\"https:\/\/institutcastelldestela.files.wordpress.com\/2015\/11\/img_0692.jpg?w=300\" alt=\"IMG_0692\" width=\"300\" height=\"200\" \/><\/p>\n<p>Proc\u00e9s de realitzaci\u00f3 del projecte de 1r d&#8217;ESO sobre els arbres:<\/p>\n<p><a href=\"https:\/\/institutcastelldestela.wordpress.com\/2015\/11\/23\/exposicio-sobre-els-arbres\/img_9586\/#main\" rel=\"attachment wp-att-845\"><img loading=\"lazy\" decoding=\"async\" class=\"alignnone size-medium wp-image-845\" src=\"https:\/\/institutcastelldestela.files.wordpress.com\/2015\/11\/img_9586.jpg?w=300\" alt=\"IMG_9586\" width=\"300\" height=\"200\" \/><\/a><\/p>\n","protected":false},"excerpt":{"rendered":"<p>Si visiteu el centre aquest dies us trobareu una exposici\u00f3 a l&#8217;entrada, formada per dibuixos de 1r i 2n de Dibuix Art\u00edstic, per les obres sobre els arbres que els de 1r d&#8217;ESO han fet a Educaci\u00f3 visual i pl\u00e0stica i amb els dissenys de&hellip;  <a href=\"https:\/\/agora.xtec.cat\/iescastelldestela\/sin-categoria\/exposicio-sobre-els-arbres-2\/\" title=\"Read EXPOSICI\u00d3 SOBRE ELS ARBRES\">Llegeix m\u00e9s\u00bb<\/a><\/p>\n","protected":false},"author":1,"featured_media":0,"comment_status":"closed","ping_status":"open","sticky":false,"template":"","format":"standard","meta":{"_bbp_topic_count":0,"_bbp_reply_count":0,"_bbp_total_topic_count":0,"_bbp_total_reply_count":0,"_bbp_voice_count":0,"_bbp_anonymous_reply_count":0,"_bbp_topic_count_hidden":0,"_bbp_reply_count_hidden":0,"_bbp_forum_subforum_count":0,"footnotes":""},"categories":[109],"tags":[],"class_list":["post-1073","post","type-post","status-publish","format-standard","hentry","category-sin-categoria"],"post_mailing_queue_ids":[],"_links":{"self":[{"href":"https:\/\/agora.xtec.cat\/iescastelldestela\/wp-json\/wp\/v2\/posts\/1073","targetHints":{"allow":["GET"]}}],"collection":[{"href":"https:\/\/agora.xtec.cat\/iescastelldestela\/wp-json\/wp\/v2\/posts"}],"about":[{"href":"https:\/\/agora.xtec.cat\/iescastelldestela\/wp-json\/wp\/v2\/types\/post"}],"author":[{"embeddable":true,"href":"https:\/\/agora.xtec.cat\/iescastelldestela\/wp-json\/wp\/v2\/users\/1"}],"replies":[{"embeddable":true,"href":"https:\/\/agora.xtec.cat\/iescastelldestela\/wp-json\/wp\/v2\/comments?post=1073"}],"version-history":[{"count":0,"href":"https:\/\/agora.xtec.cat\/iescastelldestela\/wp-json\/wp\/v2\/posts\/1073\/revisions"}],"wp:attachment":[{"href":"https:\/\/agora.xtec.cat\/iescastelldestela\/wp-json\/wp\/v2\/media?parent=1073"}],"wp:term":[{"taxonomy":"category","embeddable":true,"href":"https:\/\/agora.xtec.cat\/iescastelldestela\/wp-json\/wp\/v2\/categories?post=1073"},{"taxonomy":"post_tag","embeddable":true,"href":"https:\/\/agora.xtec.cat\/iescastelldestela\/wp-json\/wp\/v2\/tags?post=1073"}],"curies":[{"name":"wp","href":"https:\/\/api.w.org\/{rel}","templated":true}]}}