{"id":10518,"date":"2024-11-11T23:35:06","date_gmt":"2024-11-11T22:35:06","guid":{"rendered":"https:\/\/agora.xtec.cat\/iescastelldestela\/?p=10518"},"modified":"2024-11-12T17:49:39","modified_gmt":"2024-11-12T16:49:39","slug":"castanyada-damer-2","status":"publish","type":"post","link":"https:\/\/agora.xtec.cat\/iescastelldestela\/eso\/eso-4\/castanyada-damer-2\/","title":{"rendered":"Castanyada d&#8217;Amer"},"content":{"rendered":"<p><span style=\"font-weight: 400;\">El passat diumenge dia 10 de novembre els alumnes de 4t d\u2019ESO vam fer una parada a la Castanyada d\u2019Amer, la festa de Sant Mart\u00ed,\u00a0 durant tot el dia.<\/span><\/p>\n<p><span style=\"font-weight: 400;\">All\u00e0 vam vendre n\u00fameros de 4 paneres sortejades i entregades al mateix dia. Vam vendre rellotges de sorra de diferents mides, bra\u00e7alets\u2026. Tamb\u00e9 vam fer pongos, que es donaven com a premi en la participaci\u00f3 de la ruleta amb regal assegurat.<\/span><\/p>\n<p><span style=\"font-weight: 400;\">Ens ho vam passar molt b\u00e9 i ho agra\u00efm a l\u2019ajuntament, a totes les fam\u00edlies, botigues i empreses que ens van ajudar i contribuir amb el nostre viatge de final de curs.<\/span><\/p>\n<table style=\"border-collapse: collapse; width: 100%;\">\n<tbody>\n<tr>\n<td style=\"width: 50%;\"><img loading=\"lazy\" decoding=\"async\" class=\"aligncenter wp-image-10519\" src=\"https:\/\/agora.xtec.cat\/iescastelldestela\/wp-content\/uploads\/usu1648\/2024\/11\/IMG_6577_LQ-300x225.jpg\" alt=\"\" width=\"600\" height=\"450\" srcset=\"https:\/\/agora.xtec.cat\/iescastelldestela\/wp-content\/uploads\/usu1648\/2024\/11\/IMG_6577_LQ-300x225.jpg 300w, https:\/\/agora.xtec.cat\/iescastelldestela\/wp-content\/uploads\/usu1648\/2024\/11\/IMG_6577_LQ-1024x768.jpg 1024w, https:\/\/agora.xtec.cat\/iescastelldestela\/wp-content\/uploads\/usu1648\/2024\/11\/IMG_6577_LQ-768x576.jpg 768w, https:\/\/agora.xtec.cat\/iescastelldestela\/wp-content\/uploads\/usu1648\/2024\/11\/IMG_6577_LQ-1536x1152.jpg 1536w, https:\/\/agora.xtec.cat\/iescastelldestela\/wp-content\/uploads\/usu1648\/2024\/11\/IMG_6577_LQ-2048x1536.jpg 2048w, https:\/\/agora.xtec.cat\/iescastelldestela\/wp-content\/uploads\/usu1648\/2024\/11\/IMG_6577_LQ-200x150.jpg 200w\" sizes=\"auto, (max-width: 600px) 100vw, 600px\" \/><\/td>\n<td style=\"width: 50%;\"><img loading=\"lazy\" decoding=\"async\" class=\"aligncenter wp-image-10520\" src=\"https:\/\/agora.xtec.cat\/iescastelldestela\/wp-content\/uploads\/usu1648\/2024\/11\/IMG_6579_LQ-300x225.jpg\" alt=\"\" width=\"600\" height=\"450\" srcset=\"https:\/\/agora.xtec.cat\/iescastelldestela\/wp-content\/uploads\/usu1648\/2024\/11\/IMG_6579_LQ-300x225.jpg 300w, https:\/\/agora.xtec.cat\/iescastelldestela\/wp-content\/uploads\/usu1648\/2024\/11\/IMG_6579_LQ-1024x768.jpg 1024w, https:\/\/agora.xtec.cat\/iescastelldestela\/wp-content\/uploads\/usu1648\/2024\/11\/IMG_6579_LQ-768x576.jpg 768w, https:\/\/agora.xtec.cat\/iescastelldestela\/wp-content\/uploads\/usu1648\/2024\/11\/IMG_6579_LQ-1536x1152.jpg 1536w, https:\/\/agora.xtec.cat\/iescastelldestela\/wp-content\/uploads\/usu1648\/2024\/11\/IMG_6579_LQ-2048x1536.jpg 2048w, https:\/\/agora.xtec.cat\/iescastelldestela\/wp-content\/uploads\/usu1648\/2024\/11\/IMG_6579_LQ-200x150.jpg 200w\" sizes=\"auto, (max-width: 600px) 100vw, 600px\" \/><\/td>\n<\/tr>\n<\/tbody>\n<\/table>\n","protected":false},"excerpt":{"rendered":"<p>El passat diumenge dia 10 de novembre els alumnes de 4t d\u2019ESO vam fer una parada a la Castanyada d\u2019Amer, la festa de Sant Mart\u00ed,\u00a0 durant tot el dia.<br \/>\nAll\u00e0 vam vendre n\u00fameros de 4 paneres sortejades i entregades al mateix dia. Vam vendre rellotges de&hellip;  <a href=\"https:\/\/agora.xtec.cat\/iescastelldestela\/eso\/eso-4\/castanyada-damer-2\/\" title=\"Read Castanyada d&#8217;Amer\">Llegeix m\u00e9s\u00bb<\/a><\/p>\n","protected":false},"author":1,"featured_media":10519,"comment_status":"open","ping_status":"closed","sticky":true,"template":"","format":"standard","meta":{"_bbp_topic_count":0,"_bbp_reply_count":0,"_bbp_total_topic_count":0,"_bbp_total_reply_count":0,"_bbp_voice_count":0,"_bbp_anonymous_reply_count":0,"_bbp_topic_count_hidden":0,"_bbp_reply_count_hidden":0,"_bbp_forum_subforum_count":0,"footnotes":""},"categories":[121,7,29],"tags":[],"class_list":["post-10518","post","type-post","status-publish","format-standard","has-post-thumbnail","hentry","category-curs-24-25","category-eso-4","category-portada"],"post_mailing_queue_ids":[],"_links":{"self":[{"href":"https:\/\/agora.xtec.cat\/iescastelldestela\/wp-json\/wp\/v2\/posts\/10518","targetHints":{"allow":["GET"]}}],"collection":[{"href":"https:\/\/agora.xtec.cat\/iescastelldestela\/wp-json\/wp\/v2\/posts"}],"about":[{"href":"https:\/\/agora.xtec.cat\/iescastelldestela\/wp-json\/wp\/v2\/types\/post"}],"author":[{"embeddable":true,"href":"https:\/\/agora.xtec.cat\/iescastelldestela\/wp-json\/wp\/v2\/users\/1"}],"replies":[{"embeddable":true,"href":"https:\/\/agora.xtec.cat\/iescastelldestela\/wp-json\/wp\/v2\/comments?post=10518"}],"version-history":[{"count":1,"href":"https:\/\/agora.xtec.cat\/iescastelldestela\/wp-json\/wp\/v2\/posts\/10518\/revisions"}],"predecessor-version":[{"id":10521,"href":"https:\/\/agora.xtec.cat\/iescastelldestela\/wp-json\/wp\/v2\/posts\/10518\/revisions\/10521"}],"wp:featuredmedia":[{"embeddable":true,"href":"https:\/\/agora.xtec.cat\/iescastelldestela\/wp-json\/wp\/v2\/media\/10519"}],"wp:attachment":[{"href":"https:\/\/agora.xtec.cat\/iescastelldestela\/wp-json\/wp\/v2\/media?parent=10518"}],"wp:term":[{"taxonomy":"category","embeddable":true,"href":"https:\/\/agora.xtec.cat\/iescastelldestela\/wp-json\/wp\/v2\/categories?post=10518"},{"taxonomy":"post_tag","embeddable":true,"href":"https:\/\/agora.xtec.cat\/iescastelldestela\/wp-json\/wp\/v2\/tags?post=10518"}],"curies":[{"name":"wp","href":"https:\/\/api.w.org\/{rel}","templated":true}]}}