{"id":10432,"date":"2024-10-01T08:40:38","date_gmt":"2024-10-01T06:40:38","guid":{"rendered":"https:\/\/agora.xtec.cat\/iescastelldestela\/?p=10432"},"modified":"2024-10-04T15:50:44","modified_gmt":"2024-10-04T13:50:44","slug":"convivencies-3r","status":"publish","type":"post","link":"https:\/\/agora.xtec.cat\/iescastelldestela\/eso\/eso-3\/convivencies-3r\/","title":{"rendered":"Conviv\u00e8ncies 3r"},"content":{"rendered":"<p>El dia 27 de setembre els alumnes de 3r d&#8217;ESO vam anar de conviv\u00e8ncies a Sant Climent d&#8217;Amer. Vam caminar, vam poder descobrir nous indrets de l&#8217;entorn i vam tenir l&#8217;oportunitat de compartir i disfrutar d&#8217;un mat\u00ed d&#8217;activitats amb els companys i companyes. Va ser una bona oportunitat, doncs, per fomentar la cohesi\u00f3 de grup m\u00e9s enll\u00e0 de l&#8217;aula.<\/p>\n<h5><a href=\"https:\/\/drive.google.com\/drive\/folders\/1OjksxMmvDBBY1XlgwQ8ngpwbUOlNXfkt?usp=drive_link\" target=\"_blank\" rel=\"noopener\"><img loading=\"lazy\" decoding=\"async\" class=\"alignleft wp-image-10376\" src=\"https:\/\/agora.xtec.cat\/iescastelldestela\/wp-content\/uploads\/usu1648\/2024\/06\/atencio_gif_1.webp\" alt=\"\" width=\"27\" height=\"27\" \/><\/a><\/h5>\n<h5><a href=\"https:\/\/drive.google.com\/drive\/folders\/1OjksxMmvDBBY1XlgwQ8ngpwbUOlNXfkt?usp=drive_link\" target=\"_blank\" rel=\"noopener\">M\u00e9s fotos&#8230;<\/a><a href=\"https:\/\/drive.google.com\/drive\/folders\/1OjksxMmvDBBY1XlgwQ8ngpwbUOlNXfkt?usp=drive_link\" target=\"_blank\" rel=\"noopener\"><img loading=\"lazy\" decoding=\"async\" class=\"alignnone wp-image-10375\" src=\"https:\/\/agora.xtec.cat\/iescastelldestela\/wp-content\/uploads\/usu1648\/2024\/06\/atencio_gif_2.gif\" alt=\"\" width=\"28\" height=\"28\" \/><\/a><\/h5>\n<table style=\"border-collapse: collapse; width: 100%;\">\n<tbody>\n<tr>\n<td style=\"width: 50%;\"><img loading=\"lazy\" decoding=\"async\" class=\"aligncenter wp-image-10434\" src=\"https:\/\/agora.xtec.cat\/iescastelldestela\/wp-content\/uploads\/usu1648\/2024\/10\/Convivencies-5_LQ-scaled.jpg\" alt=\"\" width=\"600\" height=\"450\" srcset=\"https:\/\/agora.xtec.cat\/iescastelldestela\/wp-content\/uploads\/usu1648\/2024\/10\/Convivencies-5_LQ-scaled.jpg 2560w, https:\/\/agora.xtec.cat\/iescastelldestela\/wp-content\/uploads\/usu1648\/2024\/10\/Convivencies-5_LQ-300x225.jpg 300w, https:\/\/agora.xtec.cat\/iescastelldestela\/wp-content\/uploads\/usu1648\/2024\/10\/Convivencies-5_LQ-1024x768.jpg 1024w, https:\/\/agora.xtec.cat\/iescastelldestela\/wp-content\/uploads\/usu1648\/2024\/10\/Convivencies-5_LQ-768x576.jpg 768w, https:\/\/agora.xtec.cat\/iescastelldestela\/wp-content\/uploads\/usu1648\/2024\/10\/Convivencies-5_LQ-1536x1152.jpg 1536w, https:\/\/agora.xtec.cat\/iescastelldestela\/wp-content\/uploads\/usu1648\/2024\/10\/Convivencies-5_LQ-2048x1536.jpg 2048w, https:\/\/agora.xtec.cat\/iescastelldestela\/wp-content\/uploads\/usu1648\/2024\/10\/Convivencies-5_LQ-200x150.jpg 200w\" sizes=\"auto, (max-width: 600px) 100vw, 600px\" \/><\/td>\n<td style=\"width: 50%;\"><img loading=\"lazy\" decoding=\"async\" class=\"aligncenter wp-image-10433\" src=\"https:\/\/agora.xtec.cat\/iescastelldestela\/wp-content\/uploads\/usu1648\/2024\/10\/Convivencies-2_LQ-scaled.jpg\" alt=\"\" width=\"600\" height=\"450\" srcset=\"https:\/\/agora.xtec.cat\/iescastelldestela\/wp-content\/uploads\/usu1648\/2024\/10\/Convivencies-2_LQ-scaled.jpg 2560w, https:\/\/agora.xtec.cat\/iescastelldestela\/wp-content\/uploads\/usu1648\/2024\/10\/Convivencies-2_LQ-300x225.jpg 300w, https:\/\/agora.xtec.cat\/iescastelldestela\/wp-content\/uploads\/usu1648\/2024\/10\/Convivencies-2_LQ-1024x768.jpg 1024w, https:\/\/agora.xtec.cat\/iescastelldestela\/wp-content\/uploads\/usu1648\/2024\/10\/Convivencies-2_LQ-768x576.jpg 768w, https:\/\/agora.xtec.cat\/iescastelldestela\/wp-content\/uploads\/usu1648\/2024\/10\/Convivencies-2_LQ-1536x1152.jpg 1536w, https:\/\/agora.xtec.cat\/iescastelldestela\/wp-content\/uploads\/usu1648\/2024\/10\/Convivencies-2_LQ-2048x1536.jpg 2048w, https:\/\/agora.xtec.cat\/iescastelldestela\/wp-content\/uploads\/usu1648\/2024\/10\/Convivencies-2_LQ-200x150.jpg 200w\" sizes=\"auto, (max-width: 600px) 100vw, 600px\" \/><\/td>\n<\/tr>\n<\/tbody>\n<\/table>\n<h5><\/h5>\n<h5><\/h5>\n<p>&nbsp;<\/p>\n","protected":false},"excerpt":{"rendered":"<p>El dia 27 de setembre els alumnes de 3r d&#8217;ESO vam anar de conviv\u00e8ncies a Sant Climent d&#8217;Amer. Vam caminar, vam poder descobrir nous indrets de l&#8217;entorn i vam tenir l&#8217;oportunitat de compartir i disfrutar d&#8217;un mat\u00ed d&#8217;activitats amb els companys i companyes. Va ser&hellip;  <a href=\"https:\/\/agora.xtec.cat\/iescastelldestela\/eso\/eso-3\/convivencies-3r\/\" title=\"Read Conviv\u00e8ncies 3r\">Llegeix m\u00e9s\u00bb<\/a><\/p>\n","protected":false},"author":1,"featured_media":10433,"comment_status":"open","ping_status":"closed","sticky":true,"template":"","format":"standard","meta":{"_bbp_topic_count":0,"_bbp_reply_count":0,"_bbp_total_topic_count":0,"_bbp_total_reply_count":0,"_bbp_voice_count":0,"_bbp_anonymous_reply_count":0,"_bbp_topic_count_hidden":0,"_bbp_reply_count_hidden":0,"_bbp_forum_subforum_count":0,"footnotes":""},"categories":[121,6,29],"tags":[],"class_list":["post-10432","post","type-post","status-publish","format-standard","has-post-thumbnail","hentry","category-curs-24-25","category-eso-3","category-portada"],"post_mailing_queue_ids":[],"_links":{"self":[{"href":"https:\/\/agora.xtec.cat\/iescastelldestela\/wp-json\/wp\/v2\/posts\/10432","targetHints":{"allow":["GET"]}}],"collection":[{"href":"https:\/\/agora.xtec.cat\/iescastelldestela\/wp-json\/wp\/v2\/posts"}],"about":[{"href":"https:\/\/agora.xtec.cat\/iescastelldestela\/wp-json\/wp\/v2\/types\/post"}],"author":[{"embeddable":true,"href":"https:\/\/agora.xtec.cat\/iescastelldestela\/wp-json\/wp\/v2\/users\/1"}],"replies":[{"embeddable":true,"href":"https:\/\/agora.xtec.cat\/iescastelldestela\/wp-json\/wp\/v2\/comments?post=10432"}],"version-history":[{"count":6,"href":"https:\/\/agora.xtec.cat\/iescastelldestela\/wp-json\/wp\/v2\/posts\/10432\/revisions"}],"predecessor-version":[{"id":10458,"href":"https:\/\/agora.xtec.cat\/iescastelldestela\/wp-json\/wp\/v2\/posts\/10432\/revisions\/10458"}],"wp:featuredmedia":[{"embeddable":true,"href":"https:\/\/agora.xtec.cat\/iescastelldestela\/wp-json\/wp\/v2\/media\/10433"}],"wp:attachment":[{"href":"https:\/\/agora.xtec.cat\/iescastelldestela\/wp-json\/wp\/v2\/media?parent=10432"}],"wp:term":[{"taxonomy":"category","embeddable":true,"href":"https:\/\/agora.xtec.cat\/iescastelldestela\/wp-json\/wp\/v2\/categories?post=10432"},{"taxonomy":"post_tag","embeddable":true,"href":"https:\/\/agora.xtec.cat\/iescastelldestela\/wp-json\/wp\/v2\/tags?post=10432"}],"curies":[{"name":"wp","href":"https:\/\/api.w.org\/{rel}","templated":true}]}}