{"id":10318,"date":"2024-06-03T17:56:54","date_gmt":"2024-06-03T15:56:54","guid":{"rendered":"https:\/\/agora.xtec.cat\/iescastelldestela\/?p=10318"},"modified":"2024-06-11T17:44:25","modified_gmt":"2024-06-11T15:44:25","slug":"educacio-visual-i-plastica-a-la-jornada-esportiva","status":"publish","type":"post","link":"https:\/\/agora.xtec.cat\/iescastelldestela\/eso\/eso-2\/educacio-visual-i-plastica-a-la-jornada-esportiva\/","title":{"rendered":"Educaci\u00f3 Visual i Pl\u00e0stica a la Jornada Esportiva"},"content":{"rendered":"<p><span style=\"font-weight: 400;\">Durant aquest tercer trimestre l\u2019alumnat de 2n ESO, amb Educaci\u00f3 Visual i Pl\u00e0stica han participat en la Jornada Esportiva que organitza cada any el nostre centre. Aquest any s&#8217;ha decorat l&#8217;institut amb diverses figures humanes que representen els diferents esports que s&#8217;han pogut practicar durant aquesta jornada.\u00a0\u00a0<\/span><\/p>\n<p><span style=\"font-weight: 400;\">A m\u00e9s durant la Jornada Esportiva Solid\u00e0ria s&#8217;han recollit productes com llet, sucre, llegums&#8230;per fer-los arribar a C\u00e0ritas.<\/span><\/p>\n<p><span style=\"font-weight: 400;\">Gr\u00e0cies a tothom per participar.<\/span><\/p>\n<p style=\"text-align: center;\"><iframe loading=\"lazy\" src=\"https:\/\/docs.google.com\/presentation\/d\/e\/2PACX-1vQsYHA7MUGcsYIaZggOdJNjoqrrrgMiAOesVN3c_YpXwypbhZwKM7iE1kGTezc7gbxOGJjfohI4zh_F\/embed?start=true&amp;loop=true&amp;delayms=2000\" width=\"500\" height=\"404\" frameborder=\"0\" allowfullscreen=\"allowfullscreen\"><\/iframe><\/p>\n","protected":false},"excerpt":{"rendered":"<p>Durant aquest tercer trimestre l\u2019alumnat de 2n ESO, amb Educaci\u00f3 Visual i Pl\u00e0stica han participat en la Jornada Esportiva que organitza cada any el nostre centre. Aquest any s&#8217;ha decorat l&#8217;institut amb diverses figures humanes que representen els diferents esports que s&#8217;han pogut practicar durant&hellip;  <a href=\"https:\/\/agora.xtec.cat\/iescastelldestela\/eso\/eso-2\/educacio-visual-i-plastica-a-la-jornada-esportiva\/\" title=\"Read Educaci\u00f3 Visual i Pl\u00e0stica a la Jornada Esportiva\">Llegeix m\u00e9s\u00bb<\/a><\/p>\n","protected":false},"author":1,"featured_media":10319,"comment_status":"open","ping_status":"closed","sticky":true,"template":"","format":"standard","meta":{"_bbp_topic_count":0,"_bbp_reply_count":0,"_bbp_total_topic_count":0,"_bbp_total_reply_count":0,"_bbp_voice_count":0,"_bbp_anonymous_reply_count":0,"_bbp_topic_count_hidden":0,"_bbp_reply_count_hidden":0,"_bbp_forum_subforum_count":0,"footnotes":""},"categories":[119,5,29],"tags":[],"class_list":["post-10318","post","type-post","status-publish","format-standard","has-post-thumbnail","hentry","category-arts","category-eso-2","category-portada"],"post_mailing_queue_ids":[],"_links":{"self":[{"href":"https:\/\/agora.xtec.cat\/iescastelldestela\/wp-json\/wp\/v2\/posts\/10318","targetHints":{"allow":["GET"]}}],"collection":[{"href":"https:\/\/agora.xtec.cat\/iescastelldestela\/wp-json\/wp\/v2\/posts"}],"about":[{"href":"https:\/\/agora.xtec.cat\/iescastelldestela\/wp-json\/wp\/v2\/types\/post"}],"author":[{"embeddable":true,"href":"https:\/\/agora.xtec.cat\/iescastelldestela\/wp-json\/wp\/v2\/users\/1"}],"replies":[{"embeddable":true,"href":"https:\/\/agora.xtec.cat\/iescastelldestela\/wp-json\/wp\/v2\/comments?post=10318"}],"version-history":[{"count":1,"href":"https:\/\/agora.xtec.cat\/iescastelldestela\/wp-json\/wp\/v2\/posts\/10318\/revisions"}],"predecessor-version":[{"id":10320,"href":"https:\/\/agora.xtec.cat\/iescastelldestela\/wp-json\/wp\/v2\/posts\/10318\/revisions\/10320"}],"wp:featuredmedia":[{"embeddable":true,"href":"https:\/\/agora.xtec.cat\/iescastelldestela\/wp-json\/wp\/v2\/media\/10319"}],"wp:attachment":[{"href":"https:\/\/agora.xtec.cat\/iescastelldestela\/wp-json\/wp\/v2\/media?parent=10318"}],"wp:term":[{"taxonomy":"category","embeddable":true,"href":"https:\/\/agora.xtec.cat\/iescastelldestela\/wp-json\/wp\/v2\/categories?post=10318"},{"taxonomy":"post_tag","embeddable":true,"href":"https:\/\/agora.xtec.cat\/iescastelldestela\/wp-json\/wp\/v2\/tags?post=10318"}],"curies":[{"name":"wp","href":"https:\/\/api.w.org\/{rel}","templated":true}]}}