{"id":10274,"date":"2024-05-06T15:11:57","date_gmt":"2024-05-06T13:11:57","guid":{"rendered":"https:\/\/agora.xtec.cat\/iescastelldestela\/?p=10274"},"modified":"2024-05-23T22:18:26","modified_gmt":"2024-05-23T20:18:26","slug":"taller-del-programa-sigues-tu","status":"publish","type":"post","link":"https:\/\/agora.xtec.cat\/iescastelldestela\/eso\/eso-3\/taller-del-programa-sigues-tu\/","title":{"rendered":"Taller del programa Sigues tu"},"content":{"rendered":"<p style=\"text-align: justify;\"><span style=\"font-weight: 400;\">Els alumnes de 3r, dins el programa de tutoria <\/span><i><span style=\"font-weight: 400;\">Sigues tu<\/span><\/i><span style=\"font-weight: 400;\">, han sigut els protagonistes d&#8217;un taller estructurat en diferents din\u00e0miques. Aquestes han afavorit la participaci\u00f3, tot treballant valors com la confian\u00e7a, la cohesi\u00f3 de grup o la cooperaci\u00f3. Ha estat tamb\u00e9 un espai de reflexi\u00f3 que ha perm\u00e8s als alumnes con\u00e8ixer detalls del funcionament del grup classe, detectar-hi problemes i plantejar-hi possibles solucions. Aix\u00ed doncs, la col\u00b7laboraci\u00f3 de tots i totes ha desembocat en una activitat profitosa de la qual n&#8217;han pogut extreure conclusions, idees i propostes de millora.<\/span><\/p>\n<p>Tutores de 3r<\/p>\n<p style=\"text-align: center;\"><iframe loading=\"lazy\" src=\"https:\/\/docs.google.com\/presentation\/d\/e\/2PACX-1vShy_gBVHekSECOSrRYmAsM0EFDUbVgMQbrTmiM6AWsTz1NpeU5jfHAvPBi6n07VRuBMTZEmflY-eNj\/embed?start=true&amp;loop=true&amp;delayms=2000\" width=\"500\" height=\"404\" frameborder=\"0\" allowfullscreen=\"allowfullscreen\"><\/iframe><\/p>\n","protected":false},"excerpt":{"rendered":"<p>Els alumnes de 3r, dins el programa de tutoria Sigues tu, han sigut els protagonistes d&#8217;un taller estructurat en diferents din\u00e0miques. Aquestes han afavorit la participaci\u00f3, tot treballant valors com la confian\u00e7a, la cohesi\u00f3 de grup o la cooperaci\u00f3. Ha estat tamb\u00e9 un espai de&hellip;  <a href=\"https:\/\/agora.xtec.cat\/iescastelldestela\/eso\/eso-3\/taller-del-programa-sigues-tu\/\" title=\"Read Taller del programa Sigues tu\">Llegeix m\u00e9s\u00bb<\/a><\/p>\n","protected":false},"author":1,"featured_media":10275,"comment_status":"open","ping_status":"closed","sticky":true,"template":"","format":"standard","meta":{"_bbp_topic_count":0,"_bbp_reply_count":0,"_bbp_total_topic_count":0,"_bbp_total_reply_count":0,"_bbp_voice_count":0,"_bbp_anonymous_reply_count":0,"_bbp_topic_count_hidden":0,"_bbp_reply_count_hidden":0,"_bbp_forum_subforum_count":0,"footnotes":""},"categories":[118,6,29],"tags":[],"class_list":["post-10274","post","type-post","status-publish","format-standard","has-post-thumbnail","hentry","category-curs-23-24","category-eso-3","category-portada"],"post_mailing_queue_ids":[],"_links":{"self":[{"href":"https:\/\/agora.xtec.cat\/iescastelldestela\/wp-json\/wp\/v2\/posts\/10274","targetHints":{"allow":["GET"]}}],"collection":[{"href":"https:\/\/agora.xtec.cat\/iescastelldestela\/wp-json\/wp\/v2\/posts"}],"about":[{"href":"https:\/\/agora.xtec.cat\/iescastelldestela\/wp-json\/wp\/v2\/types\/post"}],"author":[{"embeddable":true,"href":"https:\/\/agora.xtec.cat\/iescastelldestela\/wp-json\/wp\/v2\/users\/1"}],"replies":[{"embeddable":true,"href":"https:\/\/agora.xtec.cat\/iescastelldestela\/wp-json\/wp\/v2\/comments?post=10274"}],"version-history":[{"count":1,"href":"https:\/\/agora.xtec.cat\/iescastelldestela\/wp-json\/wp\/v2\/posts\/10274\/revisions"}],"predecessor-version":[{"id":10276,"href":"https:\/\/agora.xtec.cat\/iescastelldestela\/wp-json\/wp\/v2\/posts\/10274\/revisions\/10276"}],"wp:featuredmedia":[{"embeddable":true,"href":"https:\/\/agora.xtec.cat\/iescastelldestela\/wp-json\/wp\/v2\/media\/10275"}],"wp:attachment":[{"href":"https:\/\/agora.xtec.cat\/iescastelldestela\/wp-json\/wp\/v2\/media?parent=10274"}],"wp:term":[{"taxonomy":"category","embeddable":true,"href":"https:\/\/agora.xtec.cat\/iescastelldestela\/wp-json\/wp\/v2\/categories?post=10274"},{"taxonomy":"post_tag","embeddable":true,"href":"https:\/\/agora.xtec.cat\/iescastelldestela\/wp-json\/wp\/v2\/tags?post=10274"}],"curies":[{"name":"wp","href":"https:\/\/api.w.org\/{rel}","templated":true}]}}