{"id":10213,"date":"2024-04-15T12:27:38","date_gmt":"2024-04-15T10:27:38","guid":{"rendered":"https:\/\/agora.xtec.cat\/iescastelldestela\/?p=10213"},"modified":"2024-04-25T09:38:01","modified_gmt":"2024-04-25T07:38:01","slug":"23-dabril","status":"publish","type":"post","link":"https:\/\/agora.xtec.cat\/iescastelldestela\/general\/23-dabril\/","title":{"rendered":"CELEBRACI\u00d3 DE LA DIADA DE SANT JORDI 2024"},"content":{"rendered":"<p>Activitats de Sant Jordi a la <strong>pla\u00e7a de la vila<\/strong> d\u2019Amer 8:15h a 12h<br \/>\nInauguraci\u00f3 de l\u2019Exposici\u00f3 d\u2019Art del Batxillerat Art\u00edstic al <strong>Museu etnol\u00f2gic Llu\u00eds Sidera<\/strong> d\u2019Amer de 8h a 9h (obert de 8 -12h)<br \/>\n<strong>Lliurament dels Premis<\/strong> de Sant Jordi a l\u2019institut a les 12:20h<\/p>\n<p>Des de Cultura Audiovisual us oferim aquest <em><strong><a href=\"https:\/\/drive.google.com\/file\/d\/1R8yYyVvMqUtOORl3NGje2yyv1PYCE52U\/view?usp=sharing\" target=\"_blank\" rel=\"noopener\">v\u00eddeo<\/a><\/strong><\/em> de pr\u00e0ctica de l\u2019alumne de 1r de Batxillerat Art\u00edstic Jordi Casadevall per anunciar l\u2019exposici\u00f3 d\u2019Art (23 d\u2019Abril al 23 de Maig) dels treballs realitzats al Batxillerat i a la ESO a l\u2019institut Castell d\u2019Estela, que es podr\u00e0 veure al centre de la vila.<\/p>\n<p><a href=\"https:\/\/drive.google.com\/file\/d\/1R8yYyVvMqUtOORl3NGje2yyv1PYCE52U\/view?usp=sharing\" target=\"_blank\" rel=\"noopener\">Enlla\u00e7 al video<\/a><img loading=\"lazy\" decoding=\"async\" class=\"aligncenter wp-image-10214\" src=\"https:\/\/agora.xtec.cat\/iescastelldestela\/wp-content\/uploads\/usu1648\/2024\/04\/435961887_828802279273251_4788218711890806130_n-212x300.jpg\" alt=\"\" width=\"400\" height=\"566\" srcset=\"https:\/\/agora.xtec.cat\/iescastelldestela\/wp-content\/uploads\/usu1648\/2024\/04\/435961887_828802279273251_4788218711890806130_n-212x300.jpg 212w, https:\/\/agora.xtec.cat\/iescastelldestela\/wp-content\/uploads\/usu1648\/2024\/04\/435961887_828802279273251_4788218711890806130_n-724x1024.jpg 724w, https:\/\/agora.xtec.cat\/iescastelldestela\/wp-content\/uploads\/usu1648\/2024\/04\/435961887_828802279273251_4788218711890806130_n-768x1086.jpg 768w, https:\/\/agora.xtec.cat\/iescastelldestela\/wp-content\/uploads\/usu1648\/2024\/04\/435961887_828802279273251_4788218711890806130_n-1086x1536.jpg 1086w, https:\/\/agora.xtec.cat\/iescastelldestela\/wp-content\/uploads\/usu1648\/2024\/04\/435961887_828802279273251_4788218711890806130_n.jpg 1448w\" sizes=\"auto, (max-width: 400px) 100vw, 400px\" \/><\/p>\n<p>&nbsp;<\/p>\n","protected":false},"excerpt":{"rendered":"<p>Activitats de Sant Jordi a la pla\u00e7a de la vila d\u2019Amer 8:15h a 12h<br \/>\nInauguraci\u00f3 de l\u2019Exposici\u00f3 d\u2019Art del Batxillerat Art\u00edstic al Museu etnol\u00f2gic Llu\u00eds Sidera d\u2019Amer de 8h a 9h (obert de 8 -12h)<br \/>\nLliurament dels Premis de Sant Jordi a l\u2019institut a les 12:20h<br \/>\nDes de&hellip;  <a href=\"https:\/\/agora.xtec.cat\/iescastelldestela\/general\/23-dabril\/\" title=\"Read CELEBRACI\u00d3 DE LA DIADA DE SANT JORDI 2024\">Llegeix m\u00e9s\u00bb<\/a><\/p>\n","protected":false},"author":1,"featured_media":10249,"comment_status":"open","ping_status":"closed","sticky":true,"template":"","format":"standard","meta":{"_bbp_topic_count":0,"_bbp_reply_count":0,"_bbp_total_topic_count":0,"_bbp_total_reply_count":0,"_bbp_voice_count":0,"_bbp_anonymous_reply_count":0,"_bbp_topic_count_hidden":0,"_bbp_reply_count_hidden":0,"_bbp_forum_subforum_count":0,"footnotes":""},"categories":[118,1,29],"tags":[],"class_list":["post-10213","post","type-post","status-publish","format-standard","has-post-thumbnail","hentry","category-curs-23-24","category-general","category-portada"],"post_mailing_queue_ids":[],"_links":{"self":[{"href":"https:\/\/agora.xtec.cat\/iescastelldestela\/wp-json\/wp\/v2\/posts\/10213","targetHints":{"allow":["GET"]}}],"collection":[{"href":"https:\/\/agora.xtec.cat\/iescastelldestela\/wp-json\/wp\/v2\/posts"}],"about":[{"href":"https:\/\/agora.xtec.cat\/iescastelldestela\/wp-json\/wp\/v2\/types\/post"}],"author":[{"embeddable":true,"href":"https:\/\/agora.xtec.cat\/iescastelldestela\/wp-json\/wp\/v2\/users\/1"}],"replies":[{"embeddable":true,"href":"https:\/\/agora.xtec.cat\/iescastelldestela\/wp-json\/wp\/v2\/comments?post=10213"}],"version-history":[{"count":6,"href":"https:\/\/agora.xtec.cat\/iescastelldestela\/wp-json\/wp\/v2\/posts\/10213\/revisions"}],"predecessor-version":[{"id":10230,"href":"https:\/\/agora.xtec.cat\/iescastelldestela\/wp-json\/wp\/v2\/posts\/10213\/revisions\/10230"}],"wp:featuredmedia":[{"embeddable":true,"href":"https:\/\/agora.xtec.cat\/iescastelldestela\/wp-json\/wp\/v2\/media\/10249"}],"wp:attachment":[{"href":"https:\/\/agora.xtec.cat\/iescastelldestela\/wp-json\/wp\/v2\/media?parent=10213"}],"wp:term":[{"taxonomy":"category","embeddable":true,"href":"https:\/\/agora.xtec.cat\/iescastelldestela\/wp-json\/wp\/v2\/categories?post=10213"},{"taxonomy":"post_tag","embeddable":true,"href":"https:\/\/agora.xtec.cat\/iescastelldestela\/wp-json\/wp\/v2\/tags?post=10213"}],"curies":[{"name":"wp","href":"https:\/\/api.w.org\/{rel}","templated":true}]}}