{"id":1002,"date":"2018-03-10T10:08:09","date_gmt":"2018-03-10T09:08:09","guid":{"rendered":"http:\/\/agora.xtec.cat\/iescastelldestela\/?p=1002"},"modified":"2018-04-09T10:15:27","modified_gmt":"2018-04-09T08:15:27","slug":"v-mostra-de-treballs-de-recerca","status":"publish","type":"post","link":"https:\/\/agora.xtec.cat\/iescastelldestela\/general\/v-mostra-de-treballs-de-recerca\/","title":{"rendered":"V MOSTRA DE TREBALLS DE RECERCA"},"content":{"rendered":"<article id=\"post-2319\">\n<h1 class=\"entry-title\">Ens hem presentat a la V Edici\u00f3 MOSTRA DE TREBALLS DE\u00a0RECERCA!!!<\/h1>\n<div class=\"entry-content\">\n<p>El\u00a0 dia 10 de mar\u00e7, a la Casa de la Paraula de Santa Coloma de Farners s\u2019ha celebrat la\u00a0<strong>V Edici\u00f3 de la Mostra de Treballs de Recerca.\u00a0<\/strong>El disseny\u00a0 de la portada\u00a0 de la Mostra de Treballs de Recerca ha estat realitzat per la nostra alumna de 1r de Batxillerat art\u00edstic\u00a0<strong>Laura Esteo.<\/strong><\/p>\n<p>Hi han participat tots els Centres que formen part de la Selva I. Del nostre Centre els alumnes que hi han participat s\u00f3n:<\/p>\n<p>-MIREIA COMAJUAN FERR\u00c9S:\u00a0<strong>La cuina: Comparativa entre la tradicional i la creativa.<\/strong><\/p>\n<p>-NEUS PAG\u00c9S SELGA:\u00a0<strong>Petjades sense rastre.<\/strong><\/p>\n<p>-PAULA VALENT\u00cd SERRA:\u00a0<strong>El fuet: art, gust i tradici\u00f3.<\/strong><\/p>\n<p>A l\u2019acte hi han hagut parlaments presentats per l\u2019Elvis Mallorqu\u00ed:\u00a0 l\u2019Alcalde de St. Coloma de Farners, Sr. Joan Mart\u00ed; el Director dels Serveis Territorials d\u2019Ensenyament a Girona, Sr. Josep Polanco; la confer\u00e8ncia inaugural per part del Sr. Tavi Casellas professor de f\u00edsica i Director CRP del Giron\u00e8s i tots els alumnes han exposat una breu ressenya del seu treball. S\u2019ha acabat l\u2019acte amb un refrigeri.<\/p>\n<\/div>\n<\/article>\n<p><strong>FELICITATS A LES GUANYADORES!!!<\/strong><\/p>\n<article id=\"post-2319\"><img loading=\"lazy\" decoding=\"async\" class=\"alignnone  wp-image-3250\" src=\"https:\/\/agora.xtec.cat\/iescastelldestela\/wp-content\/uploads\/usu1648\/2018\/03\/img_20180309_141134-e1520797222423.jpg?w=213&amp;h=284\" sizes=\"auto, (max-width: 213px) 100vw, 213px\" srcset=\"https:\/\/agora.xtec.cat\/iescastelldestela\/wp-content\/uploads\/usu1648\/2018\/03\/img_20180309_141134-e1520797222423.jpg?w=213&amp;h=284 213w, https:\/\/agora.xtec.cat\/iescastelldestela\/wp-content\/uploads\/usu1648\/2018\/03\/img_20180309_141134-e1520797222423.jpg?w=426&amp;h=568 426w, https:\/\/agora.xtec.cat\/iescastelldestela\/wp-content\/uploads\/usu1648\/2018\/03\/img_20180309_141134-e1520797222423.jpg?w=113&amp;h=150 113w, https:\/\/agora.xtec.cat\/iescastelldestela\/wp-content\/uploads\/usu1648\/2018\/03\/img_20180309_141134-e1520797222423.jpg?w=225&amp;h=300 225w\" alt=\"IMG_20180309_141134\" width=\"213\" height=\"284\" data-attachment-id=\"3250\" data-permalink=\"https:\/\/institutcastelldestela.wordpress.com\/2018\/03\/10\/v-mostra-de-treballs-de-recerca\/img_20180309_141134\/\" data-orig-file=\"https:\/\/agora.xtec.cat\/iescastelldestela\/wp-content\/uploads\/usu1648\/2018\/03\/img_20180309_141134-e1520797222423.jpg\" data-orig-size=\"3024,4032\" data-comments-opened=\"0\" data-image-meta=\"{&quot;aperture&quot;:&quot;0&quot;,&quot;credit&quot;:&quot;&quot;,&quot;camera&quot;:&quot;&quot;,&quot;caption&quot;:&quot;&quot;,&quot;created_timestamp&quot;:&quot;0&quot;,&quot;copyright&quot;:&quot;&quot;,&quot;focal_length&quot;:&quot;0&quot;,&quot;iso&quot;:&quot;0&quot;,&quot;shutter_speed&quot;:&quot;0&quot;,&quot;title&quot;:&quot;&quot;,&quot;orientation&quot;:&quot;0&quot;}\" data-image-title=\"IMG_20180309_141134\" data-image-description=\"\" data-medium-file=\"https:\/\/agora.xtec.cat\/iescastelldestela\/wp-content\/uploads\/usu1648\/2018\/03\/img_20180309_141134-e1520797222423.jpg?w=225\" data-large-file=\"https:\/\/agora.xtec.cat\/iescastelldestela\/wp-content\/uploads\/usu1648\/2018\/03\/img_20180309_141134-e1520797222423.jpg?w=723\" \/><\/article>\n<article><img loading=\"lazy\" decoding=\"async\" class=\"alignnone  wp-image-3255\" src=\"https:\/\/agora.xtec.cat\/iescastelldestela\/wp-content\/uploads\/usu1648\/2018\/03\/img_20180310_123320.jpg?w=341&amp;h=256\" sizes=\"auto, (max-width: 341px) 100vw, 341px\" srcset=\"https:\/\/agora.xtec.cat\/iescastelldestela\/wp-content\/uploads\/usu1648\/2018\/03\/img_20180310_123320.jpg?w=341&amp;h=256 341w, https:\/\/agora.xtec.cat\/iescastelldestela\/wp-content\/uploads\/usu1648\/2018\/03\/img_20180310_123320.jpg?w=682&amp;h=512 682w, https:\/\/agora.xtec.cat\/iescastelldestela\/wp-content\/uploads\/usu1648\/2018\/03\/img_20180310_123320.jpg?w=150&amp;h=113 150w, https:\/\/agora.xtec.cat\/iescastelldestela\/wp-content\/uploads\/usu1648\/2018\/03\/img_20180310_123320.jpg?w=300&amp;h=225 300w\" alt=\"IMG_20180310_123320\" width=\"341\" height=\"256\" data-attachment-id=\"3255\" data-permalink=\"https:\/\/institutcastelldestela.wordpress.com\/2018\/03\/10\/v-mostra-de-treballs-de-recerca\/img_20180310_123320\/\" data-orig-file=\"https:\/\/agora.xtec.cat\/iescastelldestela\/wp-content\/uploads\/usu1648\/2018\/03\/img_20180310_123320.jpg?w=341&amp;h=256\" data-orig-size=\"4032,3024\" data-comments-opened=\"0\" data-image-meta=\"{&quot;aperture&quot;:&quot;2&quot;,&quot;credit&quot;:&quot;&quot;,&quot;camera&quot;:&quot;Nexus 5X&quot;,&quot;caption&quot;:&quot;&quot;,&quot;created_timestamp&quot;:&quot;1520685202&quot;,&quot;copyright&quot;:&quot;&quot;,&quot;focal_length&quot;:&quot;4.67&quot;,&quot;iso&quot;:&quot;130&quot;,&quot;shutter_speed&quot;:&quot;0.016671425&quot;,&quot;title&quot;:&quot;&quot;,&quot;orientation&quot;:&quot;1&quot;}\" data-image-title=\"IMG_20180310_123320\" data-image-description=\"\" data-medium-file=\"https:\/\/agora.xtec.cat\/iescastelldestela\/wp-content\/uploads\/usu1648\/2018\/03\/img_20180310_123320.jpg?w=341&amp;h=256?w=300\" data-large-file=\"https:\/\/agora.xtec.cat\/iescastelldestela\/wp-content\/uploads\/usu1648\/2018\/03\/img_20180310_123320.jpg?w=341&amp;h=256?w=723\" \/><img decoding=\"async\" class=\"alignnone size-full wp-image-3254\" src=\"https:\/\/agora.xtec.cat\/iescastelldestela\/wp-content\/uploads\/usu1648\/2018\/03\/img_20180310_122824.jpg?w=723\" sizes=\"(max-width: 723px) 100vw, 723px\" srcset=\"https:\/\/agora.xtec.cat\/iescastelldestela\/wp-content\/uploads\/usu1648\/2018\/03\/img_20180310_122824.jpg?w=723 723w, https:\/\/agora.xtec.cat\/iescastelldestela\/wp-content\/uploads\/usu1648\/2018\/03\/img_20180310_122824.jpg?w=1446 1446w, https:\/\/agora.xtec.cat\/iescastelldestela\/wp-content\/uploads\/usu1648\/2018\/03\/img_20180310_122824.jpg?w=150 150w, https:\/\/agora.xtec.cat\/iescastelldestela\/wp-content\/uploads\/usu1648\/2018\/03\/img_20180310_122824.jpg?w=300 300w, https:\/\/agora.xtec.cat\/iescastelldestela\/wp-content\/uploads\/usu1648\/2018\/03\/img_20180310_122824.jpg?w=768 768w, https:\/\/agora.xtec.cat\/iescastelldestela\/wp-content\/uploads\/usu1648\/2018\/03\/img_20180310_122824.jpg?w=1024 1024w\" alt=\"IMG_20180310_122824\" data-attachment-id=\"3254\" data-permalink=\"https:\/\/institutcastelldestela.wordpress.com\/2018\/03\/10\/v-mostra-de-treballs-de-recerca\/img_20180310_122824\/\" data-orig-file=\"https:\/\/agora.xtec.cat\/iescastelldestela\/wp-content\/uploads\/usu1648\/2018\/03\/img_20180310_122824.jpg?w=723\" data-orig-size=\"4032,3024\" data-comments-opened=\"0\" data-image-meta=\"{&quot;aperture&quot;:&quot;2&quot;,&quot;credit&quot;:&quot;&quot;,&quot;camera&quot;:&quot;Nexus 5X&quot;,&quot;caption&quot;:&quot;&quot;,&quot;created_timestamp&quot;:&quot;1520684905&quot;,&quot;copyright&quot;:&quot;&quot;,&quot;focal_length&quot;:&quot;4.67&quot;,&quot;iso&quot;:&quot;130&quot;,&quot;shutter_speed&quot;:&quot;0.016671425&quot;,&quot;title&quot;:&quot;&quot;,&quot;orientation&quot;:&quot;1&quot;}\" data-image-title=\"IMG_20180310_122824\" data-image-description=\"\" data-medium-file=\"https:\/\/agora.xtec.cat\/iescastelldestela\/wp-content\/uploads\/usu1648\/2018\/03\/img_20180310_122824.jpg?w=723?w=300\" data-large-file=\"https:\/\/agora.xtec.cat\/iescastelldestela\/wp-content\/uploads\/usu1648\/2018\/03\/img_20180310_122824.jpg?w=723?w=723\" \/><img decoding=\"async\" class=\"alignnone size-full wp-image-3253\" src=\"https:\/\/agora.xtec.cat\/iescastelldestela\/wp-content\/uploads\/usu1648\/2018\/03\/img_20180310_123029.jpg?w=723\" sizes=\"(max-width: 723px) 100vw, 723px\" srcset=\"https:\/\/agora.xtec.cat\/iescastelldestela\/wp-content\/uploads\/usu1648\/2018\/03\/img_20180310_123029.jpg?w=723 723w, https:\/\/agora.xtec.cat\/iescastelldestela\/wp-content\/uploads\/usu1648\/2018\/03\/img_20180310_123029.jpg?w=1446 1446w, https:\/\/agora.xtec.cat\/iescastelldestela\/wp-content\/uploads\/usu1648\/2018\/03\/img_20180310_123029.jpg?w=150 150w, https:\/\/agora.xtec.cat\/iescastelldestela\/wp-content\/uploads\/usu1648\/2018\/03\/img_20180310_123029.jpg?w=300 300w, https:\/\/agora.xtec.cat\/iescastelldestela\/wp-content\/uploads\/usu1648\/2018\/03\/img_20180310_123029.jpg?w=768 768w, https:\/\/agora.xtec.cat\/iescastelldestela\/wp-content\/uploads\/usu1648\/2018\/03\/img_20180310_123029.jpg?w=1024 1024w\" alt=\"IMG_20180310_123029\" data-attachment-id=\"3253\" data-permalink=\"https:\/\/institutcastelldestela.wordpress.com\/2018\/03\/10\/v-mostra-de-treballs-de-recerca\/img_20180310_123029\/\" data-orig-file=\"https:\/\/agora.xtec.cat\/iescastelldestela\/wp-content\/uploads\/usu1648\/2018\/03\/img_20180310_123029.jpg?w=723\" data-orig-size=\"4032,3024\" data-comments-opened=\"0\" data-image-meta=\"{&quot;aperture&quot;:&quot;2&quot;,&quot;credit&quot;:&quot;&quot;,&quot;camera&quot;:&quot;Nexus 5X&quot;,&quot;caption&quot;:&quot;&quot;,&quot;created_timestamp&quot;:&quot;1520685031&quot;,&quot;copyright&quot;:&quot;&quot;,&quot;focal_length&quot;:&quot;4.67&quot;,&quot;iso&quot;:&quot;72&quot;,&quot;shutter_speed&quot;:&quot;0.016671425&quot;,&quot;title&quot;:&quot;&quot;,&quot;orientation&quot;:&quot;1&quot;}\" data-image-title=\"IMG_20180310_123029\" data-image-description=\"\" data-medium-file=\"https:\/\/agora.xtec.cat\/iescastelldestela\/wp-content\/uploads\/usu1648\/2018\/03\/img_20180310_123029.jpg?w=723?w=300\" data-large-file=\"https:\/\/agora.xtec.cat\/iescastelldestela\/wp-content\/uploads\/usu1648\/2018\/03\/img_20180310_123029.jpg?w=723?w=723\" \/><\/p>\n<p><img decoding=\"async\" class=\"alignnone size-full wp-image-3252\" src=\"https:\/\/agora.xtec.cat\/iescastelldestela\/wp-content\/uploads\/usu1648\/2018\/03\/img_20180310_123101.jpg?w=723\" sizes=\"(max-width: 723px) 100vw, 723px\" srcset=\"https:\/\/agora.xtec.cat\/iescastelldestela\/wp-content\/uploads\/usu1648\/2018\/03\/img_20180310_123101.jpg?w=723 723w, https:\/\/agora.xtec.cat\/iescastelldestela\/wp-content\/uploads\/usu1648\/2018\/03\/img_20180310_123101.jpg?w=1446 1446w, https:\/\/agora.xtec.cat\/iescastelldestela\/wp-content\/uploads\/usu1648\/2018\/03\/img_20180310_123101.jpg?w=150 150w, https:\/\/agora.xtec.cat\/iescastelldestela\/wp-content\/uploads\/usu1648\/2018\/03\/img_20180310_123101.jpg?w=300 300w, https:\/\/agora.xtec.cat\/iescastelldestela\/wp-content\/uploads\/usu1648\/2018\/03\/img_20180310_123101.jpg?w=768 768w, https:\/\/agora.xtec.cat\/iescastelldestela\/wp-content\/uploads\/usu1648\/2018\/03\/img_20180310_123101.jpg?w=1024 1024w\" alt=\"IMG_20180310_123101\" data-attachment-id=\"3252\" data-permalink=\"https:\/\/institutcastelldestela.wordpress.com\/2018\/03\/10\/v-mostra-de-treballs-de-recerca\/img_20180310_123101\/\" data-orig-file=\"https:\/\/agora.xtec.cat\/iescastelldestela\/wp-content\/uploads\/usu1648\/2018\/03\/img_20180310_123101.jpg?w=723\" data-orig-size=\"4032,3024\" data-comments-opened=\"0\" data-image-meta=\"{&quot;aperture&quot;:&quot;2&quot;,&quot;credit&quot;:&quot;&quot;,&quot;camera&quot;:&quot;Nexus 5X&quot;,&quot;caption&quot;:&quot;&quot;,&quot;created_timestamp&quot;:&quot;1520685062&quot;,&quot;copyright&quot;:&quot;&quot;,&quot;focal_length&quot;:&quot;4.67&quot;,&quot;iso&quot;:&quot;91&quot;,&quot;shutter_speed&quot;:&quot;0.016671425&quot;,&quot;title&quot;:&quot;&quot;,&quot;orientation&quot;:&quot;1&quot;}\" data-image-title=\"IMG_20180310_123101\" data-image-description=\"\" data-medium-file=\"https:\/\/agora.xtec.cat\/iescastelldestela\/wp-content\/uploads\/usu1648\/2018\/03\/img_20180310_123101.jpg?w=723?w=300\" data-large-file=\"https:\/\/agora.xtec.cat\/iescastelldestela\/wp-content\/uploads\/usu1648\/2018\/03\/img_20180310_123101.jpg?w=723?w=723\" \/><\/p>\n<p><img decoding=\"async\" class=\"alignnone size-full wp-image-3251\" src=\"https:\/\/agora.xtec.cat\/iescastelldestela\/wp-content\/uploads\/usu1648\/2018\/03\/img_20180310_123046.jpg?w=723\" sizes=\"(max-width: 723px) 100vw, 723px\" srcset=\"https:\/\/agora.xtec.cat\/iescastelldestela\/wp-content\/uploads\/usu1648\/2018\/03\/img_20180310_123046.jpg?w=723 723w, https:\/\/agora.xtec.cat\/iescastelldestela\/wp-content\/uploads\/usu1648\/2018\/03\/img_20180310_123046.jpg?w=1446 1446w, https:\/\/agora.xtec.cat\/iescastelldestela\/wp-content\/uploads\/usu1648\/2018\/03\/img_20180310_123046.jpg?w=150 150w, https:\/\/agora.xtec.cat\/iescastelldestela\/wp-content\/uploads\/usu1648\/2018\/03\/img_20180310_123046.jpg?w=300 300w, https:\/\/agora.xtec.cat\/iescastelldestela\/wp-content\/uploads\/usu1648\/2018\/03\/img_20180310_123046.jpg?w=768 768w, https:\/\/agora.xtec.cat\/iescastelldestela\/wp-content\/uploads\/usu1648\/2018\/03\/img_20180310_123046.jpg?w=1024 1024w\" alt=\"IMG_20180310_123046\" data-attachment-id=\"3251\" data-permalink=\"https:\/\/institutcastelldestela.wordpress.com\/2018\/03\/10\/v-mostra-de-treballs-de-recerca\/img_20180310_123046\/\" data-orig-file=\"https:\/\/agora.xtec.cat\/iescastelldestela\/wp-content\/uploads\/usu1648\/2018\/03\/img_20180310_123046.jpg?w=723\" data-orig-size=\"4032,3024\" data-comments-opened=\"0\" data-image-meta=\"{&quot;aperture&quot;:&quot;2&quot;,&quot;credit&quot;:&quot;&quot;,&quot;camera&quot;:&quot;Nexus 5X&quot;,&quot;caption&quot;:&quot;&quot;,&quot;created_timestamp&quot;:&quot;1520685047&quot;,&quot;copyright&quot;:&quot;&quot;,&quot;focal_length&quot;:&quot;4.67&quot;,&quot;iso&quot;:&quot;76&quot;,&quot;shutter_speed&quot;:&quot;0.016671425&quot;,&quot;title&quot;:&quot;&quot;,&quot;orientation&quot;:&quot;1&quot;}\" data-image-title=\"IMG_20180310_123046\" data-image-description=\"\" data-medium-file=\"https:\/\/agora.xtec.cat\/iescastelldestela\/wp-content\/uploads\/usu1648\/2018\/03\/img_20180310_123046.jpg?w=723?w=300\" data-large-file=\"https:\/\/agora.xtec.cat\/iescastelldestela\/wp-content\/uploads\/usu1648\/2018\/03\/img_20180310_123046.jpg?w=723?w=723\" \/><\/p>\n<\/article>\n","protected":false},"excerpt":{"rendered":"<p>Ens hem presentat a la V Edici\u00f3 MOSTRA DE TREBALLS DE\u00a0RECERCA!!!<\/p>\n<p>El\u00a0 dia 10 de mar\u00e7, a la Casa de la Paraula de Santa Coloma de Farners s\u2019ha celebrat la\u00a0V Edici\u00f3 de la Mostra de Treballs de Recerca.\u00a0El disseny\u00a0 de la portada\u00a0 de la Mostra de&hellip;  <a href=\"https:\/\/agora.xtec.cat\/iescastelldestela\/general\/v-mostra-de-treballs-de-recerca\/\" title=\"Read V MOSTRA DE TREBALLS DE RECERCA\">Llegeix m\u00e9s\u00bb<\/a><\/p>\n","protected":false},"author":1,"featured_media":1003,"comment_status":"closed","ping_status":"open","sticky":false,"template":"","format":"standard","meta":{"_bbp_topic_count":0,"_bbp_reply_count":0,"_bbp_total_topic_count":0,"_bbp_total_reply_count":0,"_bbp_voice_count":0,"_bbp_anonymous_reply_count":0,"_bbp_topic_count_hidden":0,"_bbp_reply_count_hidden":0,"_bbp_forum_subforum_count":0,"footnotes":""},"categories":[1,29],"tags":[],"class_list":["post-1002","post","type-post","status-publish","format-standard","has-post-thumbnail","hentry","category-general","category-portada"],"post_mailing_queue_ids":[],"_links":{"self":[{"href":"https:\/\/agora.xtec.cat\/iescastelldestela\/wp-json\/wp\/v2\/posts\/1002","targetHints":{"allow":["GET"]}}],"collection":[{"href":"https:\/\/agora.xtec.cat\/iescastelldestela\/wp-json\/wp\/v2\/posts"}],"about":[{"href":"https:\/\/agora.xtec.cat\/iescastelldestela\/wp-json\/wp\/v2\/types\/post"}],"author":[{"embeddable":true,"href":"https:\/\/agora.xtec.cat\/iescastelldestela\/wp-json\/wp\/v2\/users\/1"}],"replies":[{"embeddable":true,"href":"https:\/\/agora.xtec.cat\/iescastelldestela\/wp-json\/wp\/v2\/comments?post=1002"}],"version-history":[{"count":1,"href":"https:\/\/agora.xtec.cat\/iescastelldestela\/wp-json\/wp\/v2\/posts\/1002\/revisions"}],"predecessor-version":[{"id":1004,"href":"https:\/\/agora.xtec.cat\/iescastelldestela\/wp-json\/wp\/v2\/posts\/1002\/revisions\/1004"}],"wp:featuredmedia":[{"embeddable":true,"href":"https:\/\/agora.xtec.cat\/iescastelldestela\/wp-json\/wp\/v2\/media\/1003"}],"wp:attachment":[{"href":"https:\/\/agora.xtec.cat\/iescastelldestela\/wp-json\/wp\/v2\/media?parent=1002"}],"wp:term":[{"taxonomy":"category","embeddable":true,"href":"https:\/\/agora.xtec.cat\/iescastelldestela\/wp-json\/wp\/v2\/categories?post=1002"},{"taxonomy":"post_tag","embeddable":true,"href":"https:\/\/agora.xtec.cat\/iescastelldestela\/wp-json\/wp\/v2\/tags?post=1002"}],"curies":[{"name":"wp","href":"https:\/\/api.w.org\/{rel}","templated":true}]}}