{"id":10005,"date":"2023-12-14T12:15:13","date_gmt":"2023-12-14T11:15:13","guid":{"rendered":"https:\/\/agora.xtec.cat\/iescastelldestela\/?p=10005"},"modified":"2023-12-15T08:56:46","modified_gmt":"2023-12-15T07:56:46","slug":"quina-de-nadal","status":"publish","type":"post","link":"https:\/\/agora.xtec.cat\/iescastelldestela\/batxillerat\/quina-de-nadal\/","title":{"rendered":"QUINA de NADAL"},"content":{"rendered":"<figure class=\"figure wp-caption aligncenter\"><img loading=\"lazy\" decoding=\"async\" class=\"size-full wp-image-10006\" src=\"https:\/\/agora.xtec.cat\/iescastelldestela\/wp-content\/uploads\/usu1648\/2023\/12\/QUINA.jpg\" alt=\"\" width=\"1080\" height=\"831\" srcset=\"https:\/\/agora.xtec.cat\/iescastelldestela\/wp-content\/uploads\/usu1648\/2023\/12\/QUINA.jpg 1080w, https:\/\/agora.xtec.cat\/iescastelldestela\/wp-content\/uploads\/usu1648\/2023\/12\/QUINA-300x231.jpg 300w, https:\/\/agora.xtec.cat\/iescastelldestela\/wp-content\/uploads\/usu1648\/2023\/12\/QUINA-1024x788.jpg 1024w, https:\/\/agora.xtec.cat\/iescastelldestela\/wp-content\/uploads\/usu1648\/2023\/12\/QUINA-768x591.jpg 768w\" sizes=\"auto, (max-width: 1080px) 100vw, 1080px\" \/><figcaption class=\"wp-caption-text\"><span style=\"font-weight: 400;\">Els alumnes de 2n de Batxillerat de l\u2019Institut Castell d\u2019Estela organitzen una Quina de Nadal el dia 23 de desembre a la sala Polivalent d\u2019Amer. L\u2019objectiu \u00e9s aconseguir diners per finan\u00e7ar el viatge de final de curs a Madrid, al mar\u00e7 del 2024.<\/span><br \/><span style=\"font-weight: 400;\">La Quina comen\u00e7ar\u00e0 a les 17 hores de la tarda i esteu convidades a participar totes les fam\u00edlies del centre i\u00a0 els amics de tothom.<\/span><br \/><span style=\"font-weight: 400;\">Us esperem amb il\u00b7lusi\u00f3. Ser\u00e0 una tarda plena de premis i de diversi\u00f3 .<\/span><br \/><span style=\"font-weight: 400;\">Alumnes de 2n de Batxillerat\u00a0\u00a0<\/span><\/figcaption><\/figure>\n<p>&nbsp;<\/p>\n<p>&nbsp;<\/p>\n","protected":false},"excerpt":{"rendered":"<p>Els alumnes de 2n de Batxillerat de l\u2019Institut Castell d\u2019Estela organitzen una Quina de Nadal el dia 23 de desembre a la sala Polivalent d\u2019Amer. L\u2019objectiu \u00e9s aconseguir diners per finan\u00e7ar el viatge de final de curs a Madrid, al mar\u00e7 del 2024.La Quina comen\u00e7ar\u00e0&hellip;  <a href=\"https:\/\/agora.xtec.cat\/iescastelldestela\/batxillerat\/quina-de-nadal\/\" title=\"Read QUINA de NADAL\">Llegeix m\u00e9s\u00bb<\/a><\/p>\n","protected":false},"author":1,"featured_media":10006,"comment_status":"open","ping_status":"closed","sticky":true,"template":"","format":"standard","meta":{"_bbp_topic_count":0,"_bbp_reply_count":0,"_bbp_total_topic_count":0,"_bbp_total_reply_count":0,"_bbp_voice_count":0,"_bbp_anonymous_reply_count":0,"_bbp_topic_count_hidden":0,"_bbp_reply_count_hidden":0,"_bbp_forum_subforum_count":0,"footnotes":""},"categories":[8,118,29],"tags":[],"class_list":["post-10005","post","type-post","status-publish","format-standard","has-post-thumbnail","hentry","category-batxillerat","category-curs-23-24","category-portada"],"post_mailing_queue_ids":[],"_links":{"self":[{"href":"https:\/\/agora.xtec.cat\/iescastelldestela\/wp-json\/wp\/v2\/posts\/10005","targetHints":{"allow":["GET"]}}],"collection":[{"href":"https:\/\/agora.xtec.cat\/iescastelldestela\/wp-json\/wp\/v2\/posts"}],"about":[{"href":"https:\/\/agora.xtec.cat\/iescastelldestela\/wp-json\/wp\/v2\/types\/post"}],"author":[{"embeddable":true,"href":"https:\/\/agora.xtec.cat\/iescastelldestela\/wp-json\/wp\/v2\/users\/1"}],"replies":[{"embeddable":true,"href":"https:\/\/agora.xtec.cat\/iescastelldestela\/wp-json\/wp\/v2\/comments?post=10005"}],"version-history":[{"count":1,"href":"https:\/\/agora.xtec.cat\/iescastelldestela\/wp-json\/wp\/v2\/posts\/10005\/revisions"}],"predecessor-version":[{"id":10007,"href":"https:\/\/agora.xtec.cat\/iescastelldestela\/wp-json\/wp\/v2\/posts\/10005\/revisions\/10007"}],"wp:featuredmedia":[{"embeddable":true,"href":"https:\/\/agora.xtec.cat\/iescastelldestela\/wp-json\/wp\/v2\/media\/10006"}],"wp:attachment":[{"href":"https:\/\/agora.xtec.cat\/iescastelldestela\/wp-json\/wp\/v2\/media?parent=10005"}],"wp:term":[{"taxonomy":"category","embeddable":true,"href":"https:\/\/agora.xtec.cat\/iescastelldestela\/wp-json\/wp\/v2\/categories?post=10005"},{"taxonomy":"post_tag","embeddable":true,"href":"https:\/\/agora.xtec.cat\/iescastelldestela\/wp-json\/wp\/v2\/tags?post=10005"}],"curies":[{"name":"wp","href":"https:\/\/api.w.org\/{rel}","templated":true}]}}