{"id":8454,"date":"2026-04-20T09:23:09","date_gmt":"2026-04-20T07:23:09","guid":{"rendered":"https:\/\/agora.xtec.cat\/iescastellbisbal\/?p=8454"},"modified":"2026-04-20T09:27:02","modified_gmt":"2026-04-20T07:27:02","slug":"lalumnat-de-2n-deso-rep-cartes-de-txequia-lamistat-continua","status":"publish","type":"post","link":"https:\/\/agora.xtec.cat\/iescastellbisbal\/general\/lalumnat-de-2n-deso-rep-cartes-de-txequia-lamistat-continua\/","title":{"rendered":"L&#8217;alumnat de 2n d&#8217;ESO rep cartes de Tx\u00e8quia: l&#8217;amistat continua!"},"content":{"rendered":"<p style=\"text-align: justify;\">Ja han arribat! Aquesta setmana, els passadissos de l\u2019Institut s\u2019han omplert d\u2019emoci\u00f3 amb l\u2019arribada d\u2019un paquet molt esperat: les cartes dels nostres companys i companyes de l\u2019escola de Vl\u010dnov, a la Rep\u00fablica Txeca.<\/p>\n<p style=\"text-align: justify;\">Aquest curs, el projecte &#8220;Penpals from Czechia&#8221; t\u00e9 un component molt especial. Com que l\u2019intercanvi va comen\u00e7ar el curs passat, els nostres alumnes de 2n d\u2019ESO s\u2019estan cartejant, per segon any consecutiu, amb els mateixos infants. Aix\u00f2 ha perm\u00e8s que la il\u00b7lusi\u00f3 per obrir el sobre fos encara m\u00e9s gran, ja que no escrivien a un desconegut, sin\u00f3 a un amic o amiga amb qui ja havien compartit experi\u00e8ncies l&#8217;any anterior.<\/p>\n<p style=\"text-align: justify;\">A trav\u00e9s d&#8217;aquestes cartes f\u00edsiques, els nois i noies no nom\u00e9s practiquen l&#8217;expressi\u00f3 escrita en llengua anglesa de manera real i funcional, sin\u00f3 que tamb\u00e9 enforteixen vincles interculturals i aprenen sobre el dia a dia a l&#8217;Europa Central.<\/p>\n<p style=\"text-align: justify;\">Aquest projecte, coordinat a trav\u00e9s de la plataforma eTwinning, demostra que la comunicaci\u00f3 tradicional per correu postal segueix tenint una m\u00e0gia \u00fanica en ple segle XXI. Ara, ja estem preparant les respostes per enviar-les cap a Vl\u010dnov!<\/p>\n<p><a href=\"https:\/\/agora.xtec.cat\/iescastellbisbal\/wp-content\/uploads\/usu1\/2026\/04\/26_cartes_txec.jpg\"><img loading=\"lazy\" decoding=\"async\" class=\"aligncenter wp-image-8456 size-medium\" src=\"https:\/\/agora.xtec.cat\/iescastellbisbal\/wp-content\/uploads\/usu1\/2026\/04\/26_cartes_txec-300x225.jpg\" alt=\"\" width=\"300\" height=\"225\" srcset=\"https:\/\/agora.xtec.cat\/iescastellbisbal\/wp-content\/uploads\/usu1\/2026\/04\/26_cartes_txec-300x225.jpg 300w, https:\/\/agora.xtec.cat\/iescastellbisbal\/wp-content\/uploads\/usu1\/2026\/04\/26_cartes_txec-768x576.jpg 768w, https:\/\/agora.xtec.cat\/iescastellbisbal\/wp-content\/uploads\/usu1\/2026\/04\/26_cartes_txec-200x150.jpg 200w, https:\/\/agora.xtec.cat\/iescastellbisbal\/wp-content\/uploads\/usu1\/2026\/04\/26_cartes_txec.jpg 800w\" sizes=\"auto, (max-width: 300px) 100vw, 300px\" \/><\/a><\/p>\n","protected":false},"excerpt":{"rendered":"<p>Ja han arribat! Aquesta setmana, els passadissos de l\u2019Institut s\u2019han omplert d\u2019emoci\u00f3 amb l\u2019arribada d\u2019un paquet molt esperat: les cartes dels nostres companys i companyes de l\u2019escola de Vl\u010dnov, a la Rep\u00fablica Txeca.<br \/>\nAquest curs, el projecte &#8220;Penpals from Czechia&#8221; t\u00e9 un component molt especial. Com&hellip;  <a href=\"https:\/\/agora.xtec.cat\/iescastellbisbal\/general\/lalumnat-de-2n-deso-rep-cartes-de-txequia-lamistat-continua\/\" title=\"Read L&#8217;alumnat de 2n d&#8217;ESO rep cartes de Tx\u00e8quia: l&#8217;amistat continua!\">Llegeix m\u00e9s\u00bb<\/a><\/p>\n","protected":false},"author":1,"featured_media":0,"comment_status":"open","ping_status":"open","sticky":false,"template":"","format":"standard","meta":{"_bbp_topic_count":0,"_bbp_reply_count":0,"_bbp_total_topic_count":0,"_bbp_total_reply_count":0,"_bbp_voice_count":0,"_bbp_anonymous_reply_count":0,"_bbp_topic_count_hidden":0,"_bbp_reply_count_hidden":0,"_bbp_forum_subforum_count":0,"footnotes":""},"categories":[1,29],"tags":[],"class_list":["post-8454","post","type-post","status-publish","format-standard","hentry","category-general","category-portada"],"post_mailing_queue_ids":[],"_links":{"self":[{"href":"https:\/\/agora.xtec.cat\/iescastellbisbal\/wp-json\/wp\/v2\/posts\/8454","targetHints":{"allow":["GET"]}}],"collection":[{"href":"https:\/\/agora.xtec.cat\/iescastellbisbal\/wp-json\/wp\/v2\/posts"}],"about":[{"href":"https:\/\/agora.xtec.cat\/iescastellbisbal\/wp-json\/wp\/v2\/types\/post"}],"author":[{"embeddable":true,"href":"https:\/\/agora.xtec.cat\/iescastellbisbal\/wp-json\/wp\/v2\/users\/1"}],"replies":[{"embeddable":true,"href":"https:\/\/agora.xtec.cat\/iescastellbisbal\/wp-json\/wp\/v2\/comments?post=8454"}],"version-history":[{"count":2,"href":"https:\/\/agora.xtec.cat\/iescastellbisbal\/wp-json\/wp\/v2\/posts\/8454\/revisions"}],"predecessor-version":[{"id":8457,"href":"https:\/\/agora.xtec.cat\/iescastellbisbal\/wp-json\/wp\/v2\/posts\/8454\/revisions\/8457"}],"wp:attachment":[{"href":"https:\/\/agora.xtec.cat\/iescastellbisbal\/wp-json\/wp\/v2\/media?parent=8454"}],"wp:term":[{"taxonomy":"category","embeddable":true,"href":"https:\/\/agora.xtec.cat\/iescastellbisbal\/wp-json\/wp\/v2\/categories?post=8454"},{"taxonomy":"post_tag","embeddable":true,"href":"https:\/\/agora.xtec.cat\/iescastellbisbal\/wp-json\/wp\/v2\/tags?post=8454"}],"curies":[{"name":"wp","href":"https:\/\/api.w.org\/{rel}","templated":true}]}}