{"id":7514,"date":"2025-02-28T09:35:33","date_gmt":"2025-02-28T08:35:33","guid":{"rendered":"https:\/\/agora.xtec.cat\/iescastellbisbal\/?p=7514"},"modified":"2025-03-07T14:01:04","modified_gmt":"2025-03-07T13:01:04","slug":"3r-deso-conversa-amb-lalcaldessa-de-castellbisbal","status":"publish","type":"post","link":"https:\/\/agora.xtec.cat\/iescastellbisbal\/general\/3r-deso-conversa-amb-lalcaldessa-de-castellbisbal\/","title":{"rendered":"3r d&#8217;ESO: conversa amb l&#8217;alcaldessa de Castellbisbal"},"content":{"rendered":"<p style=\"text-align: justify;\">El divendres 21 de febrer els alumnes de 3 ESO de l&#8217;Institut Castellbisbal van fer una sortida a l&#8217;Ajuntament de Castellbisbal, on van poder parlar amb l&#8217;alcaldessa i fer-li preguntes. Algunes de les respostes m\u00e9s habituals van ser sobre l&#8217;habitatge p\u00fablic i els joves al poble (adaptacions als parcs), que s\u00f3n el punt d&#8217;inter\u00e8s actual de l&#8217;equip de govern al municipi.<\/p>\n<p style=\"text-align: center;\"><a href=\"https:\/\/agora.xtec.cat\/iescastellbisbal\/wp-content\/uploads\/usu1\/2025\/02\/25_visita_ajuntament.jpeg\"><img loading=\"lazy\" decoding=\"async\" class=\"aligncenter wp-image-7517 size-medium\" src=\"https:\/\/agora.xtec.cat\/iescastellbisbal\/wp-content\/uploads\/usu1\/2025\/02\/25_visita_ajuntament-225x300.jpeg\" alt=\"\" width=\"225\" height=\"300\" srcset=\"https:\/\/agora.xtec.cat\/iescastellbisbal\/wp-content\/uploads\/usu1\/2025\/02\/25_visita_ajuntament-225x300.jpeg 225w, https:\/\/agora.xtec.cat\/iescastellbisbal\/wp-content\/uploads\/usu1\/2025\/02\/25_visita_ajuntament.jpeg 480w\" sizes=\"auto, (max-width: 225px) 100vw, 225px\" \/><\/a><\/p>\n<p style=\"text-align: right;\"><em>Daniel Burillo 3A<\/em><\/p>\n","protected":false},"excerpt":{"rendered":"<p>El divendres 21 de febrer els alumnes de 3 ESO de l&#8217;Institut Castellbisbal van fer una sortida a l&#8217;Ajuntament de Castellbisbal, on van poder parlar amb l&#8217;alcaldessa i fer-li preguntes. Algunes de les respostes m\u00e9s habituals van ser sobre l&#8217;habitatge p\u00fablic i els joves al&hellip;  <a href=\"https:\/\/agora.xtec.cat\/iescastellbisbal\/general\/3r-deso-conversa-amb-lalcaldessa-de-castellbisbal\/\" title=\"Read 3r d&#8217;ESO: conversa amb l&#8217;alcaldessa de Castellbisbal\">Llegeix m\u00e9s\u00bb<\/a><\/p>\n","protected":false},"author":1,"featured_media":7517,"comment_status":"open","ping_status":"closed","sticky":false,"template":"","format":"standard","meta":{"_bbp_topic_count":0,"_bbp_reply_count":0,"_bbp_total_topic_count":0,"_bbp_total_reply_count":0,"_bbp_voice_count":0,"_bbp_anonymous_reply_count":0,"_bbp_topic_count_hidden":0,"_bbp_reply_count_hidden":0,"_bbp_forum_subforum_count":0,"footnotes":""},"categories":[1,29],"tags":[],"class_list":["post-7514","post","type-post","status-publish","format-standard","has-post-thumbnail","hentry","category-general","category-portada"],"post_mailing_queue_ids":[],"_links":{"self":[{"href":"https:\/\/agora.xtec.cat\/iescastellbisbal\/wp-json\/wp\/v2\/posts\/7514","targetHints":{"allow":["GET"]}}],"collection":[{"href":"https:\/\/agora.xtec.cat\/iescastellbisbal\/wp-json\/wp\/v2\/posts"}],"about":[{"href":"https:\/\/agora.xtec.cat\/iescastellbisbal\/wp-json\/wp\/v2\/types\/post"}],"author":[{"embeddable":true,"href":"https:\/\/agora.xtec.cat\/iescastellbisbal\/wp-json\/wp\/v2\/users\/1"}],"replies":[{"embeddable":true,"href":"https:\/\/agora.xtec.cat\/iescastellbisbal\/wp-json\/wp\/v2\/comments?post=7514"}],"version-history":[{"count":4,"href":"https:\/\/agora.xtec.cat\/iescastellbisbal\/wp-json\/wp\/v2\/posts\/7514\/revisions"}],"predecessor-version":[{"id":7519,"href":"https:\/\/agora.xtec.cat\/iescastellbisbal\/wp-json\/wp\/v2\/posts\/7514\/revisions\/7519"}],"wp:featuredmedia":[{"embeddable":true,"href":"https:\/\/agora.xtec.cat\/iescastellbisbal\/wp-json\/wp\/v2\/media\/7517"}],"wp:attachment":[{"href":"https:\/\/agora.xtec.cat\/iescastellbisbal\/wp-json\/wp\/v2\/media?parent=7514"}],"wp:term":[{"taxonomy":"category","embeddable":true,"href":"https:\/\/agora.xtec.cat\/iescastellbisbal\/wp-json\/wp\/v2\/categories?post=7514"},{"taxonomy":"post_tag","embeddable":true,"href":"https:\/\/agora.xtec.cat\/iescastellbisbal\/wp-json\/wp\/v2\/tags?post=7514"}],"curies":[{"name":"wp","href":"https:\/\/api.w.org\/{rel}","templated":true}]}}